{"id":23118,"date":"2018-12-03T06:25:17","date_gmt":"2018-12-03T12:25:17","guid":{"rendered":"http:\/\/www.inces.gob.ve\/?p=23118"},"modified":"2020-05-28T20:30:06","modified_gmt":"2020-05-29T00:30:06","slug":"embajador-de-nigeria-honro-con-su-visita-a-inces-sucre-en-la-cumana-de-antano","status":"publish","type":"post","link":"https:\/\/inces.gob.ve\/index.php\/2018\/12\/03\/embajador-de-nigeria-honro-con-su-visita-a-inces-sucre-en-la-cumana-de-antano\/","title":{"rendered":"Embajador de Nigeria honr\u00f3 con su visita a Inces Sucre en la \u201cCuman\u00e1 de Anta\u00f1o\u201d"},"content":{"rendered":"<p style=\"text-align: justify;\" align=\"justify\"><em><strong>** La primera combatiente del estado, L\u00edz S\u00e1nchez de Rojas, y municipal Fremari Ortega, tambi\u00e9n dieron un saludo fraterno a la instituci\u00f3n formativa y productiva<\/strong><\/em><!--more--><\/p>\n<p style=\"text-align: justify;\" align=\"justify\"><strong>MILAGROS GUERRERO | Sucre<\/strong><\/p>\n<p style=\"text-align: justify;\" align=\"justify\">Una grata sorpresa para la gran familia Inces en el estado Sucre fue la visita sorpresiva del embajador de la Rep\u00fablica Federativa de Nigeria en Venezuela Cobham Martin Nyong, la primera combatiente de la entidad sucrense L\u00edz S\u00e1nchez de Rojas y la municipal Fremari Ortega, en la inauguraci\u00f3n de la \u201cCuman\u00e1 de Anta\u00f1o\u201d el evento m\u00e1s importante de la ciudad, en el cual, el pueblo cuman\u00e9s muestra lo mejor de su producci\u00f3n, evocando las diferentes \u00e9pocas de la historia local, regional y nacional.<\/p>\n<p align=\"justify\">\n<p align=\"justify\"><img loading=\"lazy\" decoding=\"async\" class=\"aligncenter wp-image-23120 size-full\" src=\"http:\/\/www.inces.gob.ve\/wp-content\/uploads\/2018\/12\/DtYCgNtXoAAk5jz.jpg\" alt=\"\" width=\"805\" height=\"560\" srcset=\"https:\/\/inces.gob.ve\/wp-content\/uploads\/2018\/12\/DtYCgNtXoAAk5jz.jpg 805w, https:\/\/inces.gob.ve\/wp-content\/uploads\/2018\/12\/DtYCgNtXoAAk5jz-300x209.jpg 300w, https:\/\/inces.gob.ve\/wp-content\/uploads\/2018\/12\/DtYCgNtXoAAk5jz-768x534.jpg 768w\" sizes=\"auto, (max-width: 805px) 100vw, 805px\" \/><\/p>\n<p align=\"justify\">\n<p style=\"text-align: justify;\" align=\"justify\">La gerente regional, Audin Navarro, dio la bienvenida al honorable Embajador de Nigeria y a las primeras combatientes, agradeciendo la gentileza de acercarse a Inces Sucre y apreciar la producci\u00f3n que en Panader\u00eda Artesanal (Motor Alimentario) y Servicio de Bar (Motor Turismo) muestra la instituci\u00f3n en el circuito ferial.<\/p>\n<p align=\"justify\">\n<p style=\"text-align: justify;\" align=\"justify\">La actividad se desarrolla en el marco de la celebraci\u00f3n del 503 Aniversario de la Fundaci\u00f3n de Cuman\u00e1 capital del estado Sucre, y permite revivir las costumbres sociales de los siglos XIX y XX al tiempo que toca cinco ejes tem\u00e1ticos como son la Cuman\u00e1 ancestral, colonial, independentista, republicana y pluricultural que se exhiben en los stand de las instituciones municipales, estatales y nacionales.<\/p>\n<p align=\"justify\">\n<p align=\"justify\"><img loading=\"lazy\" decoding=\"async\" class=\"aligncenter wp-image-23119 size-large\" src=\"http:\/\/www.inces.gob.ve\/wp-content\/uploads\/2018\/12\/DtYCgOPWoAEBnVQ-1024x768.jpg\" alt=\"\" width=\"640\" height=\"480\" srcset=\"https:\/\/inces.gob.ve\/wp-content\/uploads\/2018\/12\/DtYCgOPWoAEBnVQ.jpg 1024w, https:\/\/inces.gob.ve\/wp-content\/uploads\/2018\/12\/DtYCgOPWoAEBnVQ-300x225.jpg 300w, https:\/\/inces.gob.ve\/wp-content\/uploads\/2018\/12\/DtYCgOPWoAEBnVQ-768x576.jpg 768w, https:\/\/inces.gob.ve\/wp-content\/uploads\/2018\/12\/DtYCgOPWoAEBnVQ-136x102.jpg 136w\" sizes=\"auto, (max-width: 640px) 100vw, 640px\" \/><\/p>\n<p align=\"justify\">\n<p style=\"text-align: justify;\" align=\"justify\">Cabe destacar que Inces coloca al alcance de los visitantes de la fiesta \u201cCuman\u00e1 de Anta\u00f1o\u201d; en el Centro Hist\u00f3rico San Francisco; todas las ofertas formativas en los oficios productivos, impartidos desde los centros de formaci\u00f3n socialistas (CFS) Comercio, Industrial y Construcci\u00f3n del Eje Sucre.<\/p>\n<p align=\"justify\">\n<p style=\"text-align: justify;\" align=\"justify\"><strong>Vitrina m\u00e1s visitada<\/strong><\/p>\n<p style=\"text-align: justify;\" align=\"justify\">Lo hecho en Cuman\u00e1 y de manos de los j\u00f3venes del pueblo es el principal valor agregado que tiene lo elaborado por aprendices, sujetos de aprendizaje, promotores t\u00e9cnicos, maestros y el personal que labora en Inces. Obteniendo como resultado un sencillo pero lucido stand en madera, de la buena; decorado con material reciclado y mucha creatividad. Y especialmente la gentil Dama Anta\u00f1o; personificada por Xiomara de Talento Humano; que anim\u00f3 la velada haciendo de la vitrina de Inces la m\u00e1s visitada de la feria.<\/p>\n<p align=\"justify\">\n<p align=\"justify\"><img loading=\"lazy\" decoding=\"async\" class=\"aligncenter wp-image-23123 size-large\" src=\"http:\/\/www.inces.gob.ve\/wp-content\/uploads\/2018\/12\/DtcHRRNXcAA-rRC-1-1024x575.jpg\" alt=\"\" width=\"640\" height=\"359\" srcset=\"https:\/\/inces.gob.ve\/wp-content\/uploads\/2018\/12\/DtcHRRNXcAA-rRC-1.jpg 1024w, https:\/\/inces.gob.ve\/wp-content\/uploads\/2018\/12\/DtcHRRNXcAA-rRC-1-300x168.jpg 300w, https:\/\/inces.gob.ve\/wp-content\/uploads\/2018\/12\/DtcHRRNXcAA-rRC-1-768x431.jpg 768w\" sizes=\"auto, (max-width: 640px) 100vw, 640px\" \/><\/p>\n<p align=\"justify\">\n<p style=\"text-align: justify;\" align=\"justify\">Otros personajes de la urbe moderna del siglo XXI fueron Ram\u00f3n Vivas, Jos\u00e9 Tovar y William Bracamonte, propietarios de NVH TV, Guacharaca FM, Centeno FM y medios digitales, respectivamente, quienes degustaron la excelencia en Servicio de Bar que los estudiantes de ese curso llevaron con tragos tradicionales a la \u201cCuman\u00e1 de Anta\u00f1o\u201d.<\/p>\n<p align=\"justify\">\n<p style=\"text-align: justify;\" align=\"justify\">No se hicieron esperar las fotograf\u00edas a las reinitas de la casa, que ataviadas a la usanza de tiempos de la independencia, hicieron del stand de Inces el escenario para la foto del recuerdo de la edici\u00f3n.<\/p>\n<p align=\"justify\">\n<p align=\"justify\">\n<p style=\"text-align: justify;\" align=\"justify\">Hay que destacar que la organizaci\u00f3n del evento est\u00e1 a cargo de Fremari Ortega primera combatiente del municipio Sucre y de un equipo multidisciplinario, en el cual, la instituci\u00f3n fue invitada a participar con su muestra productiva.<\/p>\n","protected":false},"excerpt":{"rendered":"<p>** La primera combatiente del estado, L\u00edz S\u00e1nchez de Rojas, y municipal Fremari Ortega, tambi\u00e9n dieron un saludo fraterno a la instituci\u00f3n formativa y productiva<\/p>\n","protected":false},"author":4,"featured_media":23122,"comment_status":"closed","ping_status":"open","sticky":false,"template":"","format":"standard","meta":{"footnotes":""},"categories":[2],"tags":[],"class_list":["post-23118","post","type-post","status-publish","format-standard","has-post-thumbnail","hentry","category-blog"],"_links":{"self":[{"href":"https:\/\/inces.gob.ve\/index.php\/wp-json\/wp\/v2\/posts\/23118","targetHints":{"allow":["GET"]}}],"collection":[{"href":"https:\/\/inces.gob.ve\/index.php\/wp-json\/wp\/v2\/posts"}],"about":[{"href":"https:\/\/inces.gob.ve\/index.php\/wp-json\/wp\/v2\/types\/post"}],"author":[{"embeddable":true,"href":"https:\/\/inces.gob.ve\/index.php\/wp-json\/wp\/v2\/users\/4"}],"replies":[{"embeddable":true,"href":"https:\/\/inces.gob.ve\/index.php\/wp-json\/wp\/v2\/comments?post=23118"}],"version-history":[{"count":1,"href":"https:\/\/inces.gob.ve\/index.php\/wp-json\/wp\/v2\/posts\/23118\/revisions"}],"predecessor-version":[{"id":23124,"href":"https:\/\/inces.gob.ve\/index.php\/wp-json\/wp\/v2\/posts\/23118\/revisions\/23124"}],"wp:featuredmedia":[{"embeddable":true,"href":"https:\/\/inces.gob.ve\/index.php\/wp-json\/wp\/v2\/media\/23122"}],"wp:attachment":[{"href":"https:\/\/inces.gob.ve\/index.php\/wp-json\/wp\/v2\/media?parent=23118"}],"wp:term":[{"taxonomy":"category","embeddable":true,"href":"https:\/\/inces.gob.ve\/index.php\/wp-json\/wp\/v2\/categories?post=23118"},{"taxonomy":"post_tag","embeddable":true,"href":"https:\/\/inces.gob.ve\/index.php\/wp-json\/wp\/v2\/tags?post=23118"}],"curies":[{"name":"wp","href":"https:\/\/api.w.org\/{rel}","templated":true}]}}