{"id":23208,"date":"2018-12-05T07:10:30","date_gmt":"2018-12-05T13:10:30","guid":{"rendered":"http:\/\/www.inces.gob.ve\/?p=23208"},"modified":"2020-05-28T20:33:26","modified_gmt":"2020-05-29T00:33:26","slug":"19-mujeres-culminaron-curso-de-confeccion-y-elaboracion-de-bolso-en-inces","status":"publish","type":"post","link":"https:\/\/inces.gob.ve\/index.php\/2018\/12\/05\/19-mujeres-culminaron-curso-de-confeccion-y-elaboracion-de-bolso-en-inces\/","title":{"rendered":"19 mujeres culminaron curso de confecci\u00f3n y elaboraci\u00f3n de bolso en Inces"},"content":{"rendered":"<p align=\"justify\"><i><b>*** Durante su preparaci\u00f3n elaboraron m\u00e1s de 500 piezas, entre las que se destacaron no solo carteras y morrales, sino adem\u00e1s billeteras, porta cosm\u00e9ticos, cartucheras, porta botellas, entre otros productos<\/b><\/i><!--more--><\/p>\n<p align=\"justify\">\n<p align=\"justify\"><b>FRANCIS MORENO <\/b><b>| Nueva Esparta<\/b><\/p>\n<p align=\"justify\">El Inces en Nueva Esparta una vez m\u00e1s logr\u00f3 concretar la formaci\u00f3n profesional de 19 mujeres en la elaboraci\u00f3n y confecci\u00f3n de bolsos y morrales en la comunidad de Paraguach\u00ed, municipio Antol\u00edn del Campo.<\/p>\n<p align=\"justify\">\n<p align=\"justify\"><img loading=\"lazy\" decoding=\"async\" class=\"aligncenter wp-image-23210 size-large\" src=\"http:\/\/www.inces.gob.ve\/wp-content\/uploads\/2018\/12\/foto3-1024x576.jpg\" alt=\"\" width=\"640\" height=\"360\" srcset=\"https:\/\/inces.gob.ve\/wp-content\/uploads\/2018\/12\/foto3-1024x576.jpg 1024w, https:\/\/inces.gob.ve\/wp-content\/uploads\/2018\/12\/foto3-300x169.jpg 300w, https:\/\/inces.gob.ve\/wp-content\/uploads\/2018\/12\/foto3-768x432.jpg 768w\" sizes=\"auto, (max-width: 640px) 100vw, 640px\" \/><\/p>\n<p align=\"justify\">\n<p align=\"justify\">Estas nuevas emprendedoras a las cuales el Inces les acredit\u00f3 su aprendizaje, fueron instruidas durante 226 horas por la promotora t\u00e9cnico productiva Tomasa Acosta. Durante ese tiempo elaboraron m\u00e1s de 500 piezas entre las que se destacan no solo carteras y morrales, sino adem\u00e1s billeteras, porta cosm\u00e9ticos, cartucheras, porta botellas, entre otros productos.<\/p>\n<p align=\"justify\">\n<p align=\"justify\"><img loading=\"lazy\" decoding=\"async\" class=\"aligncenter wp-image-23213 size-large\" src=\"http:\/\/www.inces.gob.ve\/wp-content\/uploads\/2018\/12\/foto-4-1024x576.jpg\" alt=\"\" width=\"640\" height=\"360\" srcset=\"https:\/\/inces.gob.ve\/wp-content\/uploads\/2018\/12\/foto-4-1024x576.jpg 1024w, https:\/\/inces.gob.ve\/wp-content\/uploads\/2018\/12\/foto-4-300x169.jpg 300w, https:\/\/inces.gob.ve\/wp-content\/uploads\/2018\/12\/foto-4-768x432.jpg 768w\" sizes=\"auto, (max-width: 640px) 100vw, 640px\" \/><\/p>\n<p align=\"justify\">\n<p align=\"justify\">En representaci\u00f3n del gerente regional de la instituci\u00f3n socialista, Alex Andarcia, estuvo presente la jefe de Formaci\u00f3n Profesional Laurie Zabala, quien durante su intervenci\u00f3n felicit\u00f3 a las egresadas y las inst\u00f3 a involucrarse en un proyecto productivo que les permita su crecimiento personal y a su vez contribuya con el desarrollo de Venezuela.<\/p>\n<p align=\"justify\">\n<p align=\"justify\"><img loading=\"lazy\" decoding=\"async\" class=\"aligncenter wp-image-23212 size-large\" src=\"http:\/\/www.inces.gob.ve\/wp-content\/uploads\/2018\/12\/foto-2-1024x576.jpg\" alt=\"\" width=\"640\" height=\"360\" srcset=\"https:\/\/inces.gob.ve\/wp-content\/uploads\/2018\/12\/foto-2-1024x576.jpg 1024w, https:\/\/inces.gob.ve\/wp-content\/uploads\/2018\/12\/foto-2-300x169.jpg 300w, https:\/\/inces.gob.ve\/wp-content\/uploads\/2018\/12\/foto-2-768x432.jpg 768w\" sizes=\"auto, (max-width: 640px) 100vw, 640px\" \/>\n<\/p>\n<p align=\"justify\">En ese sentido, resalt\u00f3 Zabala, que desde el Inces se sigue formando a quienes tienen el deseo de aprender, al tiempo que subray\u00f3 que a pesar de las dificultades existententes se contin\u00faa luchando y apostando por el pa\u00eds.<\/p>\n<p align=\"justify\">\n<p align=\"justify\"><b>Emprendedoras contentas y agradecidas<\/b><\/p>\n<p align=\"justify\">Carmen Aguilera, una de las favorecidas con el curso, expres\u00f3 su agradecimiento por la formaci\u00f3n que recibi\u00f3 por parte del Inces, por cuanto seg\u00fan sus propias palabras nunca nadie le hab\u00eda brindado la oportunidad de aprender, \u201che logrado hacer cosas que no hab\u00eda imaginado, gracias por la ense\u00f1anza\u201d, apunt\u00f3.<\/p>\n<p align=\"justify\">\n<p align=\"justify\"><img loading=\"lazy\" decoding=\"async\" class=\"aligncenter wp-image-23209 size-large\" src=\"http:\/\/www.inces.gob.ve\/wp-content\/uploads\/2018\/12\/carmen-Aguilera-1024x576.jpg\" alt=\"\" width=\"640\" height=\"360\" srcset=\"https:\/\/inces.gob.ve\/wp-content\/uploads\/2018\/12\/carmen-Aguilera-1024x576.jpg 1024w, https:\/\/inces.gob.ve\/wp-content\/uploads\/2018\/12\/carmen-Aguilera-300x169.jpg 300w, https:\/\/inces.gob.ve\/wp-content\/uploads\/2018\/12\/carmen-Aguilera-768x432.jpg 768w\" sizes=\"auto, (max-width: 640px) 100vw, 640px\" \/><\/p>\n<p align=\"justify\">\n<p align=\"justify\">De manera similar manifest\u00f3 Miriam Arenas, tras se\u00f1alar \u201cestoy contenta y complacida porque nunca pens\u00e9 lograr realizar cosas bellas, gracias al Inces por el apoyo a la comunidad, deseo que con este aprendizaje sigamos adelante con este gran logro\u201d.<\/p>\n<p align=\"justify\">\n<p align=\"justify\"><img loading=\"lazy\" decoding=\"async\" class=\"aligncenter wp-image-23214 size-large\" src=\"http:\/\/www.inces.gob.ve\/wp-content\/uploads\/2018\/12\/Mirian-Arenas-1024x576.jpg\" alt=\"\" width=\"640\" height=\"360\" srcset=\"https:\/\/inces.gob.ve\/wp-content\/uploads\/2018\/12\/Mirian-Arenas-1024x576.jpg 1024w, https:\/\/inces.gob.ve\/wp-content\/uploads\/2018\/12\/Mirian-Arenas-300x169.jpg 300w, https:\/\/inces.gob.ve\/wp-content\/uploads\/2018\/12\/Mirian-Arenas-768x432.jpg 768w\" sizes=\"auto, (max-width: 640px) 100vw, 640px\" \/><\/p>\n<p align=\"justify\">\n","protected":false},"excerpt":{"rendered":"<p>*** Durante su preparaci\u00f3n elaboraron m\u00e1s de 500 piezas, entre las que se destacaron no solo carteras y morrales, sino adem\u00e1s billeteras, porta cosm\u00e9ticos, cartucheras, porta botellas, entre otros productos<\/p>\n","protected":false},"author":4,"featured_media":23211,"comment_status":"closed","ping_status":"open","sticky":false,"template":"","format":"standard","meta":{"footnotes":""},"categories":[2],"tags":[],"class_list":["post-23208","post","type-post","status-publish","format-standard","has-post-thumbnail","hentry","category-blog"],"_links":{"self":[{"href":"https:\/\/inces.gob.ve\/index.php\/wp-json\/wp\/v2\/posts\/23208","targetHints":{"allow":["GET"]}}],"collection":[{"href":"https:\/\/inces.gob.ve\/index.php\/wp-json\/wp\/v2\/posts"}],"about":[{"href":"https:\/\/inces.gob.ve\/index.php\/wp-json\/wp\/v2\/types\/post"}],"author":[{"embeddable":true,"href":"https:\/\/inces.gob.ve\/index.php\/wp-json\/wp\/v2\/users\/4"}],"replies":[{"embeddable":true,"href":"https:\/\/inces.gob.ve\/index.php\/wp-json\/wp\/v2\/comments?post=23208"}],"version-history":[{"count":1,"href":"https:\/\/inces.gob.ve\/index.php\/wp-json\/wp\/v2\/posts\/23208\/revisions"}],"predecessor-version":[{"id":23215,"href":"https:\/\/inces.gob.ve\/index.php\/wp-json\/wp\/v2\/posts\/23208\/revisions\/23215"}],"wp:featuredmedia":[{"embeddable":true,"href":"https:\/\/inces.gob.ve\/index.php\/wp-json\/wp\/v2\/media\/23211"}],"wp:attachment":[{"href":"https:\/\/inces.gob.ve\/index.php\/wp-json\/wp\/v2\/media?parent=23208"}],"wp:term":[{"taxonomy":"category","embeddable":true,"href":"https:\/\/inces.gob.ve\/index.php\/wp-json\/wp\/v2\/categories?post=23208"},{"taxonomy":"post_tag","embeddable":true,"href":"https:\/\/inces.gob.ve\/index.php\/wp-json\/wp\/v2\/tags?post=23208"}],"curies":[{"name":"wp","href":"https:\/\/api.w.org\/{rel}","templated":true}]}}