{"id":23227,"date":"2018-12-05T08:09:57","date_gmt":"2018-12-05T14:09:57","guid":{"rendered":"http:\/\/www.inces.gob.ve\/?p=23227"},"modified":"2020-05-28T20:30:05","modified_gmt":"2020-05-29T00:30:05","slug":"aprendices-larenses-culminan-formacion-con-proyecto-comunitario-dirigido-a-personas-con-discapacidad","status":"publish","type":"post","link":"https:\/\/inces.gob.ve\/index.php\/2018\/12\/05\/aprendices-larenses-culminan-formacion-con-proyecto-comunitario-dirigido-a-personas-con-discapacidad\/","title":{"rendered":"Aprendices larenses culminan formaci\u00f3n con proyecto comunitario dirigido a personas con discapacidad"},"content":{"rendered":"<p align=\"justify\"><i><b>** El Gobierno Revolucionario respeta a las personas con discapacidad el derecho al bienestar y a la inclusi\u00f3n en todos los \u00e1mbitos de la sociedad <\/b><\/i><!--more--><\/p>\n<p align=\"justify\"><b>NERIO MONTERO | Lara <\/b><\/p>\n<p align=\"justify\">Sensibilizados por el amor, el respeto y la solidaridad como uno de los principios humanistas del Inces, 13 j\u00f3venes egresados del Programa Nacional de Aprendizaje (PNA) y de la Gran Misi\u00f3n Chamba Juvenil organizaron un proyecto comunitario dirigido a ni\u00f1os y adolescentes del Centro de Atenci\u00f3n Integral para Personas con Par\u00e1lisis Cerebral, ubicado en la comunidad San Jos\u00e9 de Barquisimeto.<\/p>\n<p align=\"justify\">\n<p align=\"justify\">En la actividad, propicia para conmemorar el D\u00eda Internacional de las Personas con Discapacidad, el grupo de aprendices, formados durante dos a\u00f1os, con el apoyo del Banco Bicentenario en los oficios Asistente Administrativo y Bancario, dibujaron sonrisas en ni\u00f1os y adolescentes con par\u00e1lisis cerebral y discapacidad motora, a trav\u00e9s de pintacaritas y juegos did\u00e1cticos y recreativos<\/p>\n<p align=\"justify\">\n<img loading=\"lazy\" decoding=\"async\" class=\"aligncenter wp-image-23228 size-large\" src=\"http:\/\/www.inces.gob.ve\/wp-content\/uploads\/2018\/12\/333333-768x1024.jpg\" alt=\"\" width=\"640\" height=\"853\" srcset=\"https:\/\/inces.gob.ve\/wp-content\/uploads\/2018\/12\/333333-768x1024.jpg 768w, https:\/\/inces.gob.ve\/wp-content\/uploads\/2018\/12\/333333-225x300.jpg 225w, https:\/\/inces.gob.ve\/wp-content\/uploads\/2018\/12\/333333-576x768.jpg 576w, https:\/\/inces.gob.ve\/wp-content\/uploads\/2018\/12\/333333.jpg 810w\" sizes=\"auto, (max-width: 640px) 100vw, 640px\" \/><\/p>\n<p align=\"justify\">\n<p align=\"justify\">Para los aprendices Mar\u00eda Garrido, Daneska Mendoza, Yenifer Pe\u00f1a y Eliezer Mart\u00ednez el Inces no solo les dio las herramientas t\u00e9cnicas en el oficio, sino que les ense\u00f1\u00f3 y motiv\u00f3 a asumir compromiso como profesionales con perfil humanista. Los muchachos recordaron que accedieron al PNA, a trav\u00e9s de Chamba Juvenil, misi\u00f3n creada por el presidente Nicol\u00e1s Maduro.<\/p>\n<p align=\"justify\">\n<p align=\"justify\">Agradecida se mostr\u00f3 Isbelia Gu\u00e9dez, directora del Centro de Atenci\u00f3n Integral, reacondicionado recientemente por la Gobernaci\u00f3n Bolivariana del estado Lara, quien destac\u00f3 que con el proyecto comunitario, la juventud que estudia y trabaja con el Inces expresa su amor y respeto por el pr\u00f3jimo.<\/p>\n<p align=\"justify\">\n<p align=\"justify\"><img loading=\"lazy\" decoding=\"async\" class=\"aligncenter wp-image-23230 size-large\" src=\"http:\/\/www.inces.gob.ve\/wp-content\/uploads\/2018\/12\/1111111-1024x768.jpg\" alt=\"\" width=\"640\" height=\"480\" srcset=\"https:\/\/inces.gob.ve\/wp-content\/uploads\/2018\/12\/1111111-1024x768.jpg 1024w, https:\/\/inces.gob.ve\/wp-content\/uploads\/2018\/12\/1111111-300x225.jpg 300w, https:\/\/inces.gob.ve\/wp-content\/uploads\/2018\/12\/1111111-768x576.jpg 768w, https:\/\/inces.gob.ve\/wp-content\/uploads\/2018\/12\/1111111-136x102.jpg 136w, https:\/\/inces.gob.ve\/wp-content\/uploads\/2018\/12\/1111111.jpg 1080w\" sizes=\"auto, (max-width: 640px) 100vw, 640px\" \/><\/p>\n<p align=\"justify\">\n<p align=\"justify\">El acompa\u00f1amiento formativo del grupo de 13 participantes, egresado del PNA, estuvo a cargo de Said Jer\u00e9z, quien reconoce que en tiempos de Revoluci\u00f3n la juventud tiene la oportunidad de formarse para el trabajo productivo.<\/p>\n<p align=\"justify\">\n<p align=\"justify\">\n","protected":false},"excerpt":{"rendered":"<p>** El Gobierno Revolucionario respeta a las personas con discapacidad el derecho al bienestar y a la inclusi\u00f3n en todos los \u00e1mbitos de la sociedad<\/p>\n","protected":false},"author":4,"featured_media":23229,"comment_status":"closed","ping_status":"open","sticky":false,"template":"","format":"standard","meta":{"footnotes":""},"categories":[2],"tags":[],"class_list":["post-23227","post","type-post","status-publish","format-standard","has-post-thumbnail","hentry","category-blog"],"_links":{"self":[{"href":"https:\/\/inces.gob.ve\/index.php\/wp-json\/wp\/v2\/posts\/23227","targetHints":{"allow":["GET"]}}],"collection":[{"href":"https:\/\/inces.gob.ve\/index.php\/wp-json\/wp\/v2\/posts"}],"about":[{"href":"https:\/\/inces.gob.ve\/index.php\/wp-json\/wp\/v2\/types\/post"}],"author":[{"embeddable":true,"href":"https:\/\/inces.gob.ve\/index.php\/wp-json\/wp\/v2\/users\/4"}],"replies":[{"embeddable":true,"href":"https:\/\/inces.gob.ve\/index.php\/wp-json\/wp\/v2\/comments?post=23227"}],"version-history":[{"count":1,"href":"https:\/\/inces.gob.ve\/index.php\/wp-json\/wp\/v2\/posts\/23227\/revisions"}],"predecessor-version":[{"id":23231,"href":"https:\/\/inces.gob.ve\/index.php\/wp-json\/wp\/v2\/posts\/23227\/revisions\/23231"}],"wp:featuredmedia":[{"embeddable":true,"href":"https:\/\/inces.gob.ve\/index.php\/wp-json\/wp\/v2\/media\/23229"}],"wp:attachment":[{"href":"https:\/\/inces.gob.ve\/index.php\/wp-json\/wp\/v2\/media?parent=23227"}],"wp:term":[{"taxonomy":"category","embeddable":true,"href":"https:\/\/inces.gob.ve\/index.php\/wp-json\/wp\/v2\/categories?post=23227"},{"taxonomy":"post_tag","embeddable":true,"href":"https:\/\/inces.gob.ve\/index.php\/wp-json\/wp\/v2\/tags?post=23227"}],"curies":[{"name":"wp","href":"https:\/\/api.w.org\/{rel}","templated":true}]}}