{"id":23270,"date":"2018-12-05T09:32:28","date_gmt":"2018-12-05T15:32:28","guid":{"rendered":"http:\/\/www.inces.gob.ve\/?p=23270"},"modified":"2020-05-28T20:30:05","modified_gmt":"2020-05-29T00:30:05","slug":"coro-del-instituto-de-educacion-especial-sucre-alegra-con-parrandas-inicio-de-navidad-en-inces","status":"publish","type":"post","link":"https:\/\/inces.gob.ve\/index.php\/2018\/12\/05\/coro-del-instituto-de-educacion-especial-sucre-alegra-con-parrandas-inicio-de-navidad-en-inces\/","title":{"rendered":"Coro del Instituto de Educaci\u00f3n Especial Sucre alegra con parrandas inicio de Navidad en Inces"},"content":{"rendered":"<p align=\"justify\"><i><b>*** La velada matutina empez\u00f3 con el canto de los aprendices del PNA que activaron la alegr\u00eda con aguinaldos y una parrandita decembrina<\/b><\/i><!--more--><\/p>\n<p align=\"justify\"><b>MILAGROS GUERRERO | Sucre<\/b><\/p>\n<p align=\"justify\">En el marco de la celebraci\u00f3n del D\u00eda Internacional de las Personas con Discapacidad, el Inces en el estado Sucre tuvo como invitado de honor al coro navide\u00f1o del \u201cInstituto de Educaci\u00f3n Especial Sucre\u201d, que compartiendo escenario con la parrandita de los aprendices del Programa Nacional de Aprendizaje (PNA) dieron inicio a la navidad, tiempo que une a la familia para rememorar el nacimiento del Ni\u00f1o Dios.<\/p>\n<p align=\"justify\">De entrada los aprendices, con su algarab\u00eda juvenil, cantando dieron el grito de navidad con una parranda que recorri\u00f3 las instalaciones de la sede regional de Inces Sucre para encontrarse, en la placita, con el grupo de 29 personas con discapacidad entre ni\u00f1os, ni\u00f1as, adolescentes y adultos; que tambi\u00e9n fueron agasajados en su d\u00eda con aplausos y v\u00edtores de los presentes, entre el personal obrero, administrativo y docente que asistieron a la actividad; as\u00ed como de los funcionarios de las instituciones que a\u00fan est\u00e1n dentro del espacio f\u00edsico de Inces.<\/p>\n<p align=\"justify\"><img loading=\"lazy\" decoding=\"async\" class=\"aligncenter wp-image-23272 size-large\" src=\"http:\/\/www.inces.gob.ve\/wp-content\/uploads\/2018\/12\/6-1024x576.jpeg\" alt=\"\" width=\"640\" height=\"360\" srcset=\"https:\/\/inces.gob.ve\/wp-content\/uploads\/2018\/12\/6-1024x576.jpeg 1024w, https:\/\/inces.gob.ve\/wp-content\/uploads\/2018\/12\/6-300x169.jpeg 300w, https:\/\/inces.gob.ve\/wp-content\/uploads\/2018\/12\/6-768x432.jpeg 768w, https:\/\/inces.gob.ve\/wp-content\/uploads\/2018\/12\/6.jpeg 1080w\" sizes=\"auto, (max-width: 640px) 100vw, 640px\" \/><\/p>\n<p align=\"justify\">Fuego al Ca\u00f1\u00f3n, Ni\u00f1o Lindo, Tunt\u00fan.. \u00bfqui\u00e9n es?, entre otros temas del repertorio navide\u00f1o venezolano, fueron interpretados por el coro de ni\u00f1os con discapacidad del Instituto Sucre. Al final se entrelazaron las voces de los aprendices del PNA con la m\u00fasica y voces de los infantes, resultando un gran parrand\u00f3n que alegr\u00f3 la velada matutina.<\/p>\n<p align=\"justify\">\n<p align=\"justify\"><img loading=\"lazy\" decoding=\"async\" class=\"aligncenter wp-image-23273 size-large\" src=\"http:\/\/www.inces.gob.ve\/wp-content\/uploads\/2018\/12\/7-1024x576.jpeg\" alt=\"\" width=\"640\" height=\"360\" srcset=\"https:\/\/inces.gob.ve\/wp-content\/uploads\/2018\/12\/7-1024x576.jpeg 1024w, https:\/\/inces.gob.ve\/wp-content\/uploads\/2018\/12\/7-300x169.jpeg 300w, https:\/\/inces.gob.ve\/wp-content\/uploads\/2018\/12\/7-768x432.jpeg 768w, https:\/\/inces.gob.ve\/wp-content\/uploads\/2018\/12\/7.jpeg 1080w\" sizes=\"auto, (max-width: 640px) 100vw, 640px\" \/><\/p>\n<p align=\"justify\">\n<p align=\"justify\">La organizaci\u00f3n, ensayos y selecci\u00f3n del repertorio estuvo a cargo de las profesoras Narvis Carrera y Magyubelis Galant\u00f3n, quienes en muy corto tiempo de preparaci\u00f3n lograron sacar lo mejor de las bellas voces de los aprendices de PNA, quienes se motivaron a participar en la actividad cultural marcando el inicio de la Navidad en la instituci\u00f3n.<\/p>\n","protected":false},"excerpt":{"rendered":"<p>*** La velada matutina empez\u00f3 con el canto de los aprendices del PNA que activaron la alegr\u00eda con aguinaldos y una parrandita decembrina<\/p>\n","protected":false},"author":4,"featured_media":23273,"comment_status":"closed","ping_status":"open","sticky":false,"template":"","format":"standard","meta":{"footnotes":""},"categories":[2],"tags":[],"class_list":["post-23270","post","type-post","status-publish","format-standard","has-post-thumbnail","hentry","category-blog"],"_links":{"self":[{"href":"https:\/\/inces.gob.ve\/index.php\/wp-json\/wp\/v2\/posts\/23270","targetHints":{"allow":["GET"]}}],"collection":[{"href":"https:\/\/inces.gob.ve\/index.php\/wp-json\/wp\/v2\/posts"}],"about":[{"href":"https:\/\/inces.gob.ve\/index.php\/wp-json\/wp\/v2\/types\/post"}],"author":[{"embeddable":true,"href":"https:\/\/inces.gob.ve\/index.php\/wp-json\/wp\/v2\/users\/4"}],"replies":[{"embeddable":true,"href":"https:\/\/inces.gob.ve\/index.php\/wp-json\/wp\/v2\/comments?post=23270"}],"version-history":[{"count":2,"href":"https:\/\/inces.gob.ve\/index.php\/wp-json\/wp\/v2\/posts\/23270\/revisions"}],"predecessor-version":[{"id":23275,"href":"https:\/\/inces.gob.ve\/index.php\/wp-json\/wp\/v2\/posts\/23270\/revisions\/23275"}],"wp:featuredmedia":[{"embeddable":true,"href":"https:\/\/inces.gob.ve\/index.php\/wp-json\/wp\/v2\/media\/23273"}],"wp:attachment":[{"href":"https:\/\/inces.gob.ve\/index.php\/wp-json\/wp\/v2\/media?parent=23270"}],"wp:term":[{"taxonomy":"category","embeddable":true,"href":"https:\/\/inces.gob.ve\/index.php\/wp-json\/wp\/v2\/categories?post=23270"},{"taxonomy":"post_tag","embeddable":true,"href":"https:\/\/inces.gob.ve\/index.php\/wp-json\/wp\/v2\/tags?post=23270"}],"curies":[{"name":"wp","href":"https:\/\/api.w.org\/{rel}","templated":true}]}}