{"id":23276,"date":"2018-12-05T09:38:15","date_gmt":"2018-12-05T15:38:15","guid":{"rendered":"http:\/\/www.inces.gob.ve\/?p=23276"},"modified":"2020-05-28T20:30:05","modified_gmt":"2020-05-29T00:30:05","slug":"participantes-de-terrazas-de-paya-en-turmero-socializaron-lo-aprendido-en-tres-oficios-productivos","status":"publish","type":"post","link":"https:\/\/inces.gob.ve\/index.php\/2018\/12\/05\/participantes-de-terrazas-de-paya-en-turmero-socializaron-lo-aprendido-en-tres-oficios-productivos\/","title":{"rendered":"Participantes de Terrazas de Paya en Turmero socializaron lo aprendido en tres oficios productivos"},"content":{"rendered":"<p align=\"justify\"><i><b>** Recibieron sus constancias de culminaci\u00f3n en corte de cabello, barber\u00eda, peluquer\u00eda y seguridad en el ambiente de trabajo<\/b><\/i><!--more--><\/p>\n<p align=\"justify\">\n<p align=\"justify\"><strong>MAR\u00cdA VER\u00d3NICA MOLINA | Aragua <\/strong><\/p>\n<p align=\"justify\">Participantes de los cursos Corte de Cabello, Barber\u00eda y Seguridad en el Ambiente de Trabajo de la comunidad de Terrazas de Paya, en Turmero, socializaron sus saberes como parte del cierre de curso dictado por la promotora t\u00e9cnica productiva (PTP) Milagros Nieves, del centro de formaci\u00f3n socialista (CFS) Escuela Pr\u00e1ctica de Agricultura \u201cLa Providencia\u201d.<\/p>\n<p align=\"justify\">\n<p align=\"justify\"><img loading=\"lazy\" decoding=\"async\" class=\"aligncenter wp-image-23277 size-large\" src=\"http:\/\/www.inces.gob.ve\/wp-content\/uploads\/2018\/12\/20181129_113029-1024x768.jpg\" alt=\"\" width=\"640\" height=\"480\" srcset=\"https:\/\/inces.gob.ve\/wp-content\/uploads\/2018\/12\/20181129_113029-1024x768.jpg 1024w, https:\/\/inces.gob.ve\/wp-content\/uploads\/2018\/12\/20181129_113029-300x225.jpg 300w, https:\/\/inces.gob.ve\/wp-content\/uploads\/2018\/12\/20181129_113029-768x576.jpg 768w, https:\/\/inces.gob.ve\/wp-content\/uploads\/2018\/12\/20181129_113029-136x102.jpg 136w\" sizes=\"auto, (max-width: 640px) 100vw, 640px\" \/><\/p>\n<p align=\"justify\">\n<p align=\"justify\">Desde la casa de Nieves, donde ofrece sus conocimientos al pueblo, los j\u00f3venes y adultos aprendieron durante 266 horas las t\u00e9cnicas de corte (dama y caballero), peinado, barber\u00eda, adem\u00e1s de te\u00f1ir el cabello ya sea con mechas, reflejos o completo con variedad de colores.<\/p>\n<p align=\"justify\">\n<p align=\"justify\"><img loading=\"lazy\" decoding=\"async\" class=\"aligncenter wp-image-23278 size-large\" src=\"http:\/\/www.inces.gob.ve\/wp-content\/uploads\/2018\/12\/20181129_114505-1024x768.jpg\" alt=\"\" width=\"640\" height=\"480\" srcset=\"https:\/\/inces.gob.ve\/wp-content\/uploads\/2018\/12\/20181129_114505-1024x768.jpg 1024w, https:\/\/inces.gob.ve\/wp-content\/uploads\/2018\/12\/20181129_114505-300x225.jpg 300w, https:\/\/inces.gob.ve\/wp-content\/uploads\/2018\/12\/20181129_114505-768x576.jpg 768w, https:\/\/inces.gob.ve\/wp-content\/uploads\/2018\/12\/20181129_114505-136x102.jpg 136w\" sizes=\"auto, (max-width: 640px) 100vw, 640px\" \/>\n<\/p>\n<p align=\"justify\">En el transcurso de la actividad, una de las participantes tom\u00f3 como modelo a uno de los supervisores de la EPA, Justo Mogoll\u00f3n, con quien pudo demostrar al equipo del CFS sus habilidades al realizar un corte cl\u00e1sico utilizando tijeras y una m\u00e1quina de afeitar.<\/p>\n<p align=\"justify\">\n<p align=\"justify\"><b>Entrega de constancias<\/b><\/p>\n<p align=\"justify\">Para finalizar la socializaci\u00f3n, el responsable del Programa Agr\u00edcola, Eric Amaro y en representaci\u00f3n de la EPA, Blanca Riera, Mar\u00eda Ang\u00e9lica Adarmes y Justo Mogoll\u00f3n entregaron 17 constancias de culminaci\u00f3n de curso, la cual es un aval oficial para emprender en una Unidad de Producci\u00f3n Familiar (UPF) dentro de su propia comunidad, adem\u00e1s de reconocer el esfuerzo de haber sido constante en la formaci\u00f3n.<\/p>\n<p align=\"justify\">\n<img loading=\"lazy\" decoding=\"async\" class=\"aligncenter wp-image-23279 size-large\" src=\"http:\/\/www.inces.gob.ve\/wp-content\/uploads\/2018\/12\/20181129_122108-1024x768.jpg\" alt=\"\" width=\"640\" height=\"480\" srcset=\"https:\/\/inces.gob.ve\/wp-content\/uploads\/2018\/12\/20181129_122108-1024x768.jpg 1024w, https:\/\/inces.gob.ve\/wp-content\/uploads\/2018\/12\/20181129_122108-300x225.jpg 300w, https:\/\/inces.gob.ve\/wp-content\/uploads\/2018\/12\/20181129_122108-768x576.jpg 768w, https:\/\/inces.gob.ve\/wp-content\/uploads\/2018\/12\/20181129_122108-136x102.jpg 136w\" sizes=\"auto, (max-width: 640px) 100vw, 640px\" \/><\/p>\n<p align=\"justify\">En este sentido, parte del grupo egresado ya cuenta con un proyecto productivo a consolidarse en el 2019, con ayuda de la propia comunidad y la PTP, as\u00ed como apoyados por la alcald\u00eda del municipio Santiago Mari\u00f1o.<\/p>\n<p align=\"justify\">\n<p align=\"justify\">\n","protected":false},"excerpt":{"rendered":"<p>** Recibieron sus constancias de culminaci\u00f3n en corte de cabello, barber\u00eda, peluquer\u00eda y seguridad en el ambiente de trabajo<\/p>\n","protected":false},"author":4,"featured_media":23280,"comment_status":"closed","ping_status":"open","sticky":false,"template":"","format":"standard","meta":{"footnotes":""},"categories":[2],"tags":[],"class_list":["post-23276","post","type-post","status-publish","format-standard","has-post-thumbnail","hentry","category-blog"],"_links":{"self":[{"href":"https:\/\/inces.gob.ve\/index.php\/wp-json\/wp\/v2\/posts\/23276","targetHints":{"allow":["GET"]}}],"collection":[{"href":"https:\/\/inces.gob.ve\/index.php\/wp-json\/wp\/v2\/posts"}],"about":[{"href":"https:\/\/inces.gob.ve\/index.php\/wp-json\/wp\/v2\/types\/post"}],"author":[{"embeddable":true,"href":"https:\/\/inces.gob.ve\/index.php\/wp-json\/wp\/v2\/users\/4"}],"replies":[{"embeddable":true,"href":"https:\/\/inces.gob.ve\/index.php\/wp-json\/wp\/v2\/comments?post=23276"}],"version-history":[{"count":1,"href":"https:\/\/inces.gob.ve\/index.php\/wp-json\/wp\/v2\/posts\/23276\/revisions"}],"predecessor-version":[{"id":23281,"href":"https:\/\/inces.gob.ve\/index.php\/wp-json\/wp\/v2\/posts\/23276\/revisions\/23281"}],"wp:featuredmedia":[{"embeddable":true,"href":"https:\/\/inces.gob.ve\/index.php\/wp-json\/wp\/v2\/media\/23280"}],"wp:attachment":[{"href":"https:\/\/inces.gob.ve\/index.php\/wp-json\/wp\/v2\/media?parent=23276"}],"wp:term":[{"taxonomy":"category","embeddable":true,"href":"https:\/\/inces.gob.ve\/index.php\/wp-json\/wp\/v2\/categories?post=23276"},{"taxonomy":"post_tag","embeddable":true,"href":"https:\/\/inces.gob.ve\/index.php\/wp-json\/wp\/v2\/tags?post=23276"}],"curies":[{"name":"wp","href":"https:\/\/api.w.org\/{rel}","templated":true}]}}