{"id":23324,"date":"2018-12-07T07:14:58","date_gmt":"2018-12-07T13:14:58","guid":{"rendered":"http:\/\/www.inces.gob.ve\/?p=23324"},"modified":"2020-05-28T20:30:05","modified_gmt":"2020-05-29T00:30:05","slug":"inces-miranda-celebro-con-desfile-de-moda","status":"publish","type":"post","link":"https:\/\/inces.gob.ve\/index.php\/2018\/12\/07\/inces-miranda-celebro-con-desfile-de-moda\/","title":{"rendered":"Inces Miranda celebr\u00f3 con desfile de moda"},"content":{"rendered":"<p align=\"justify\"><span style=\"font-family: Arial,sans-serif;\">**<b> <\/b><i><b>En el CFS Textil Miranda se realiz\u00f3 el desfile de moda con las prendas elaboradas por las participantes del curso Confecci\u00f3n de Vestidos<\/b><\/i><\/span><\/p>\n<p align=\"justify\"><!--more--><\/p>\n<p align=\"justify\"><span style=\"font-family: Arial,sans-serif;\"><b>DIMAS P\u00c1EZ | Miranda<\/b><\/span><\/p>\n<p align=\"justify\"><span style=\"font-family: Arial,sans-serif;\">El centro de formaci\u00f3n socialista (CFS) Textil Miranda, ubicado en Los Cortijos de Lourdes, estado Miranda, cont\u00f3 con la presencia de Ingals Puertas, gerente regional del Inces Miranda, acompa\u00f1ado por Eleonor Ram\u00edrez, jefa del CFS; Eglis Mendoza y Alejandra P\u00e9rez, maestras t\u00e9cnicas productivas (MTP), ambas encargadas de formar a las 38 participantes en 186 horas, quienes mostraron en un desfile p\u00fablico las confecciones realizadas durante la formaci\u00f3n. El desfile cont\u00f3 con las categor\u00edas : Deportiva, Casual, Coctel, Infantil y Gala. <\/span><\/p>\n<p align=\"justify\"><span style=\"font-family: Arial,sans-serif;\">Por su parte, Ingals Puerta expres\u00f3 \u201cen el d\u00eda de hoy estamos acompa\u00f1ando la graduaci\u00f3n del curso de vestido, en nombre del presidente Wuikelman Angel Paredes, presidente del Inces y del gobernador del estado Miranda, H\u00e9ctor Rodr\u00edguez, para demostrar el talento que tiene la juventud venezolana y el nivel de emprendimiento y que adem\u00e1s demuestra que todav\u00eda queda mucho por hacer en nuestra patria. La juventud y estas mujeres que hoy estuvieron demostrando lo aprendido en el curso Confecci\u00f3n de Vestidos son una muestra de todo el talento conque cuenta Venezuela y el futuro productivo\u201d<\/span><\/p>\n<p><img loading=\"lazy\" decoding=\"async\" class=\"wp-image-23327 size-full\" src=\"http:\/\/www.inces.gob.ve\/wp-content\/uploads\/2018\/12\/3desfile-de-moda.jpg\" alt=\"\" width=\"800\" height=\"600\" srcset=\"https:\/\/inces.gob.ve\/wp-content\/uploads\/2018\/12\/3desfile-de-moda.jpg 800w, https:\/\/inces.gob.ve\/wp-content\/uploads\/2018\/12\/3desfile-de-moda-300x225.jpg 300w, https:\/\/inces.gob.ve\/wp-content\/uploads\/2018\/12\/3desfile-de-moda-768x576.jpg 768w, https:\/\/inces.gob.ve\/wp-content\/uploads\/2018\/12\/3desfile-de-moda-136x102.jpg 136w\" sizes=\"auto, (max-width: 800px) 100vw, 800px\" \/><\/p>\n<p align=\"justify\"><span style=\"font-family: Arial,sans-serif;\">Contin\u00fao el gerente: \u201cPara el pr\u00f3ximo a\u00f1o 2019 esperamos no solo multiplicar el nivel de participaci\u00f3n, sino tambi\u00e9n que una vez que culmine el curso puedan contar con un nivel de financiamiento, para que el emprendimiento sea real, para que el emprendimiento sea efectivo, y este talento no se quede solo en conformarse con generar emprendimiento hacia sus hogares, sino que tambi\u00e9n puedan conformar Unidades de Producci\u00f3n Social, que es lo que se quiere en Venezuela\u201d.<\/span><\/p>\n<p><img loading=\"lazy\" decoding=\"async\" class=\"wp-image-23328\" src=\"http:\/\/www.inces.gob.ve\/wp-content\/uploads\/2018\/12\/2desfile-de-moda-1024x705.jpg\" alt=\"\" width=\"797\" height=\"549\" srcset=\"https:\/\/inces.gob.ve\/wp-content\/uploads\/2018\/12\/2desfile-de-moda-1024x705.jpg 1024w, https:\/\/inces.gob.ve\/wp-content\/uploads\/2018\/12\/2desfile-de-moda-300x207.jpg 300w, https:\/\/inces.gob.ve\/wp-content\/uploads\/2018\/12\/2desfile-de-moda-768x529.jpg 768w, https:\/\/inces.gob.ve\/wp-content\/uploads\/2018\/12\/2desfile-de-moda.jpg 1600w\" sizes=\"auto, (max-width: 797px) 100vw, 797px\" \/><\/p>\n<p align=\"justify\"><span style=\"font-family: Arial,sans-serif;\">Eleonor Ram\u00edrez acot\u00f3 que \u201cen el desfile se pudo observar lo que pueden lograr los participantes a trav\u00e9s de los cursos que se dictan en el Inces. Ellas pudieron lograr la confecci\u00f3n de vestidos sumamente elegantes y preciosos, y se pudo visualizar que a trav\u00e9s de las herramientas que ellas adquirieron aqu\u00ed pueden producir y mejorar su calidad de vida. Con la confecci\u00f3n de prendas de vestir ellas puedan vender y no depender de los productos tan costosos que est\u00e1n en la calle. As\u00ed, ellas abaratar\u00e1n los costos confeccionando prendas de vestir en sus casas, prendas que no tienen nada que envidiarle a las prendas que est\u00e1n en el mercado y estamos muy feliz por el producto final\u201d.<\/span><\/p>\n<p><img loading=\"lazy\" decoding=\"async\" class=\"wp-image-23326 \" src=\"http:\/\/www.inces.gob.ve\/wp-content\/uploads\/2018\/12\/6desfile-de-moda-1024x597.jpg\" alt=\"\" width=\"770\" height=\"449\" srcset=\"https:\/\/inces.gob.ve\/wp-content\/uploads\/2018\/12\/6desfile-de-moda-1024x597.jpg 1024w, https:\/\/inces.gob.ve\/wp-content\/uploads\/2018\/12\/6desfile-de-moda-300x175.jpg 300w, https:\/\/inces.gob.ve\/wp-content\/uploads\/2018\/12\/6desfile-de-moda-768x448.jpg 768w, https:\/\/inces.gob.ve\/wp-content\/uploads\/2018\/12\/6desfile-de-moda.jpg 1468w\" sizes=\"auto, (max-width: 770px) 100vw, 770px\" \/><\/p>\n<p align=\"justify\"><span style=\"font-family: Arial,sans-serif;\">Karen Marrugo participantes y aprendiz Inces explic\u00f3 como \u201cal principio no me gustaba mucho este curso; pero cuando me fui metiendo m\u00e1s y le fui tomando m\u00e1s inter\u00e9s. Yo en otro curso que hice aprend\u00ed lo b\u00e1sico, pero si quiero otra transformaci\u00f3n en m\u00ed como persona tengo que aprender cada d\u00eda m\u00e1s. Este curso es demasiado bueno porque como est\u00e1 la situaci\u00f3n es bueno que los j\u00f3venes sepan confeccionar su ropa y puedan trabajar desde su casa y convertirse en j\u00f3venes emprendedores. Hago un llamado a la juventud a integrarse a los cursos que dictan en el Inces y as\u00edasegurar su futuro\u201d.<\/span><\/p>\n<p align=\"justify\">LT.<\/p>\n","protected":false},"excerpt":{"rendered":"<p>** En el CFS Textil Miranda se realiz\u00f3 el desfile de moda con las prendas elaboradas por las participantes del curso Confecci\u00f3n de Vestidos<\/p>\n","protected":false},"author":15,"featured_media":23325,"comment_status":"closed","ping_status":"closed","sticky":false,"template":"","format":"standard","meta":{"footnotes":""},"categories":[2],"tags":[],"class_list":["post-23324","post","type-post","status-publish","format-standard","has-post-thumbnail","hentry","category-blog"],"_links":{"self":[{"href":"https:\/\/inces.gob.ve\/index.php\/wp-json\/wp\/v2\/posts\/23324","targetHints":{"allow":["GET"]}}],"collection":[{"href":"https:\/\/inces.gob.ve\/index.php\/wp-json\/wp\/v2\/posts"}],"about":[{"href":"https:\/\/inces.gob.ve\/index.php\/wp-json\/wp\/v2\/types\/post"}],"author":[{"embeddable":true,"href":"https:\/\/inces.gob.ve\/index.php\/wp-json\/wp\/v2\/users\/15"}],"replies":[{"embeddable":true,"href":"https:\/\/inces.gob.ve\/index.php\/wp-json\/wp\/v2\/comments?post=23324"}],"version-history":[{"count":2,"href":"https:\/\/inces.gob.ve\/index.php\/wp-json\/wp\/v2\/posts\/23324\/revisions"}],"predecessor-version":[{"id":23330,"href":"https:\/\/inces.gob.ve\/index.php\/wp-json\/wp\/v2\/posts\/23324\/revisions\/23330"}],"wp:featuredmedia":[{"embeddable":true,"href":"https:\/\/inces.gob.ve\/index.php\/wp-json\/wp\/v2\/media\/23325"}],"wp:attachment":[{"href":"https:\/\/inces.gob.ve\/index.php\/wp-json\/wp\/v2\/media?parent=23324"}],"wp:term":[{"taxonomy":"category","embeddable":true,"href":"https:\/\/inces.gob.ve\/index.php\/wp-json\/wp\/v2\/categories?post=23324"},{"taxonomy":"post_tag","embeddable":true,"href":"https:\/\/inces.gob.ve\/index.php\/wp-json\/wp\/v2\/tags?post=23324"}],"curies":[{"name":"wp","href":"https:\/\/api.w.org\/{rel}","templated":true}]}}