{"id":23331,"date":"2018-12-07T07:27:44","date_gmt":"2018-12-07T13:27:44","guid":{"rendered":"http:\/\/www.inces.gob.ve\/?p=23331"},"modified":"2020-05-28T20:30:05","modified_gmt":"2020-05-29T00:30:05","slug":"inces-en-el-encendido-de-luces-de-corpoelec","status":"publish","type":"post","link":"https:\/\/inces.gob.ve\/index.php\/2018\/12\/07\/inces-en-el-encendido-de-luces-de-corpoelec\/","title":{"rendered":"Inces en el encendido de luces de Corpoelec"},"content":{"rendered":"<p align=\"justify\"><span style=\"font-family: Arial,sans-serif;\">**<i><b> Trabajadores y participantes cantaron al ritmo de la gaita <\/b><\/i><\/span><\/p>\n<p align=\"justify\">\n<p style=\"text-align: justify;\" align=\"justify\"><!--more-->\n<\/p>\n<p align=\"justify\"><span style=\"font-family: Arial,sans-serif;\"><b>MAR\u00cdA CABRERA | Trujillo<\/b><\/span><\/p>\n<p align=\"justify\">\n<p align=\"justify\"><span style=\"font-family: Arial,sans-serif;\">Una bella velada organiz\u00f3 la gente de Corpoelec Trujillo, evento en que el Instituto Nacional de Capacitaci\u00f3n y Educaci\u00f3n Socialista (Inces) de esa regi\u00f3n tuvo su participaci\u00f3n con la presentaci\u00f3n del Ensamble Inces, grupo musical que se encarg\u00f3 de poner la nota gaitera a la noche, algo fr\u00eda, y con cierta amenaza de lluvia.<\/span><\/p>\n<p align=\"justify\">\n<p align=\"justify\"><span style=\"font-family: Arial,sans-serif;\">Jos\u00e9 Araujo, coordinador de Cultura del Inces Trujillo, fue el encargado de amenizar la ronda musical con temas gaiteros de conocida data por la audiencia asistente, quien core\u00f3 y bail\u00f3 la m\u00fasica interpretada por el citado ensamble.<\/span><\/p>\n<p align=\"justify\"><span style=\"font-family: Arial,sans-serif;\"><img loading=\"lazy\" decoding=\"async\" class=\"aligncenter wp-image-23335 size-full\" src=\"http:\/\/www.inces.gob.ve\/wp-content\/uploads\/2018\/12\/1encendido-de-luces-de-Corpoelec.jpg\" alt=\"\" width=\"800\" height=\"600\" srcset=\"https:\/\/inces.gob.ve\/wp-content\/uploads\/2018\/12\/1encendido-de-luces-de-Corpoelec.jpg 800w, https:\/\/inces.gob.ve\/wp-content\/uploads\/2018\/12\/1encendido-de-luces-de-Corpoelec-300x225.jpg 300w, https:\/\/inces.gob.ve\/wp-content\/uploads\/2018\/12\/1encendido-de-luces-de-Corpoelec-768x576.jpg 768w, https:\/\/inces.gob.ve\/wp-content\/uploads\/2018\/12\/1encendido-de-luces-de-Corpoelec-136x102.jpg 136w\" sizes=\"auto, (max-width: 800px) 100vw, 800px\" \/><\/span><\/p>\n<p align=\"justify\"><span style=\"font-family: Arial,sans-serif;\">El evento, que tuvo una nutrida presencia de trabajadores de la compa\u00f1\u00eda el\u00e9ctrica, cont\u00f3 con una buena grilla cultural que permiti\u00f3 que las agrupaciones invitadas como Guataca Show, Gaiteros de Pdval y Gaiteros de Rangel se sintieran complacidos en cada una de las interpretaciones musicales que se realizaron.<\/span><\/p>\n<p align=\"justify\"><img loading=\"lazy\" decoding=\"async\" class=\"aligncenter wp-image-23333 size-full\" src=\"http:\/\/www.inces.gob.ve\/wp-content\/uploads\/2018\/12\/3encendido-de-luces-de-Corpoelec.jpg\" alt=\"\" width=\"800\" height=\"489\" srcset=\"https:\/\/inces.gob.ve\/wp-content\/uploads\/2018\/12\/3encendido-de-luces-de-Corpoelec.jpg 800w, https:\/\/inces.gob.ve\/wp-content\/uploads\/2018\/12\/3encendido-de-luces-de-Corpoelec-300x183.jpg 300w, https:\/\/inces.gob.ve\/wp-content\/uploads\/2018\/12\/3encendido-de-luces-de-Corpoelec-768x469.jpg 768w\" sizes=\"auto, (max-width: 800px) 100vw, 800px\" \/><\/p>\n<p align=\"justify\"><span style=\"font-family: Arial,sans-serif;\">Vale destacar que durante la presentaci\u00f3n del Ensamble Inces resalt\u00f3 la presencia de los aprendices del Programa Nacional de Aprendizaje, quienes corearon e interpretaron temas que fueron aplaudidos por la audiencia debido a lo melodioso de su m\u00fasica y al sentimiento que generan sus letras.<\/span><\/p>\n<p align=\"justify\"><span style=\"font-family: Arial,sans-serif;\"><img loading=\"lazy\" decoding=\"async\" class=\"aligncenter wp-image-23334 size-full\" src=\"http:\/\/www.inces.gob.ve\/wp-content\/uploads\/2018\/12\/2encendido-de-luces-de-Corpoelec.jpg\" alt=\"\" width=\"800\" height=\"413\" srcset=\"https:\/\/inces.gob.ve\/wp-content\/uploads\/2018\/12\/2encendido-de-luces-de-Corpoelec.jpg 800w, https:\/\/inces.gob.ve\/wp-content\/uploads\/2018\/12\/2encendido-de-luces-de-Corpoelec-300x155.jpg 300w, https:\/\/inces.gob.ve\/wp-content\/uploads\/2018\/12\/2encendido-de-luces-de-Corpoelec-768x396.jpg 768w\" sizes=\"auto, (max-width: 800px) 100vw, 800px\" \/><\/span><\/p>\n<p align=\"justify\"><span style=\"font-family: Arial,sans-serif;\">LT.<\/span><\/p>\n<p align=\"justify\">\n<p align=\"justify\">\n","protected":false},"excerpt":{"rendered":"<p>** Trabajadores y participantes cantaron al ritmo de la gaita<\/p>\n","protected":false},"author":15,"featured_media":23332,"comment_status":"closed","ping_status":"closed","sticky":false,"template":"","format":"standard","meta":{"footnotes":""},"categories":[2],"tags":[],"class_list":["post-23331","post","type-post","status-publish","format-standard","has-post-thumbnail","hentry","category-blog"],"_links":{"self":[{"href":"https:\/\/inces.gob.ve\/index.php\/wp-json\/wp\/v2\/posts\/23331","targetHints":{"allow":["GET"]}}],"collection":[{"href":"https:\/\/inces.gob.ve\/index.php\/wp-json\/wp\/v2\/posts"}],"about":[{"href":"https:\/\/inces.gob.ve\/index.php\/wp-json\/wp\/v2\/types\/post"}],"author":[{"embeddable":true,"href":"https:\/\/inces.gob.ve\/index.php\/wp-json\/wp\/v2\/users\/15"}],"replies":[{"embeddable":true,"href":"https:\/\/inces.gob.ve\/index.php\/wp-json\/wp\/v2\/comments?post=23331"}],"version-history":[{"count":1,"href":"https:\/\/inces.gob.ve\/index.php\/wp-json\/wp\/v2\/posts\/23331\/revisions"}],"predecessor-version":[{"id":23336,"href":"https:\/\/inces.gob.ve\/index.php\/wp-json\/wp\/v2\/posts\/23331\/revisions\/23336"}],"wp:featuredmedia":[{"embeddable":true,"href":"https:\/\/inces.gob.ve\/index.php\/wp-json\/wp\/v2\/media\/23332"}],"wp:attachment":[{"href":"https:\/\/inces.gob.ve\/index.php\/wp-json\/wp\/v2\/media?parent=23331"}],"wp:term":[{"taxonomy":"category","embeddable":true,"href":"https:\/\/inces.gob.ve\/index.php\/wp-json\/wp\/v2\/categories?post=23331"},{"taxonomy":"post_tag","embeddable":true,"href":"https:\/\/inces.gob.ve\/index.php\/wp-json\/wp\/v2\/tags?post=23331"}],"curies":[{"name":"wp","href":"https:\/\/api.w.org\/{rel}","templated":true}]}}