{"id":23337,"date":"2018-12-07T07:46:42","date_gmt":"2018-12-07T13:46:42","guid":{"rendered":"http:\/\/www.inces.gob.ve\/?p=23337"},"modified":"2020-05-28T20:30:05","modified_gmt":"2020-05-29T00:30:05","slug":"mas-de-90-jovenes-aprendices-del-inces-cojedes-reciben-certificados-de-oficios-calificados","status":"publish","type":"post","link":"https:\/\/inces.gob.ve\/index.php\/2018\/12\/07\/mas-de-90-jovenes-aprendices-del-inces-cojedes-reciben-certificados-de-oficios-calificados\/","title":{"rendered":"M\u00e1s de 90 j\u00f3venes aprendices del Inces Cojedes reciben certificados de oficios calificados"},"content":{"rendered":"<p class=\"western\" align=\"justify\"><span style=\"font-family: Arial,sans-serif;\"><b>**<i> El servicio comunitario forma parte de la formaci\u00f3n<\/i><\/b><\/span><!--more--><\/p>\n<p class=\"western\" align=\"justify\"><span style=\"font-family: Arial,sans-serif;\"><b>NATHALIE G\u00d3MEZ | Cojedes<\/b><\/span><\/p>\n<p class=\"western\" align=\"justify\"><span style=\"font-family: Arial,sans-serif;\">Durante un encuentro organizado por la Coordinaci\u00f3n del <\/span><strong><span style=\"font-family: Arial,sans-serif;\">Programa Nacional de Aprendizaje (PNA) del Inces Cojedes, se llev\u00f3 a cabo la entrega de m\u00e1s de 90 certificados de oficios calificados en las \u00e1reas de Asistente Administrativo de Empresa, Electricidad de Mantenimiento, Contabilidad y Electromec\u00e1nica Industrial, correspondientes a los lapsos de formaci\u00f3n educativa 2017 \u2013 2018.<\/span><\/strong><\/p>\n<p class=\"western\" align=\"justify\"><span style=\"font-family: Arial,sans-serif;\">El mismo se desarroll\u00f3 en el centro de formaci\u00f3n socialista (CFS) Argimiro Gabald\u00f3n, en San Carlos, estado Cojedes, donde funcionarios del PNA fueron los encargados de otorgar los certificados de oficios, explicar a los j\u00f3venes los distintos procedimientos, adem\u00e1s de adjudicar solvencias laborales a un gran n\u00famero de entidades de trabajo de la regi\u00f3n.<\/span><\/p>\n<p class=\"western\" align=\"justify\"><img loading=\"lazy\" decoding=\"async\" class=\"aligncenter wp-image-23340 size-large\" src=\"http:\/\/www.inces.gob.ve\/wp-content\/uploads\/2018\/12\/00certificados-de-oficios-calificados-1024x1003.jpg\" alt=\"\" width=\"640\" height=\"627\" srcset=\"https:\/\/inces.gob.ve\/wp-content\/uploads\/2018\/12\/00certificados-de-oficios-calificados-1024x1003.jpg 1024w, https:\/\/inces.gob.ve\/wp-content\/uploads\/2018\/12\/00certificados-de-oficios-calificados-300x294.jpg 300w, https:\/\/inces.gob.ve\/wp-content\/uploads\/2018\/12\/00certificados-de-oficios-calificados-768x752.jpg 768w\" sizes=\"auto, (max-width: 640px) 100vw, 640px\" \/><br \/>\n<span style=\"font-family: Arial,sans-serif;\">Albani Su\u00e1rez, aprendiz del oficio Asistente Administrativo de Empresa, cuenta que, con timidez, y algo limitada, arranc\u00f3 con su primera meta de vida, \u201choy d\u00eda puedo decir con propiedad que el Inces forma a j\u00f3venes trabajadores calificados; adem\u00e1s, aprendes a valorar tu entorno a trav\u00e9s del servicio comunitario, que es parte de la formaci\u00f3n. Hoy, gracias a esta instituci\u00f3n, tengo un oficio profesional y un trabajo fijo que logr\u00e9 obtener luego de mucha disciplina, dedicaci\u00f3n y vocaci\u00f3n de servicio que mantuve durante mi formaci\u00f3n y conservar\u00e9 en el desarrollo de esta oportunidad laboral\u201d. <\/span><\/p>\n<p class=\"western\" align=\"justify\"><span style=\"font-family: Arial,sans-serif;\">Por su parte, Jos\u00e9 Linares, aprendiz de Contabilidad, coment\u00f3 que fueron 3.850 horas de completa formaci\u00f3n que lo dej\u00f3 como trabajador fijo en la entidad de trabajo correspondiente. \u201cSer joven profesional y ya insertado en el campo laboral gracias al Inces es una oportunidad que debemos valorar. Por mi parte seguir\u00e9 luchando para lograr lo que me proponga\u201d, indic\u00f3 Linares.<\/span><\/p>\n<p class=\"western\" align=\"justify\"><span style=\"font-family: Arial,sans-serif;\">F\u00e9lix Castillo, superintendente de Recursos Humanos en Deforsa Cojedes, manifest\u00f3 que la experiencia ha sido satisfactoria. \u201cLa formaci\u00f3n, control y seguimiento de ambas instituciones fue un eslab\u00f3n gratificante y hoy deja sus frutos sumando a nuestra n\u00f3mina laboral a estos j\u00f3venes aprendices destacados, quienes han demostrado profesionalismo dentro de sus funciones\u201d.<\/span><\/p>\n<p class=\"western\" align=\"justify\"><span style=\"font-family: Arial,sans-serif;\">Importancia del PNA<\/span><\/p>\n<p class=\"western\" align=\"justify\"><span style=\"font-family: Arial,sans-serif;\">Debe recordarse que, el pasado a\u00f1o, el presidente Nicol\u00e1s Maduro realiz\u00f3 un relanzamiento del <\/span><strong><span style=\"font-family: Arial,sans-serif;\">Programa Nacional de Aprendizaje, a<\/span><\/strong><span style=\"font-family: Arial,sans-serif;\">firmando una vez m\u00e1s que los aprendices son una obligaci\u00f3n establecida en la <\/span><strong><span style=\"font-family: Arial,sans-serif;\">Ley del Inces y en la Ley Org\u00e1nica del Trabajo, los Trabajadores y las Trabajadoras, <\/span><\/strong><span style=\"font-family: Arial,sans-serif;\">como un compromiso que tiene toda entidad de trabajo con m\u00e1s de 15 trabajadores, para contratar y formar entre un <\/span><strong><span style=\"font-family: Arial,sans-serif;\">3% y un 5% de su n\u00f3mina<\/span><\/strong><span style=\"font-family: Arial,sans-serif;\">, garantizando la incorporaci\u00f3n de los j\u00f3venes al mundo del trabajo.<\/span><\/p>\n<p class=\"western\" align=\"justify\"><img loading=\"lazy\" decoding=\"async\" class=\"aligncenter wp-image-23339 size-full\" src=\"http:\/\/www.inces.gob.ve\/wp-content\/uploads\/2018\/12\/6certificados-de-oficios-calificados.jpg\" alt=\"\" width=\"800\" height=\"811\" srcset=\"https:\/\/inces.gob.ve\/wp-content\/uploads\/2018\/12\/6certificados-de-oficios-calificados.jpg 800w, https:\/\/inces.gob.ve\/wp-content\/uploads\/2018\/12\/6certificados-de-oficios-calificados-296x300.jpg 296w, https:\/\/inces.gob.ve\/wp-content\/uploads\/2018\/12\/6certificados-de-oficios-calificados-768x779.jpg 768w, https:\/\/inces.gob.ve\/wp-content\/uploads\/2018\/12\/6certificados-de-oficios-calificados-758x768.jpg 758w\" sizes=\"auto, (max-width: 800px) 100vw, 800px\" \/><\/p>\n<p class=\"western\" align=\"justify\"><span style=\"font-family: Arial,sans-serif;\">El\u00a0<\/span><strong><span style=\"font-family: Arial,sans-serif;\">PNA<\/span><\/strong><span style=\"font-family: Arial,sans-serif;\">\u00a0es un programa estructurado, de a\u00f1os, que funciona, que tiene unas bases jur\u00eddicas s\u00f3lidas y comprobadas, pero requiere del aporte y del apoyo por parte del empresariado. Es una obligaci\u00f3n darles una merecida oportunidad a los adolescentes, adem\u00e1s de ser un acto de justicia social.<\/span><\/p>\n<p align=\"justify\">LT.<\/p>\n","protected":false},"excerpt":{"rendered":"<p>** El servicio comunitario forma parte de la formaci\u00f3n<\/p>\n","protected":false},"author":15,"featured_media":23338,"comment_status":"closed","ping_status":"closed","sticky":false,"template":"","format":"standard","meta":{"footnotes":""},"categories":[2],"tags":[],"class_list":["post-23337","post","type-post","status-publish","format-standard","has-post-thumbnail","hentry","category-blog"],"_links":{"self":[{"href":"https:\/\/inces.gob.ve\/index.php\/wp-json\/wp\/v2\/posts\/23337","targetHints":{"allow":["GET"]}}],"collection":[{"href":"https:\/\/inces.gob.ve\/index.php\/wp-json\/wp\/v2\/posts"}],"about":[{"href":"https:\/\/inces.gob.ve\/index.php\/wp-json\/wp\/v2\/types\/post"}],"author":[{"embeddable":true,"href":"https:\/\/inces.gob.ve\/index.php\/wp-json\/wp\/v2\/users\/15"}],"replies":[{"embeddable":true,"href":"https:\/\/inces.gob.ve\/index.php\/wp-json\/wp\/v2\/comments?post=23337"}],"version-history":[{"count":2,"href":"https:\/\/inces.gob.ve\/index.php\/wp-json\/wp\/v2\/posts\/23337\/revisions"}],"predecessor-version":[{"id":23342,"href":"https:\/\/inces.gob.ve\/index.php\/wp-json\/wp\/v2\/posts\/23337\/revisions\/23342"}],"wp:featuredmedia":[{"embeddable":true,"href":"https:\/\/inces.gob.ve\/index.php\/wp-json\/wp\/v2\/media\/23338"}],"wp:attachment":[{"href":"https:\/\/inces.gob.ve\/index.php\/wp-json\/wp\/v2\/media?parent=23337"}],"wp:term":[{"taxonomy":"category","embeddable":true,"href":"https:\/\/inces.gob.ve\/index.php\/wp-json\/wp\/v2\/categories?post=23337"},{"taxonomy":"post_tag","embeddable":true,"href":"https:\/\/inces.gob.ve\/index.php\/wp-json\/wp\/v2\/tags?post=23337"}],"curies":[{"name":"wp","href":"https:\/\/api.w.org\/{rel}","templated":true}]}}