{"id":23358,"date":"2018-12-07T11:08:09","date_gmt":"2018-12-07T17:08:09","guid":{"rendered":"http:\/\/www.inces.gob.ve\/?p=23358"},"modified":"2020-05-28T20:30:05","modified_gmt":"2020-05-29T00:30:05","slug":"gerente-regional-del-inces-zulia-presento-las-metas-a-cumplir-en-el-2019","status":"publish","type":"post","link":"https:\/\/inces.gob.ve\/index.php\/2018\/12\/07\/gerente-regional-del-inces-zulia-presento-las-metas-a-cumplir-en-el-2019\/","title":{"rendered":"Gerente regional del Inces Zulia present\u00f3 las metas a cumplir en el 2019"},"content":{"rendered":"<p align=\"justify\"><span style=\"font-family: Arial,sans-serif;\"><b>** <i>La actividad se realiz\u00f3 en la gerencia regional del Inces<\/i><\/b><\/span><\/p>\n<p align=\"justify\">\n<!--more--><\/p>\n<p align=\"justify\"><span style=\"font-family: Arial,sans-serif;\"><b>YUDITH CASTRO | Zulia<\/b><\/span><\/p>\n<p align=\"justify\">\n<p align=\"justify\"><span style=\"font-family: Arial,sans-serif;\">En una reuni\u00f3n con los 11 jefes de centros de formaci\u00f3n socialista (CFS), de Programas y de Divisiones, la gerente regional del Instituto Nacional Capacitaci\u00f3n y Educaci\u00f3n Socialista (Inces) en el Zulia, Isamar M\u00e1rquez, expres\u00f3 que para el 2019 \u201cla instituci\u00f3n debe continuar impulsando la producci\u00f3n en cada uno de los espacios formativos, seguir formando en las entidades de trabajo, en los centros penitenciarios, escuelas y en las comunas, entre otros.\u201d<\/span><\/p>\n<p align=\"justify\">\n<p align=\"justify\"><span style=\"font-family: Arial,sans-serif;\">La actividad se realiz\u00f3 en la gerencia regional del Inces. Durante su intervenci\u00f3n, M\u00e1rquez mencion\u00f3 que la formaci\u00f3n seguir\u00e1 vinculada a los motores productivos de la agenda econ\u00f3mica como lo son agroalimentario, turismo, textil e industrial, entre otros; adem\u00e1s, exhort\u00f3 a los presentes a rescatar el trabajo voluntario, los valores y el sentido de pertenencia hacia la universidad de los trabajadores. <\/span><\/p>\n<p align=\"justify\">\n<p align=\"justify\"><span style=\"font-family: Arial,sans-serif;\">Para hacerle frente a los embates de la guerra econ\u00f3mica existente en el pa\u00eds, la gerente propuso a los jefes de CFS incrementar su articulaci\u00f3n con los entes gubernamentales como las alcald\u00edas y los ministerios porque a trav\u00e9s de la unificaci\u00f3n es posible solucionar muchos de las dificultades que se presentan en los espacios formativos, indic\u00f3.<img loading=\"lazy\" decoding=\"async\" class=\"aligncenter wp-image-23360 size-full\" src=\"http:\/\/www.inces.gob.ve\/wp-content\/uploads\/2018\/12\/1metas-a-cumplir-.jpg\" alt=\"\" width=\"800\" height=\"480\" srcset=\"https:\/\/inces.gob.ve\/wp-content\/uploads\/2018\/12\/1metas-a-cumplir-.jpg 800w, https:\/\/inces.gob.ve\/wp-content\/uploads\/2018\/12\/1metas-a-cumplir--300x180.jpg 300w, https:\/\/inces.gob.ve\/wp-content\/uploads\/2018\/12\/1metas-a-cumplir--768x461.jpg 768w\" sizes=\"auto, (max-width: 800px) 100vw, 800px\" \/><\/span><\/p>\n<p align=\"justify\"><span style=\"font-family: Arial,sans-serif;\">Agreg\u00f3 adem\u00e1s que a partir del 7 de diciembre iniciar\u00e1 un despliegue por los diversos CFS para observar m\u00e1s de cerca la realidad de cada centro, revisar las fortalezas y debilidades, y construir en colectivo la soluci\u00f3n. El primero en ser visitado ser\u00e1 el CFS Cabimas, acot\u00f3. <\/span><\/p>\n<p align=\"justify\">\n<p align=\"justify\"><span style=\"font-family: Arial,sans-serif;\">La finalidad -indic\u00f3- es lograr que la instituci\u00f3n est\u00e9 100% operativa para brindarles al poder popular una formaci\u00f3n de calidad porque \u201cqueremos que el Inces est\u00e9 en cada rinc\u00f3n del Zulia, queremos que los j\u00f3venes sepan que el Inces est\u00e1 para darles las herramientas para formarse para el trabajo.\u201d<\/span><\/p>\n<p align=\"justify\"><span style=\"font-family: Arial,sans-serif;\">LT.<\/span><\/p>\n","protected":false},"excerpt":{"rendered":"<p>** La actividad se realiz\u00f3 en la gerencia regional del Inces<\/p>\n","protected":false},"author":15,"featured_media":23359,"comment_status":"closed","ping_status":"closed","sticky":false,"template":"","format":"standard","meta":{"footnotes":""},"categories":[2],"tags":[],"class_list":["post-23358","post","type-post","status-publish","format-standard","has-post-thumbnail","hentry","category-blog"],"_links":{"self":[{"href":"https:\/\/inces.gob.ve\/index.php\/wp-json\/wp\/v2\/posts\/23358","targetHints":{"allow":["GET"]}}],"collection":[{"href":"https:\/\/inces.gob.ve\/index.php\/wp-json\/wp\/v2\/posts"}],"about":[{"href":"https:\/\/inces.gob.ve\/index.php\/wp-json\/wp\/v2\/types\/post"}],"author":[{"embeddable":true,"href":"https:\/\/inces.gob.ve\/index.php\/wp-json\/wp\/v2\/users\/15"}],"replies":[{"embeddable":true,"href":"https:\/\/inces.gob.ve\/index.php\/wp-json\/wp\/v2\/comments?post=23358"}],"version-history":[{"count":1,"href":"https:\/\/inces.gob.ve\/index.php\/wp-json\/wp\/v2\/posts\/23358\/revisions"}],"predecessor-version":[{"id":23361,"href":"https:\/\/inces.gob.ve\/index.php\/wp-json\/wp\/v2\/posts\/23358\/revisions\/23361"}],"wp:featuredmedia":[{"embeddable":true,"href":"https:\/\/inces.gob.ve\/index.php\/wp-json\/wp\/v2\/media\/23359"}],"wp:attachment":[{"href":"https:\/\/inces.gob.ve\/index.php\/wp-json\/wp\/v2\/media?parent=23358"}],"wp:term":[{"taxonomy":"category","embeddable":true,"href":"https:\/\/inces.gob.ve\/index.php\/wp-json\/wp\/v2\/categories?post=23358"},{"taxonomy":"post_tag","embeddable":true,"href":"https:\/\/inces.gob.ve\/index.php\/wp-json\/wp\/v2\/tags?post=23358"}],"curies":[{"name":"wp","href":"https:\/\/api.w.org\/{rel}","templated":true}]}}