{"id":23375,"date":"2018-12-10T08:38:33","date_gmt":"2018-12-10T14:38:33","guid":{"rendered":"http:\/\/www.inces.gob.ve\/?p=23375"},"modified":"2020-05-28T20:34:40","modified_gmt":"2020-05-29T00:34:40","slug":"trabajadores-del-inces-merida-disfrutaron-de-un-compartir-de-fin-de-ano","status":"publish","type":"post","link":"https:\/\/inces.gob.ve\/index.php\/2018\/12\/10\/trabajadores-del-inces-merida-disfrutaron-de-un-compartir-de-fin-de-ano\/","title":{"rendered":"Trabajadores del Inces M\u00e9rida disfrutaron de un compartir de fin de a\u00f1o"},"content":{"rendered":"<p style=\"text-align: justify;\" align=\"justify\"><span style=\"font-family: Arial,sans-serif;\">** <i><b> La participaci\u00f3n, el compa\u00f1erismo y la camarader\u00eda se evidenci\u00f3 en cada centro de formaci\u00f3n tras el compartir de fin de a\u00f1o<\/b><\/i><\/span><\/p>\n<p style=\"text-align: justify;\" align=\"justify\"><!--more--><\/p>\n<p style=\"text-align: justify;\" align=\"justify\"><span style=\"font-family: Arial,sans-serif;\"><b>Nadia Lobo | M\u00e9rida <\/b><\/span><\/p>\n<p style=\"text-align: justify;\" align=\"justify\"><span style=\"font-family: Arial,sans-serif;\"> La devoci\u00f3n que caracteriza a los meride\u00f1os y el Esp\u00edritu de la Navidad invadieron los espacios administrativos en cada centro de formaci\u00f3n del Inces M\u00e9rida, para darle paso a la paz, la reconciliaci\u00f3n y la alegr\u00eda de la temporada decembrina.<\/span><\/p>\n<p style=\"text-align: justify;\" align=\"justify\"><span style=\"font-family: Arial,sans-serif;\"> La jornada comenz\u00f3 desde muy temprano con una charla de crecimiento personal, destinada a las unidades administrativas, maestros t\u00e9cnicos y aprendices que hacen vida en cada espacio de la gerencia regional, quienes seguidamente, degustaron y compartieron pasapalos, dulcer\u00eda, cremas y tortas elaborados por los propios trabajadores.<\/span><\/p>\n<p style=\"text-align: justify;\" align=\"justify\"><span style=\"font-family: Arial,sans-serif;\"><img loading=\"lazy\" decoding=\"async\" class=\"aligncenter wp-image-23377 size-full\" src=\"http:\/\/www.inces.gob.ve\/wp-content\/uploads\/2018\/12\/2compartir-de-fin-de-a\u00f1o.jpg\" alt=\"\" width=\"700\" height=\"525\" srcset=\"https:\/\/inces.gob.ve\/wp-content\/uploads\/2018\/12\/2compartir-de-fin-de-a\u00f1o.jpg 700w, https:\/\/inces.gob.ve\/wp-content\/uploads\/2018\/12\/2compartir-de-fin-de-a\u00f1o-300x225.jpg 300w, https:\/\/inces.gob.ve\/wp-content\/uploads\/2018\/12\/2compartir-de-fin-de-a\u00f1o-136x102.jpg 136w\" sizes=\"auto, (max-width: 700px) 100vw, 700px\" \/><\/span><\/p>\n<p style=\"text-align: justify;\" align=\"justify\"><span style=\"font-family: Arial,sans-serif;\"> La actividad estuvo cargada de alegr\u00eda, pues permiti\u00f3 realizar un compartir entre los trabajadores y participantes para dar inicio de manera oficial a la Navidad, como la \u00e9poca mas linda del a\u00f1o, pues se busca impulsar la reconciliaci\u00f3n, la paz, la armon\u00eda, la hermandad y la concordia entre la gran familia del Instituto Nacional de Capacitaci\u00f3n y Educaci\u00f3n Socialista (Inces) del estado M\u00e9rida.<\/span><\/p>\n<p style=\"text-align: justify;\" align=\"justify\"><span style=\"font-family: Arial,sans-serif;\"> Por su parte, la coral del Inces ofreci\u00f3 un hermoso recital, incluyendo su nuevo aguinaldo \u201cTierra M\u00e1gica\u201d dedicado a la instituci\u00f3n con letra y m\u00fasica del profesor y compositor Roldan Fern\u00e1ndez.<\/span><\/p>\n<p style=\"text-align: justify;\" align=\"justify\"><span style=\"font-family: Arial,sans-serif;\"> La gran familia Inces tambi\u00e9n disfrut\u00f3 del concierto por parte de la trabajadora Thania Montoya, adscrita a la Unidad de Administraci\u00f3n, quien nos deleit\u00f3 con sus letras al son de la m\u00fasica tropical, que puso a bailar al p\u00fablico presente.<\/span><\/p>\n<p style=\"text-align: justify;\" align=\"justify\"><img loading=\"lazy\" decoding=\"async\" class=\"aligncenter wp-image-23378 size-full\" src=\"http:\/\/www.inces.gob.ve\/wp-content\/uploads\/2018\/12\/1compartir-de-fin-de-a\u00f1o.jpg\" alt=\"\" width=\"700\" height=\"525\" srcset=\"https:\/\/inces.gob.ve\/wp-content\/uploads\/2018\/12\/1compartir-de-fin-de-a\u00f1o.jpg 700w, https:\/\/inces.gob.ve\/wp-content\/uploads\/2018\/12\/1compartir-de-fin-de-a\u00f1o-300x225.jpg 300w, https:\/\/inces.gob.ve\/wp-content\/uploads\/2018\/12\/1compartir-de-fin-de-a\u00f1o-136x102.jpg 136w\" sizes=\"auto, (max-width: 700px) 100vw, 700px\" \/><\/p>\n<p style=\"text-align: justify;\" align=\"justify\"><span style=\"font-family: Arial,sans-serif;\"> El momento fue propicio para brindar y juntarse entre los trabajadore de otras unidades administrativas, programas de formaci\u00f3n y centros de formaci\u00f3n.<\/span><\/p>\n<p style=\"text-align: justify;\" align=\"justify\">IR.<\/p>\n","protected":false},"excerpt":{"rendered":"<p>** La participaci\u00f3n, el compa\u00f1erismo y la camarader\u00eda se evidenci\u00f3 en cada centro de formaci\u00f3n tras el compartir de fin de a\u00f1o<\/p>\n","protected":false},"author":15,"featured_media":23376,"comment_status":"closed","ping_status":"closed","sticky":false,"template":"","format":"standard","meta":{"footnotes":""},"categories":[2],"tags":[],"class_list":["post-23375","post","type-post","status-publish","format-standard","has-post-thumbnail","hentry","category-blog"],"_links":{"self":[{"href":"https:\/\/inces.gob.ve\/index.php\/wp-json\/wp\/v2\/posts\/23375","targetHints":{"allow":["GET"]}}],"collection":[{"href":"https:\/\/inces.gob.ve\/index.php\/wp-json\/wp\/v2\/posts"}],"about":[{"href":"https:\/\/inces.gob.ve\/index.php\/wp-json\/wp\/v2\/types\/post"}],"author":[{"embeddable":true,"href":"https:\/\/inces.gob.ve\/index.php\/wp-json\/wp\/v2\/users\/15"}],"replies":[{"embeddable":true,"href":"https:\/\/inces.gob.ve\/index.php\/wp-json\/wp\/v2\/comments?post=23375"}],"version-history":[{"count":2,"href":"https:\/\/inces.gob.ve\/index.php\/wp-json\/wp\/v2\/posts\/23375\/revisions"}],"predecessor-version":[{"id":23380,"href":"https:\/\/inces.gob.ve\/index.php\/wp-json\/wp\/v2\/posts\/23375\/revisions\/23380"}],"wp:featuredmedia":[{"embeddable":true,"href":"https:\/\/inces.gob.ve\/index.php\/wp-json\/wp\/v2\/media\/23376"}],"wp:attachment":[{"href":"https:\/\/inces.gob.ve\/index.php\/wp-json\/wp\/v2\/media?parent=23375"}],"wp:term":[{"taxonomy":"category","embeddable":true,"href":"https:\/\/inces.gob.ve\/index.php\/wp-json\/wp\/v2\/categories?post=23375"},{"taxonomy":"post_tag","embeddable":true,"href":"https:\/\/inces.gob.ve\/index.php\/wp-json\/wp\/v2\/tags?post=23375"}],"curies":[{"name":"wp","href":"https:\/\/api.w.org\/{rel}","templated":true}]}}