{"id":23391,"date":"2018-12-10T13:18:32","date_gmt":"2018-12-10T19:18:32","guid":{"rendered":"http:\/\/www.inces.gob.ve\/?p=23391"},"modified":"2020-05-28T20:30:04","modified_gmt":"2020-05-29T00:30:04","slug":"inces-fabrica-urnas-a-las-comunidades","status":"publish","type":"post","link":"https:\/\/inces.gob.ve\/index.php\/2018\/12\/10\/inces-fabrica-urnas-a-las-comunidades\/","title":{"rendered":"Inces fabrica urnas a las comunidades"},"content":{"rendered":"<p style=\"text-align: justify;\" align=\"justify\"><i>** <\/i><b>A precios solidarios<\/b><\/p>\n<p style=\"text-align: justify;\" align=\"justify\"><!--more--><\/p>\n<p align=\"justify\">\n<p style=\"text-align: justify;\" align=\"justify\"><b>MAR\u00cdA CABRERA | Trujillo<\/b><\/p>\n<p align=\"justify\">\n<p style=\"text-align: justify;\" align=\"justify\"><span style=\"font-family: Arial,sans-serif;\">La elaboraci\u00f3n de urnas, como parte de los proyectos productivos, es una de las grandes novedades que este a\u00f1o 2018 tiene el Instituto Nacional de Capacitaci\u00f3n y Educaci\u00f3n Socialista, hecho muy atractivo y curioso para las personas tanto dentro como fuera de la instituci\u00f3n.<\/span><\/p>\n<p style=\"text-align: justify;\" align=\"justify\"><span style=\"font-family: Arial,sans-serif;\">Yuleidy Segovia, jefa del centro de formaci\u00f3n socialista \u201cJos\u00e9 Marti\u201d explica que este proyecto est\u00e1 considerado el proyecto bandera del Inces Trujillo, toda vez que los altos costos y la hiperinflacion que amenaza al pa\u00eds a puesto contra la pared a muchos oficios y profesiones que de manera creativa deben de llevar sus planes para poder cumplir su labor.<\/span><\/p>\n<p style=\"text-align: justify;\" align=\"justify\"><img loading=\"lazy\" decoding=\"async\" class=\"aligncenter wp-image-23394 size-full\" src=\"http:\/\/www.inces.gob.ve\/wp-content\/uploads\/2018\/12\/1urnas-a-las-comunidades.jpg\" alt=\"\" width=\"800\" height=\"600\" srcset=\"https:\/\/inces.gob.ve\/wp-content\/uploads\/2018\/12\/1urnas-a-las-comunidades.jpg 800w, https:\/\/inces.gob.ve\/wp-content\/uploads\/2018\/12\/1urnas-a-las-comunidades-300x225.jpg 300w, https:\/\/inces.gob.ve\/wp-content\/uploads\/2018\/12\/1urnas-a-las-comunidades-768x576.jpg 768w, https:\/\/inces.gob.ve\/wp-content\/uploads\/2018\/12\/1urnas-a-las-comunidades-136x102.jpg 136w\" sizes=\"auto, (max-width: 800px) 100vw, 800px\" \/><br \/>\n<span style=\"font-family: Arial,sans-serif;\">Segovia, con amplia experiencia en el conocimiento social de las comunidades, refiere que la idea de experimentar con este regl\u00f3n obedece a la la imposibilidad de muchas familias y las mismas funerarias por los altos precios de los sarc\u00f3fagos y para responder a la creciente demanda colectiva.<\/span><\/p>\n<p style=\"text-align: justify;\" align=\"justify\">\u201c<span style=\"font-family: Arial,sans-serif;\">Es as\u00ed como se plantea el reto de asumir la fabricaci\u00f3n de f\u00e9retros, hasta ahora solo hemos dise\u00f1ado siete urnas cuyos beneficiarios han sido las comunidades cercanas, personal del Inces y de la alcald\u00eda de Valera. Las urnas est\u00e1n hecha con madera y compuestos de MDF. Su calidad es \u00f3ptima, al punto que se ha regado el rumor y nos ha solicitado gente de las mismas funerarias que se le elaboren cantidades; pero nuestra idea es no sacar o atender a intermediarios, sino a la comunidad directamente\u201d, agreg\u00f3 Segovia.<\/span><\/p>\n<p style=\"text-align: justify;\" align=\"justify\"><span style=\"font-family: Arial,sans-serif;\">La jefe de CFS Jos\u00e9 Marti detalla que en esta importante cruzada se encuentran Jos\u00e9 Luis Ortega y Arnoldo Urbina, ambos experimentados en el regl\u00f3n de la carpinter\u00eda, quienes comenzaron ideando este proyecto como una empresa de producci\u00f3n social y ahora de unidad de producci\u00f3n social con la convicci\u00f3n que poder impartir sus conocimientos a otros y de aprovechar el material reciclaje, estivas o paletas para abaratar los costos y que son donadas por las empresas Mercal y Venvidrio.<\/span><\/p>\n<p style=\"text-align: justify;\" align=\"justify\"><img loading=\"lazy\" decoding=\"async\" class=\"aligncenter wp-image-23392 size-full\" src=\"http:\/\/www.inces.gob.ve\/wp-content\/uploads\/2018\/12\/4urnas-a-las-comunidades.jpg\" alt=\"\" width=\"800\" height=\"598\" srcset=\"https:\/\/inces.gob.ve\/wp-content\/uploads\/2018\/12\/4urnas-a-las-comunidades.jpg 800w, https:\/\/inces.gob.ve\/wp-content\/uploads\/2018\/12\/4urnas-a-las-comunidades-300x224.jpg 300w, https:\/\/inces.gob.ve\/wp-content\/uploads\/2018\/12\/4urnas-a-las-comunidades-768x574.jpg 768w, https:\/\/inces.gob.ve\/wp-content\/uploads\/2018\/12\/4urnas-a-las-comunidades-136x102.jpg 136w\" sizes=\"auto, (max-width: 800px) 100vw, 800px\" \/><\/p>\n<p style=\"text-align: justify;\" align=\"justify\"><span style=\"font-family: Arial,sans-serif;\">La funcionaria del Inces informa que dado la creciente demanda se ha hecho pertinente conseguir material por medio de articulaciones con otros organismos del estado, entre ellos el Ministerio del Poder Popular para el Ambiente, diligencia que lleva a cabo la gerente regional Ang\u00e9lica ,Mor\u00f3n con anuencia de Wuikelman Angel Paredes, presidente del Inces, para concretar as\u00ed una idea que pudiese resolverle la urgencia a muchas familias.<\/span><\/p>\n<p style=\"text-align: justify;\" align=\"justify\">LT.<\/p>\n","protected":false},"excerpt":{"rendered":"<p>** A precios solidarios<\/p>\n","protected":false},"author":15,"featured_media":23393,"comment_status":"closed","ping_status":"closed","sticky":false,"template":"","format":"standard","meta":{"footnotes":""},"categories":[2],"tags":[],"class_list":["post-23391","post","type-post","status-publish","format-standard","has-post-thumbnail","hentry","category-blog"],"_links":{"self":[{"href":"https:\/\/inces.gob.ve\/index.php\/wp-json\/wp\/v2\/posts\/23391","targetHints":{"allow":["GET"]}}],"collection":[{"href":"https:\/\/inces.gob.ve\/index.php\/wp-json\/wp\/v2\/posts"}],"about":[{"href":"https:\/\/inces.gob.ve\/index.php\/wp-json\/wp\/v2\/types\/post"}],"author":[{"embeddable":true,"href":"https:\/\/inces.gob.ve\/index.php\/wp-json\/wp\/v2\/users\/15"}],"replies":[{"embeddable":true,"href":"https:\/\/inces.gob.ve\/index.php\/wp-json\/wp\/v2\/comments?post=23391"}],"version-history":[{"count":2,"href":"https:\/\/inces.gob.ve\/index.php\/wp-json\/wp\/v2\/posts\/23391\/revisions"}],"predecessor-version":[{"id":23396,"href":"https:\/\/inces.gob.ve\/index.php\/wp-json\/wp\/v2\/posts\/23391\/revisions\/23396"}],"wp:featuredmedia":[{"embeddable":true,"href":"https:\/\/inces.gob.ve\/index.php\/wp-json\/wp\/v2\/media\/23393"}],"wp:attachment":[{"href":"https:\/\/inces.gob.ve\/index.php\/wp-json\/wp\/v2\/media?parent=23391"}],"wp:term":[{"taxonomy":"category","embeddable":true,"href":"https:\/\/inces.gob.ve\/index.php\/wp-json\/wp\/v2\/categories?post=23391"},{"taxonomy":"post_tag","embeddable":true,"href":"https:\/\/inces.gob.ve\/index.php\/wp-json\/wp\/v2\/tags?post=23391"}],"curies":[{"name":"wp","href":"https:\/\/api.w.org\/{rel}","templated":true}]}}