{"id":23436,"date":"2018-12-11T09:39:23","date_gmt":"2018-12-11T15:39:23","guid":{"rendered":"http:\/\/www.inces.gob.ve\/?p=23436"},"modified":"2020-05-28T20:33:29","modified_gmt":"2020-05-29T00:33:29","slug":"721-privados-de-libertad-de-merida-se-formaron-en-un-oficio-productivo","status":"publish","type":"post","link":"https:\/\/inces.gob.ve\/index.php\/2018\/12\/11\/721-privados-de-libertad-de-merida-se-formaron-en-un-oficio-productivo\/","title":{"rendered":"721 privados de libertad de M\u00e9rida se formaron en un oficio productivo"},"content":{"rendered":"<p align=\"justify\"><i><b>** La formaci\u00f3n se desarroll\u00f3 en los diferentes centros de reclusi\u00f3n de la entidad, para un total de 49 cursos en diferentes motores productivos<\/b><\/i><\/p>\n<p align=\"justify\"><!--more--><\/p>\n<p align=\"justify\"><b>NADIA LOBO | M\u00e9rida<\/b><\/p>\n<p align=\"justify\"><span style=\"font-family: Arial,sans-serif;\">Aproximadamente 721 privados de libertad, entre hombre, mujeres y adolescentes en condici\u00f3n de reclusos recibieron formaci\u00f3n y capacitaci\u00f3n en diferente oficios productivos por parte de maestros t\u00e9cnicos del Inces M\u00e9rida, dentro de las instalaciones carcelarias de la entidad.<\/span><\/p>\n<p align=\"justify\"><span style=\"font-family: Arial,sans-serif;\">La informaci\u00f3n fue aportada por Juan G\u00f3mez, responsable de la Coordinaci\u00f3n del Programa Penitenciario \u201cLuisa C\u00e1ceres de Arismendi\u201d, adscrito al Instituto Nacional de Capacitaci\u00f3n y Educaci\u00f3n Socialista (Inces), quien destac\u00f3 la importancia que representa para los privados de libertad recibir formaci\u00f3n en oficios relacionados con los motores productivos: agr\u00edcola, industria, turismo y ejes complementarios.<\/span><\/p>\n<p align=\"justify\"><span style=\"font-family: Arial,sans-serif;\">Indic\u00f3 igualmente que la formaci\u00f3n que el Inces contempl\u00f3 durante el a\u00f1o 2018 alcanz\u00f3 un total de 49 cursos que se desarrollaron en espacios acondicionados tanto en el Centro Penitenciario Regi\u00f3n Andina (CPRA); Anexos Femenino; en la Entidad de Atenci\u00f3n de Adolescentes M\u00e9rida, as\u00ed como personas atendidas por la Misi\u00f3n Negra Hip\u00f3lita. <\/span><\/p>\n<p align=\"justify\"><span style=\"font-family: Arial,sans-serif;\">Explic\u00f3 que la formaci\u00f3n que recibieron mujeres, adolescentes y hombres culminaron recientemente en los siguientes cursos: Granjas Integrales; Confecci\u00f3n de Camisas para Damas y Caballeros; Elaboraci\u00f3n de Tortas; Panificaci\u00f3n Dom\u00e9stica y Confecci\u00f3n de Ropa \u00cdntima, quienes recibir\u00e1n su certificado correspondiente por parte del Inces. Mientas otro importante n\u00famero de privados de libertad se capacitaron en oficios como: Destrezas y Principios B\u00e1sicos de Electricidad; Preparaci\u00f3n de Salsas; B\u00e1sico de refrigeraci\u00f3n; Servicio b\u00e1sico de comedor, entre otros.<\/span><\/p>\n<p align=\"justify\"><span style=\"font-family: Arial,sans-serif;\">La gerente regional del Inces, Yvonne Pirela, agradeci\u00f3 el apoyo de 15 maestros y promotores t\u00e9cnicos productivos; as\u00ed mismo, destac\u00f3 la participaci\u00f3n de 7 privados de libertad, quienes colaboran como formadores dentro de las instalaciones del Centro Penitenciario Regi\u00f3n Andina (CPRA) en diferente \u00e1reas.<\/span><\/p>\n<p align=\"justify\"><span style=\"font-family: Arial,sans-serif;\">Finalmente, la titular del Inces destac\u00f3 la importancia del Programa Penitenciario \u00abLuisa C\u00e1ceres de Arismendi\u00bb pues viene a contribuir con el desarrollo socioproductivo del pa\u00eds y a la construcci\u00f3n de la mujer y hombre nuevo a trav\u00e9s de la formaci\u00f3n liberadora, cr\u00edtica e integral mediante los diferentes motores productivos del que desarrolla el gobierno del presidente Nicol\u00e1s Maduro.<\/span><\/p>\n<p align=\"justify\"><span style=\"font-family: Arial,sans-serif;\">LT.<\/span><\/p>\n","protected":false},"excerpt":{"rendered":"<p>** La formaci\u00f3n se desarroll\u00f3 en los diferentes centros de reclusi\u00f3n de la entidad, para un total de 49 cursos en diferentes motores productivos<\/p>\n","protected":false},"author":15,"featured_media":23437,"comment_status":"closed","ping_status":"closed","sticky":false,"template":"","format":"standard","meta":{"footnotes":""},"categories":[2],"tags":[],"class_list":["post-23436","post","type-post","status-publish","format-standard","has-post-thumbnail","hentry","category-blog"],"_links":{"self":[{"href":"https:\/\/inces.gob.ve\/index.php\/wp-json\/wp\/v2\/posts\/23436","targetHints":{"allow":["GET"]}}],"collection":[{"href":"https:\/\/inces.gob.ve\/index.php\/wp-json\/wp\/v2\/posts"}],"about":[{"href":"https:\/\/inces.gob.ve\/index.php\/wp-json\/wp\/v2\/types\/post"}],"author":[{"embeddable":true,"href":"https:\/\/inces.gob.ve\/index.php\/wp-json\/wp\/v2\/users\/15"}],"replies":[{"embeddable":true,"href":"https:\/\/inces.gob.ve\/index.php\/wp-json\/wp\/v2\/comments?post=23436"}],"version-history":[{"count":2,"href":"https:\/\/inces.gob.ve\/index.php\/wp-json\/wp\/v2\/posts\/23436\/revisions"}],"predecessor-version":[{"id":23439,"href":"https:\/\/inces.gob.ve\/index.php\/wp-json\/wp\/v2\/posts\/23436\/revisions\/23439"}],"wp:featuredmedia":[{"embeddable":true,"href":"https:\/\/inces.gob.ve\/index.php\/wp-json\/wp\/v2\/media\/23437"}],"wp:attachment":[{"href":"https:\/\/inces.gob.ve\/index.php\/wp-json\/wp\/v2\/media?parent=23436"}],"wp:term":[{"taxonomy":"category","embeddable":true,"href":"https:\/\/inces.gob.ve\/index.php\/wp-json\/wp\/v2\/categories?post=23436"},{"taxonomy":"post_tag","embeddable":true,"href":"https:\/\/inces.gob.ve\/index.php\/wp-json\/wp\/v2\/tags?post=23436"}],"curies":[{"name":"wp","href":"https:\/\/api.w.org\/{rel}","templated":true}]}}