{"id":23491,"date":"2018-12-12T14:27:54","date_gmt":"2018-12-12T20:27:54","guid":{"rendered":"http:\/\/www.inces.gob.ve\/?p=23491"},"modified":"2020-05-28T20:30:04","modified_gmt":"2020-05-29T00:30:04","slug":"se-realizo-charla-con-motivo-de-la-celebracion-mundial-contra-el-sida","status":"publish","type":"post","link":"https:\/\/inces.gob.ve\/index.php\/2018\/12\/12\/se-realizo-charla-con-motivo-de-la-celebracion-mundial-contra-el-sida\/","title":{"rendered":"Se realiz\u00f3 charla con motivo de la celebraci\u00f3n Mundial contra el SIDA"},"content":{"rendered":"<p align=\"justify\"><i><b>** Contra el VIH desde el Inces Regional Aragua<\/b><\/i><\/p>\n<p align=\"justify\">\n<!--more--><\/p>\n<p align=\"justify\"><b>NINOSKA PATRIZ| Aragua<\/b><\/p>\n<p align=\"justify\">\n<p align=\"justify\"><span style=\"font-family: Arial,sans-serif;\">Desde los espacios del auditorio del Inces Regional Aragua, se llev\u00f3 a cabo una charla sobre el Virus de Inmunodeficiencia Humana (VIH). Al mismo se dieron cita los j\u00f3venes del Programa Nacional de Aprendizaje.<\/span><\/p>\n<p align=\"justify\">\n<p align=\"justify\"><span style=\"font-family: Arial,sans-serif;\">Esta actividad se realiz\u00f3 en referencia al D\u00eda Mundial de la lucha contra el SIDA, que se celebra cada 1ro de Diciembre. Esta fecha se instaura el 27 de octubre de 1988, cuando la Asamblea General de las Naciones Unidas, en conjunto con la Organizaci\u00f3n Mundial de la Salud as\u00ed lo decreta para destacar su importancia. El m\u00e9dico especialista en erencia y Servicio de la Salud, Pedro Rodr\u00edguez, quien tambi\u00e9n es coordinador Regional en VIH de Corposalud, estuvo al frente de orientar a los aprendices sobre el tema. <\/span><\/p>\n<p align=\"justify\"><img loading=\"lazy\" decoding=\"async\" class=\"aligncenter wp-image-23494 size-large\" src=\"http:\/\/www.inces.gob.ve\/wp-content\/uploads\/2018\/12\/1contra-el-SIDA--759x1024.jpg\" alt=\"\" width=\"640\" height=\"863\" srcset=\"https:\/\/inces.gob.ve\/wp-content\/uploads\/2018\/12\/1contra-el-SIDA--759x1024.jpg 759w, https:\/\/inces.gob.ve\/wp-content\/uploads\/2018\/12\/1contra-el-SIDA--222x300.jpg 222w, https:\/\/inces.gob.ve\/wp-content\/uploads\/2018\/12\/1contra-el-SIDA--768x1036.jpg 768w, https:\/\/inces.gob.ve\/wp-content\/uploads\/2018\/12\/1contra-el-SIDA--569x768.jpg 569w, https:\/\/inces.gob.ve\/wp-content\/uploads\/2018\/12\/1contra-el-SIDA-.jpg 800w\" sizes=\"auto, (max-width: 640px) 100vw, 640px\" \/><br \/>\n<span style=\"font-family: Arial,sans-serif;\">Rodr\u00edguez destac\u00f3 que: \u201cEl virus se puede transmitir mediante el contacto con la sangre, el semen o los fluidos vaginales infectados. Luego de pocas semanas, pueden aparecer s\u00edntomas como fiebre, dolor de garganta y fatiga. As\u00ed mismo, la enfermedad suele ser asintom\u00e1tica hasta que se convierte en SIDA. Los s\u00edntomas incluyen p\u00e9rdida de peso, fiebre o sudores nocturnos, infecciones recurrentes y fatiga\u201d. Cabe resaltar que el evento fue un trabajo de equipo entre los centro de formaci\u00f3n socialista (CFS) El L\u00edm\u00f3n y Metalminero. <\/span><\/p>\n<p align=\"justify\">\n<p align=\"justify\"><span style=\"font-family: Arial,sans-serif;\">Estuvieron presentes Isbelia Marquina, coordinadora de Juventud Productiva; Flor Tortolero maestra t\u00e9cnica, en compa\u00f1\u00eda de un nutrido grupo de profesores del CFS El l\u00edm\u00f3n. \u201cNo existe una cura para el SIDA, pero las terapias con antirretrovirales pueden atenuar significativamente la enfermedad. Con los medicamentos se busca mejorar la calidad de vida de los pacientes, prolongar su buen estado f\u00edsico y evitar complicaciones secundarias\u201d, recalc\u00f3 Rodr\u00edguez. Por su parte, Marquina coment\u00f3 que: \u201cEn funci\u00f3n de continuar propiciando la siembra de valores apoyamos esta iniciativa de Corposalud para desmentir mitos y falsas creencias sobre la transmisi\u00f3n de la enfermedad. Nuestro prop\u00f3sito es promover el buen comportamiento, la responsabilidad y compromiso con el trabajo\u201d. <\/span><\/p>\n<p align=\"justify\">\n<p align=\"justify\">\u201c<span style=\"font-family: Arial,sans-serif;\">De igual forma, estamos en contra de la discriminaci\u00f3n de g\u00e9nero o exclusi\u00f3n social a la cual puedes estar expuestas las personas que tienen esta condici\u00f3n especial de vida. Son muchas las circunstancias a la cual todos estamos expuestos y nadie est\u00e1 exento de adquirir este virus\u201d, expres\u00f3 Tortolero. \u201cEn el camino del conocimiento, la formaci\u00f3n es parte primordial para el razonamiento de nuestro accionar, m\u00e1s a\u00fan si se trata de nuestra salud. Por ello es bueno que conozcan de los m\u00e9todos anticonceptivos de barrera, la abstinencia y los aspectos preventivos al contagio de esta enfermedad\u201d.<\/span><\/p>\n<p align=\"justify\"><img loading=\"lazy\" decoding=\"async\" class=\"aligncenter wp-image-23493 size-full\" src=\"http:\/\/www.inces.gob.ve\/wp-content\/uploads\/2018\/12\/2contra-el-SIDA-.jpg\" alt=\"\" width=\"800\" height=\"593\" srcset=\"https:\/\/inces.gob.ve\/wp-content\/uploads\/2018\/12\/2contra-el-SIDA-.jpg 800w, https:\/\/inces.gob.ve\/wp-content\/uploads\/2018\/12\/2contra-el-SIDA--300x222.jpg 300w, https:\/\/inces.gob.ve\/wp-content\/uploads\/2018\/12\/2contra-el-SIDA--768x569.jpg 768w, https:\/\/inces.gob.ve\/wp-content\/uploads\/2018\/12\/2contra-el-SIDA--136x102.jpg 136w\" sizes=\"auto, (max-width: 800px) 100vw, 800px\" \/>\n<\/p>\n<p align=\"justify\"><span style=\"font-family: Arial,sans-serif;\">Por su parte, el coordinador Rodr\u00edguez, record\u00f3 que: \u201cPara este a\u00f1o nuestra meta es garantizar el 90% del tratamiento requerido, as\u00ed como la vacunaci\u00f3n contra la hepatitis: tres d\u00f3sis por mes, pues la sangre es su principal v\u00eda de contagio\u201d.<\/span><\/p>\n<p align=\"justify\">LT.\n<\/p>\n<p align=\"justify\">\n<p align=\"justify\">\n","protected":false},"excerpt":{"rendered":"<p>** Contra el VIH desde el Inces Regional Aragua<\/p>\n","protected":false},"author":15,"featured_media":23492,"comment_status":"closed","ping_status":"closed","sticky":false,"template":"","format":"standard","meta":{"footnotes":""},"categories":[2],"tags":[],"class_list":["post-23491","post","type-post","status-publish","format-standard","has-post-thumbnail","hentry","category-blog"],"_links":{"self":[{"href":"https:\/\/inces.gob.ve\/index.php\/wp-json\/wp\/v2\/posts\/23491","targetHints":{"allow":["GET"]}}],"collection":[{"href":"https:\/\/inces.gob.ve\/index.php\/wp-json\/wp\/v2\/posts"}],"about":[{"href":"https:\/\/inces.gob.ve\/index.php\/wp-json\/wp\/v2\/types\/post"}],"author":[{"embeddable":true,"href":"https:\/\/inces.gob.ve\/index.php\/wp-json\/wp\/v2\/users\/15"}],"replies":[{"embeddable":true,"href":"https:\/\/inces.gob.ve\/index.php\/wp-json\/wp\/v2\/comments?post=23491"}],"version-history":[{"count":1,"href":"https:\/\/inces.gob.ve\/index.php\/wp-json\/wp\/v2\/posts\/23491\/revisions"}],"predecessor-version":[{"id":23495,"href":"https:\/\/inces.gob.ve\/index.php\/wp-json\/wp\/v2\/posts\/23491\/revisions\/23495"}],"wp:featuredmedia":[{"embeddable":true,"href":"https:\/\/inces.gob.ve\/index.php\/wp-json\/wp\/v2\/media\/23492"}],"wp:attachment":[{"href":"https:\/\/inces.gob.ve\/index.php\/wp-json\/wp\/v2\/media?parent=23491"}],"wp:term":[{"taxonomy":"category","embeddable":true,"href":"https:\/\/inces.gob.ve\/index.php\/wp-json\/wp\/v2\/categories?post=23491"},{"taxonomy":"post_tag","embeddable":true,"href":"https:\/\/inces.gob.ve\/index.php\/wp-json\/wp\/v2\/tags?post=23491"}],"curies":[{"name":"wp","href":"https:\/\/api.w.org\/{rel}","templated":true}]}}