{"id":23496,"date":"2018-12-12T14:45:58","date_gmt":"2018-12-12T20:45:58","guid":{"rendered":"http:\/\/www.inces.gob.ve\/?p=23496"},"modified":"2020-05-28T20:30:04","modified_gmt":"2020-05-29T00:30:04","slug":"con-la-entrega-de-2-075-certificados-a-privados-de-libertad-inces-cierra-plan-formativo-2018-en-cpc","status":"publish","type":"post","link":"https:\/\/inces.gob.ve\/index.php\/2018\/12\/12\/con-la-entrega-de-2-075-certificados-a-privados-de-libertad-inces-cierra-plan-formativo-2018-en-cpc\/","title":{"rendered":"Con la entrega de 2.075 certificados a privados de libertad  Inces cierra plan formativo 2018 en CPC"},"content":{"rendered":"<p class=\"western\" align=\"justify\"><span style=\"font-family: Arial,sans-serif;\"><i><b>** Fueron atendidas, en total, 3.552 personas <\/b><\/i><\/span><\/p>\n<p align=\"justify\">\n<p align=\"justify\"><!--more--><\/p>\n<p align=\"justify\">\n<p align=\"justify\">\n<p class=\"western\" align=\"justify\"><span style=\"font-family: Arial,sans-serif;\">MIRIAM GONZ\u00c1LEZ VILLARROEL | Falc\u00f3n<\/span><\/p>\n<p class=\"western\" align=\"justify\">\n<p class=\"western\" align=\"justify\"><span style=\"font-family: Arial,sans-serif;\">Durante el d\u00eda de ayer, en las instalaciones de la Comunidad Penitenciaria de Coro (CPC) el Instituto Nacional de Capacitaci\u00f3n y Educaci\u00f3n Socialista (Inces) Falc\u00f3n entreg\u00f3 constancias de certificaci\u00f3n de saberes emp\u00edricos y acad\u00e9micos a los privados y privadas de libertad que est\u00e1n albergados en este recinto penitenciario.<\/span><\/p>\n<p class=\"western\" align=\"justify\">\n<p class=\"western\" align=\"justify\"><span style=\"font-family: Arial,sans-serif;\">Al acto acad\u00e9mico donde asistieron el director de la CPC, Francisco Colina; directora del anexo femenino de la CPC; gerente regional del Inces Falc\u00f3n, Eneyda Mart\u00ednez; coordinador del Programa Penitenciario, Dany Borges y Rosaura S\u00e1nchez, coordinadora de la Misi\u00f3n Robinson 2 Productiva quienes fueron entregando las constancias a cada uno de los privados de libertad que se sumaron a la estrategia educativa del Inces de Formar Produciendo y de Producir Formando.<\/span><\/p>\n<p class=\"western\" align=\"justify\"><span style=\"font-family: Arial,sans-serif;\"><img loading=\"lazy\" decoding=\"async\" class=\"aligncenter wp-image-23498 size-full\" src=\"http:\/\/www.inces.gob.ve\/wp-content\/uploads\/2018\/12\/2certificados-a-privados-de-libertad.jpg\" alt=\"\" width=\"800\" height=\"405\" srcset=\"https:\/\/inces.gob.ve\/wp-content\/uploads\/2018\/12\/2certificados-a-privados-de-libertad.jpg 800w, https:\/\/inces.gob.ve\/wp-content\/uploads\/2018\/12\/2certificados-a-privados-de-libertad-300x152.jpg 300w, https:\/\/inces.gob.ve\/wp-content\/uploads\/2018\/12\/2certificados-a-privados-de-libertad-768x389.jpg 768w\" sizes=\"auto, (max-width: 800px) 100vw, 800px\" \/><\/span><\/p>\n<p class=\"western\" align=\"justify\"><span style=\"font-family: Arial,sans-serif;\">3.552 personas atendidas <\/span><\/p>\n<p class=\"western\" align=\"justify\"><span style=\"font-family: Arial,sans-serif;\">Inform\u00f3 Eneyda Mart\u00ednez, gerente regional del Inces, es importante resaltar que durante el a\u00f1o 2018 el Programa Penitenciario del Inces atendi\u00f3 a 3.552 personas, de los cuales 2.075 fueron privados de libertad y 1.477 entre j\u00f3venes y mujeres de sectores vulnerables de las comunidades adyacentes a la CPC.<\/span><\/p>\n<p class=\"western\" align=\"justify\">\n<p class=\"western\" align=\"justify\"><span style=\"font-family: Arial,sans-serif;\">Precis\u00f3 Mart\u00ednez, entre los principales oficios productivos que fueron certificados por el Inces Falc\u00f3n, se encuentran: Elaborador de Adornos para el Hogar, Carpintero, Panadero, Dulcer\u00eda Criolla, Reciclaje y Reuso, Barber\u00eda, Alba\u00f1iles de Segunda, Plomero, Corte y Costura, Herramientas Ofim\u00e1ticas, Confeccionista en Tejido de Punto; Elaborador de Bolsos, Morrales y Carteras, entre otros.<\/span><\/p>\n<p class=\"western\" align=\"justify\">\n<p class=\"western\" align=\"justify\"><span style=\"font-family: Arial,sans-serif;\">Resalt\u00f3, en el acto protocolar tambi\u00e9n la coordinaci\u00f3n de la Misi\u00f3n Robinson 2 Productiva, entreg\u00f3 certificados de primaria a privados de libertad que igualmente fueron acreditados en oficios productivos por el Inces Falc\u00f3n.<\/span><\/p>\n<p class=\"western\" align=\"justify\">\n<p class=\"western\" align=\"justify\"><span style=\"font-family: Arial,sans-serif;\">Hacia la transformaci\u00f3n de hombres y mujeres nuevos<\/span><\/p>\n<p class=\"western\" align=\"justify\"><span style=\"font-family: Arial,sans-serif;\"><span lang=\"es-ES\">Por su parte el director de la CPC Francisco Colina expres\u00f3 que las acciones de aprendizajes dirigidas a los privados de libertad se realizan con el <\/span>compromiso de implementar actividades orientadas a la transformaci\u00f3n de hombres y mujeres nuevos, y de consolidar en nuestros privados de libertad valores bolivarianos, patri\u00f3ticos y antiimperialistas, en defensa de la patria grande que Bol\u00edvar so\u00f1\u00f3.<\/span><\/p>\n<p class=\"western\" align=\"justify\"><img loading=\"lazy\" decoding=\"async\" class=\"aligncenter wp-image-23497 size-full\" src=\"http:\/\/www.inces.gob.ve\/wp-content\/uploads\/2018\/12\/4certificados-a-privados-de-libertad.jpg\" alt=\"\" width=\"800\" height=\"525\" srcset=\"https:\/\/inces.gob.ve\/wp-content\/uploads\/2018\/12\/4certificados-a-privados-de-libertad.jpg 800w, https:\/\/inces.gob.ve\/wp-content\/uploads\/2018\/12\/4certificados-a-privados-de-libertad-300x197.jpg 300w, https:\/\/inces.gob.ve\/wp-content\/uploads\/2018\/12\/4certificados-a-privados-de-libertad-768x504.jpg 768w\" sizes=\"auto, (max-width: 800px) 100vw, 800px\" \/><br \/>\n<span style=\"font-family: Arial,sans-serif;\">Resalt\u00f3 que la vinculaci\u00f3n con el Inces viene desde hace a\u00f1os, lo cual ha sido un factor importante para muchas personas que est\u00e1n albergadas en este recinto carcelario, \u201chay muchas potencialidades en la comunidad penitenciaria para desarrollar proyectos socioproductivos en las \u00e1reas: textil, herrer\u00eda, agr\u00edcola, artesanal, entre otros\u201d. <\/span><\/p>\n<p class=\"western\" align=\"justify\">\n<p class=\"western\" align=\"justify\"><span style=\"font-family: Arial,sans-serif;\">Concluy\u00f3 Colina que se tiene previsto arrancar en enero 2019 con los procesos formativos en vinculaci\u00f3n con el Inces Falc\u00f3n para afianzar los conocimientos en este sector vulnerable de la poblaci\u00f3n, como parte de los procesos de la humanizaci\u00f3n carcelaria y de formar al nuevo hombre y a la nueva mujer que al reinsertarse a la sociedad cuente con un oficio productivo para sustentarse econ\u00f3micamente.<\/span><\/p>\n<p class=\"western\" align=\"justify\">\nLT.<\/p>\n<p class=\"western\" align=\"justify\">\n","protected":false},"excerpt":{"rendered":"<p>** Fueron atendidas, en total, 3.552 personas<\/p>\n","protected":false},"author":15,"featured_media":23499,"comment_status":"closed","ping_status":"closed","sticky":false,"template":"","format":"standard","meta":{"footnotes":""},"categories":[2],"tags":[],"class_list":["post-23496","post","type-post","status-publish","format-standard","has-post-thumbnail","hentry","category-blog"],"_links":{"self":[{"href":"https:\/\/inces.gob.ve\/index.php\/wp-json\/wp\/v2\/posts\/23496","targetHints":{"allow":["GET"]}}],"collection":[{"href":"https:\/\/inces.gob.ve\/index.php\/wp-json\/wp\/v2\/posts"}],"about":[{"href":"https:\/\/inces.gob.ve\/index.php\/wp-json\/wp\/v2\/types\/post"}],"author":[{"embeddable":true,"href":"https:\/\/inces.gob.ve\/index.php\/wp-json\/wp\/v2\/users\/15"}],"replies":[{"embeddable":true,"href":"https:\/\/inces.gob.ve\/index.php\/wp-json\/wp\/v2\/comments?post=23496"}],"version-history":[{"count":1,"href":"https:\/\/inces.gob.ve\/index.php\/wp-json\/wp\/v2\/posts\/23496\/revisions"}],"predecessor-version":[{"id":23500,"href":"https:\/\/inces.gob.ve\/index.php\/wp-json\/wp\/v2\/posts\/23496\/revisions\/23500"}],"wp:featuredmedia":[{"embeddable":true,"href":"https:\/\/inces.gob.ve\/index.php\/wp-json\/wp\/v2\/media\/23499"}],"wp:attachment":[{"href":"https:\/\/inces.gob.ve\/index.php\/wp-json\/wp\/v2\/media?parent=23496"}],"wp:term":[{"taxonomy":"category","embeddable":true,"href":"https:\/\/inces.gob.ve\/index.php\/wp-json\/wp\/v2\/categories?post=23496"},{"taxonomy":"post_tag","embeddable":true,"href":"https:\/\/inces.gob.ve\/index.php\/wp-json\/wp\/v2\/tags?post=23496"}],"curies":[{"name":"wp","href":"https:\/\/api.w.org\/{rel}","templated":true}]}}