{"id":23507,"date":"2018-12-13T08:01:48","date_gmt":"2018-12-13T14:01:48","guid":{"rendered":"http:\/\/www.inces.gob.ve\/?p=23507"},"modified":"2020-05-28T20:30:04","modified_gmt":"2020-05-29T00:30:04","slug":"ingenio-y-creatividad-brillo-en-expo-feria-productiva-textil-inces-lara-2018","status":"publish","type":"post","link":"https:\/\/inces.gob.ve\/index.php\/2018\/12\/13\/ingenio-y-creatividad-brillo-en-expo-feria-productiva-textil-inces-lara-2018\/","title":{"rendered":"Ingenio y creatividad brill\u00f3 en Expo Feria Productiva Textil  Inces Lara 2018"},"content":{"rendered":"<p align=\"justify\"><span style=\"font-family: Arial,sans-serif;\"><i>**<b>Durante 2018 el Programa de textil brind\u00f3 formaci\u00f3n a 1.300 participantes de diferentes comunidades de la entidad larense <\/b><\/i><\/span><\/p>\n<p align=\"justify\"><!--more--><\/p>\n<p align=\"justify\"><span style=\"font-family: Arial,sans-serif;\"><b>GAUDY L\u00d3PEZ | Lara <\/b><\/span><\/p>\n<p align=\"justify\"><span style=\"font-family: Arial,sans-serif;\">Con ideas innovadoras y tradici\u00f3n decembrina el Programa de Formaci\u00f3n Textil del Inces, en el estado Lara, realiz\u00f3 su Expo Feria Navide\u00f1a donde mujeres y hombres formados en los diferentes cursos de este importante motor econ\u00f3mico, mostraron producci\u00f3n de prendas de vestir para ni\u00f1os, damas, y caballeros, calzados, ropa \u00edntima, y lencer\u00edas para el hogar, para cerrar con broche de oro este per\u00edodo del 2018.<\/span><\/p>\n<p align=\"justify\"><span style=\"font-family: Arial,sans-serif;\">La cultura se hizo presente en el encuentro donde participaron diferentes grupos formados en los siguientes cursos: Curso de Ropa Infantil dictado por la maestra t\u00e9cnico productivo Doris Leal en la parroquia El Cuj\u00ed, Cursos de Ropa \u00cdntima y Bolsos y Morrales, impartido por la maestra t\u00e9cnica productiva Omaira Franco, <\/span><\/p>\n<p align=\"justify\"><img loading=\"lazy\" decoding=\"async\" class=\"wp-image-23510 size-full alignright\" src=\"http:\/\/www.inces.gob.ve\/wp-content\/uploads\/2018\/12\/1Expo-Feria-Productiva.jpg\" alt=\"\" width=\"800\" height=\"496\" srcset=\"https:\/\/inces.gob.ve\/wp-content\/uploads\/2018\/12\/1Expo-Feria-Productiva.jpg 800w, https:\/\/inces.gob.ve\/wp-content\/uploads\/2018\/12\/1Expo-Feria-Productiva-300x186.jpg 300w, https:\/\/inces.gob.ve\/wp-content\/uploads\/2018\/12\/1Expo-Feria-Productiva-768x476.jpg 768w\" sizes=\"auto, (max-width: 800px) 100vw, 800px\" \/><\/p>\n<p align=\"justify\"><span style=\"font-family: Arial,sans-serif;\">Tambi\u00e9n demostraron con emprendimientos sus conocimientos los dos grupos de participantes formados en el <\/span><\/p>\n<p align=\"justify\"><span style=\"font-family: Arial,sans-serif;\">curso de lenceria para el hogar de la mano de las maestras Celia Diaz y Arix Sanchez. Los coloridos dise\u00f1os en la ropa interior infantil para damas y caballeros tambi\u00e9n fueron expuestos en el encuentro por las participantes del Curso de Ropa \u00cdntima dictado por la promotora t\u00e9cnico productivo, Obdulia Linarez<\/span><\/p>\n<p align=\"justify\"><span style=\"font-family: Arial,sans-serif;\">Este a\u00f1o el Inces ha certificado a 1.500 personas con saberes y conocimientos en el corte y la costura, en tejido, calzado, reparaci\u00f3n de m\u00e1quinas industriales, y en la confecci\u00f3n, as\u00ed lo destac\u00f3 la coordinadora del programa textil del Inces en Lara, Elizabeth Brice\u00f1o quien apunt\u00f3 que el Inces seguir\u00e1 promoviendo la participaci\u00f3n del pueblo larense para formarse y apalancar este importante motor econ\u00f3mico como lo representa el textil. <\/span><\/p>\n<p align=\"justify\"><img loading=\"lazy\" decoding=\"async\" class=\"aligncenter wp-image-23509 size-full\" src=\"http:\/\/www.inces.gob.ve\/wp-content\/uploads\/2018\/12\/2Expo-Feria-Productiva.jpg\" alt=\"\" width=\"800\" height=\"450\" srcset=\"https:\/\/inces.gob.ve\/wp-content\/uploads\/2018\/12\/2Expo-Feria-Productiva.jpg 800w, https:\/\/inces.gob.ve\/wp-content\/uploads\/2018\/12\/2Expo-Feria-Productiva-300x169.jpg 300w, https:\/\/inces.gob.ve\/wp-content\/uploads\/2018\/12\/2Expo-Feria-Productiva-768x432.jpg 768w\" sizes=\"auto, (max-width: 800px) 100vw, 800px\" \/><\/p>\n<p align=\"justify\"><span style=\"font-family: Arial,sans-serif;\">Con los diferentes cursos y talleres vinculados a la confecci\u00f3n de prendas de vestir, ropa infantil, ropa intima, lencer\u00eda, reparaci\u00f3n de maquinas de coses abordados en los talleres en el centro de formaci\u00f3n socialista, en las Comunas y Bases de Misiones se atendieron 1.500 participantes.<\/span><\/p>\n","protected":false},"excerpt":{"rendered":"<p>**Durante 2018 el Programa de textil brind\u00f3 formaci\u00f3n a 1.300 participantes de diferentes comunidades de la entidad larense<\/p>\n","protected":false},"author":15,"featured_media":23508,"comment_status":"closed","ping_status":"closed","sticky":false,"template":"","format":"standard","meta":{"footnotes":""},"categories":[2],"tags":[],"class_list":["post-23507","post","type-post","status-publish","format-standard","has-post-thumbnail","hentry","category-blog"],"_links":{"self":[{"href":"https:\/\/inces.gob.ve\/index.php\/wp-json\/wp\/v2\/posts\/23507","targetHints":{"allow":["GET"]}}],"collection":[{"href":"https:\/\/inces.gob.ve\/index.php\/wp-json\/wp\/v2\/posts"}],"about":[{"href":"https:\/\/inces.gob.ve\/index.php\/wp-json\/wp\/v2\/types\/post"}],"author":[{"embeddable":true,"href":"https:\/\/inces.gob.ve\/index.php\/wp-json\/wp\/v2\/users\/15"}],"replies":[{"embeddable":true,"href":"https:\/\/inces.gob.ve\/index.php\/wp-json\/wp\/v2\/comments?post=23507"}],"version-history":[{"count":2,"href":"https:\/\/inces.gob.ve\/index.php\/wp-json\/wp\/v2\/posts\/23507\/revisions"}],"predecessor-version":[{"id":23512,"href":"https:\/\/inces.gob.ve\/index.php\/wp-json\/wp\/v2\/posts\/23507\/revisions\/23512"}],"wp:featuredmedia":[{"embeddable":true,"href":"https:\/\/inces.gob.ve\/index.php\/wp-json\/wp\/v2\/media\/23508"}],"wp:attachment":[{"href":"https:\/\/inces.gob.ve\/index.php\/wp-json\/wp\/v2\/media?parent=23507"}],"wp:term":[{"taxonomy":"category","embeddable":true,"href":"https:\/\/inces.gob.ve\/index.php\/wp-json\/wp\/v2\/categories?post=23507"},{"taxonomy":"post_tag","embeddable":true,"href":"https:\/\/inces.gob.ve\/index.php\/wp-json\/wp\/v2\/tags?post=23507"}],"curies":[{"name":"wp","href":"https:\/\/api.w.org\/{rel}","templated":true}]}}