{"id":23564,"date":"2018-12-13T12:01:18","date_gmt":"2018-12-13T18:01:18","guid":{"rendered":"http:\/\/www.inces.gob.ve\/?p=23564"},"modified":"2020-05-28T20:30:03","modified_gmt":"2020-05-29T00:30:03","slug":"lara-con-un-2018-de-exitosas-experiencias-productivas","status":"publish","type":"post","link":"https:\/\/inces.gob.ve\/index.php\/2018\/12\/13\/lara-con-un-2018-de-exitosas-experiencias-productivas\/","title":{"rendered":"Lara con un 2018 de exitosas experiencias productivas"},"content":{"rendered":"<p align=\"justify\"><span style=\"font-family: Arial,sans-serif;\">** <i><b> Las banderas son de solidaridad y trabajo colectivo<\/b><\/i><\/span><\/p>\n<p align=\"justify\"><!--more--><\/p>\n<p align=\"justify\">\n<p align=\"justify\"><span style=\"font-family: Arial,sans-serif;\"><b>Dannys Morillo | Inces Lara<\/b><\/span><\/p>\n<p align=\"justify\">\n<p align=\"justify\"><span style=\"font-family: Arial,sans-serif;\">En Lara Inces y sus centros de formaci\u00f3n socialista de cara a las dificultades, con el compromiso en la mirada, el verbo y la palabra cierta impulsa y promueve diariamente en su accionar el trabajo productivo a trav\u00e9s del humus y el pan salado artesanal, tanto en Las Mar\u00edas y el CFS Jos\u00e9 Bernardo Dorantes en los municipios Crespo y Jim\u00e9nez respectivamente.<\/span><\/p>\n<p align=\"justify\"><span style=\"font-family: Arial,sans-serif;\">La siembra, las familias y agricultores se ven beneficiados, no s\u00f3lo por la calidad del producto biofertlizante, sino tambi\u00e9n se convierte en una alternativa accesible por su precio justo, y es que en Inces Lara las banderas son de solidaridad y trabajo colectivo, maestros y promotores t\u00e9cnico productivos laboran poniendo todos sus conocimientos y saberes para hacerlo posible.<\/span><\/p>\n<p align=\"justify\"><img loading=\"lazy\" decoding=\"async\" class=\"aligncenter wp-image-23566 size-full\" src=\"http:\/\/www.inces.gob.ve\/wp-content\/uploads\/2018\/12\/1experiencias-productivas.jpg\" alt=\"\" width=\"800\" height=\"450\" srcset=\"https:\/\/inces.gob.ve\/wp-content\/uploads\/2018\/12\/1experiencias-productivas.jpg 800w, https:\/\/inces.gob.ve\/wp-content\/uploads\/2018\/12\/1experiencias-productivas-300x169.jpg 300w, https:\/\/inces.gob.ve\/wp-content\/uploads\/2018\/12\/1experiencias-productivas-768x432.jpg 768w\" sizes=\"auto, (max-width: 800px) 100vw, 800px\" \/><br \/>\n<span style=\"font-family: Arial,sans-serif;\">El sabroso y genuino pan Jimenence, sabroso al paladar del pueblo, sale calientico desde los hornos del CFS Jos\u00e9 Bernardo Dorantes como una trinchera de lucha ante la especulaci\u00f3n, una batalla victoriosa que denota el compromiso y la m\u00edstica, cuando juntos todo es posible.<\/span><\/p>\n<p align=\"justify\"><span style=\"font-family: Arial,sans-serif;\">Un presente y futuro formativo y productivo donde nadie se rinde, un Inces que contagia las ganas de trabajar de manera integral y que lucha junto al colectivo por un fin com\u00fan. #SomosInces con un 2019 pr\u00f3ximo a llegar, donde con fuerza y amor por la patria, se seguir\u00e1 trabajando y venciendo, extendiendo la acci\u00f3n formativa y productiva.<\/span><\/p>\n<p align=\"justify\"><span style=\"font-family: Arial,sans-serif;\">Son proyectos productivos tangibles y reales que desde los centros de formaci\u00f3n socialista y junto al pueblo hacen una sola voz y son ejemplo de las luchas justas.<\/span><\/p>\n<p align=\"justify\"><span style=\"font-family: Arial,sans-serif;\">LT.<\/span><\/p>\n","protected":false},"excerpt":{"rendered":"<p>** Las banderas son de solidaridad y trabajo colectivo<\/p>\n","protected":false},"author":15,"featured_media":23565,"comment_status":"closed","ping_status":"closed","sticky":false,"template":"","format":"standard","meta":{"footnotes":""},"categories":[2],"tags":[],"class_list":["post-23564","post","type-post","status-publish","format-standard","has-post-thumbnail","hentry","category-blog"],"_links":{"self":[{"href":"https:\/\/inces.gob.ve\/index.php\/wp-json\/wp\/v2\/posts\/23564","targetHints":{"allow":["GET"]}}],"collection":[{"href":"https:\/\/inces.gob.ve\/index.php\/wp-json\/wp\/v2\/posts"}],"about":[{"href":"https:\/\/inces.gob.ve\/index.php\/wp-json\/wp\/v2\/types\/post"}],"author":[{"embeddable":true,"href":"https:\/\/inces.gob.ve\/index.php\/wp-json\/wp\/v2\/users\/15"}],"replies":[{"embeddable":true,"href":"https:\/\/inces.gob.ve\/index.php\/wp-json\/wp\/v2\/comments?post=23564"}],"version-history":[{"count":2,"href":"https:\/\/inces.gob.ve\/index.php\/wp-json\/wp\/v2\/posts\/23564\/revisions"}],"predecessor-version":[{"id":23568,"href":"https:\/\/inces.gob.ve\/index.php\/wp-json\/wp\/v2\/posts\/23564\/revisions\/23568"}],"wp:featuredmedia":[{"embeddable":true,"href":"https:\/\/inces.gob.ve\/index.php\/wp-json\/wp\/v2\/media\/23565"}],"wp:attachment":[{"href":"https:\/\/inces.gob.ve\/index.php\/wp-json\/wp\/v2\/media?parent=23564"}],"wp:term":[{"taxonomy":"category","embeddable":true,"href":"https:\/\/inces.gob.ve\/index.php\/wp-json\/wp\/v2\/categories?post=23564"},{"taxonomy":"post_tag","embeddable":true,"href":"https:\/\/inces.gob.ve\/index.php\/wp-json\/wp\/v2\/tags?post=23564"}],"curies":[{"name":"wp","href":"https:\/\/api.w.org\/{rel}","templated":true}]}}