{"id":23574,"date":"2018-12-13T12:17:25","date_gmt":"2018-12-13T18:17:25","guid":{"rendered":"http:\/\/www.inces.gob.ve\/?p=23574"},"modified":"2020-05-28T20:34:18","modified_gmt":"2020-05-29T00:34:18","slug":"zulianos-culminaron-el-curso-de-servicio-de-bar-basico","status":"publish","type":"post","link":"https:\/\/inces.gob.ve\/index.php\/2018\/12\/13\/zulianos-culminaron-el-curso-de-servicio-de-bar-basico\/","title":{"rendered":"Zulianos culminaron el curso de Servicio de Bar B\u00e1sico"},"content":{"rendered":"<p align=\"justify\"><span style=\"font-family: Arial,sans-serif;\"><b>** <i>Cada egresado prepar\u00f3 un c\u00f3ctel diferente<\/i><\/b><\/span><\/p>\n<p align=\"justify\"><!--more--><\/p>\n<p align=\"justify\"><span style=\"font-family: Arial,sans-serif;\"><b>Yudith Castro | Zulia <\/b><\/span><\/p>\n<p align=\"justify\"><span style=\"font-family: Arial,sans-serif;\">Con una demostraci\u00f3n de lo aprendido, 16 zulianos finalizaron el curso de Servicio de Bar B\u00e1sico destac\u00f3, durante la exposici\u00f3n, la coordinadora del Programa Turismo, B\u00e1rbara Molina del Instituto Nacional de Capacitaci\u00f3n y Educaci\u00f3n Socialista (Inces).<\/span><\/p>\n<p align=\"justify\"><span style=\"font-family: Arial,sans-serif;\">La actividad se realiz\u00f3 en la sede administrativa del instituto ubicada en Maracaibo. Estuvieron presente, el jefe de la Divisi\u00f3n de Formaci\u00f3n Profesional de la instituci\u00f3n, Mart\u00edn Mele\u00e1n, el supervisor docente, Igor Morales y familiares de los graduandos. <\/span><\/p>\n<p align=\"justify\"><span style=\"font-family: Arial,sans-serif;\"><img loading=\"lazy\" decoding=\"async\" class=\"aligncenter wp-image-23577 size-full\" src=\"http:\/\/www.inces.gob.ve\/wp-content\/uploads\/2018\/12\/00-Bar-B\u00e1sico.jpg\" alt=\"\" width=\"800\" height=\"480\" srcset=\"https:\/\/inces.gob.ve\/wp-content\/uploads\/2018\/12\/00-Bar-B\u00e1sico.jpg 800w, https:\/\/inces.gob.ve\/wp-content\/uploads\/2018\/12\/00-Bar-B\u00e1sico-300x180.jpg 300w, https:\/\/inces.gob.ve\/wp-content\/uploads\/2018\/12\/00-Bar-B\u00e1sico-768x461.jpg 768w\" sizes=\"auto, (max-width: 800px) 100vw, 800px\" \/><\/span><\/p>\n<p align=\"justify\"><span style=\"font-family: Arial,sans-serif;\">Durante la exposici\u00f3n, cada uno de los egresados prepar\u00f3 un c\u00f3ctel diferente. Mientras lo hac\u00edan explicaban al resto de los presentes, qu\u00e9 tipo de alcohol utilizar\u00edan y las frutas, entre otros componentes. Entre los elaborados podemos destacar: la Pi\u00f1a Colada, Collins, Daikir\u00ed, Cuba Libre y Kaipiri\u00f1a, entre otros.<\/span><\/p>\n<p align=\"justify\"><span style=\"font-family: Arial,sans-serif;\">Molina explic\u00f3 que los participantes est\u00e1n listos para preparar cualquier tipo de tragos porque \u201caprendieron las medidas que les permiten mezclar los diferentes tipos de bebidas alcoh\u00f3licas. Tambi\u00e9n se les ense\u00f1\u00f3 lo que es un bar y sus tipos, las generalidades, c\u00f3mo atender al p\u00fablico y las actividades que se hacen antes y durante el servicio, entre otros aspectos.\u201d<\/span><\/p>\n<p align=\"justify\"><span style=\"font-family: Arial,sans-serif;\">Estos j\u00f3venes est\u00e1n aptos -indic\u00f3-para trabajar en cualquier hotel y restaurante de la ciudad. A trav\u00e9s de estas formaciones, prosigui\u00f3, la instituci\u00f3n contribuye a fortalecer el Motor Turismo, uno de los \u00e1mbitos relevantes que podr\u00eda disminuir la dependencia a la renta petrolera, puntualiz\u00f3. <\/span><\/p>\n<p align=\"justify\"><img loading=\"lazy\" decoding=\"async\" class=\"aligncenter wp-image-23575 size-full\" src=\"http:\/\/www.inces.gob.ve\/wp-content\/uploads\/2018\/12\/6-Bar-B\u00e1sico.jpg\" alt=\"\" width=\"800\" height=\"480\" srcset=\"https:\/\/inces.gob.ve\/wp-content\/uploads\/2018\/12\/6-Bar-B\u00e1sico.jpg 800w, https:\/\/inces.gob.ve\/wp-content\/uploads\/2018\/12\/6-Bar-B\u00e1sico-300x180.jpg 300w, https:\/\/inces.gob.ve\/wp-content\/uploads\/2018\/12\/6-Bar-B\u00e1sico-768x461.jpg 768w\" sizes=\"auto, (max-width: 800px) 100vw, 800px\" \/><\/p>\n<p align=\"justify\"><span style=\"font-family: Arial,sans-serif;\">Luciana Roca, egresada de 22 a\u00f1os, calific\u00f3 la formaci\u00f3n como excelente y de calidad. Su pr\u00f3ximo paso es obtener un empleo en el \u00e1rea para ganar experiencia. Para Rub\u00e9n Lozano de 31 a\u00f1os, el curso es de calidad. \u201cEl docente es muy ordenado y tiene conocimientos en el \u00e1rea. Con este aprendizaje pienso obtener un empleo.\u201d<\/span><\/p>\n<p align=\"justify\">LT.<\/p>\n","protected":false},"excerpt":{"rendered":"<p>** Cada egresado prepar\u00f3 un c\u00f3ctel diferente<\/p>\n","protected":false},"author":15,"featured_media":23576,"comment_status":"closed","ping_status":"closed","sticky":false,"template":"","format":"standard","meta":{"footnotes":""},"categories":[2],"tags":[],"class_list":["post-23574","post","type-post","status-publish","format-standard","has-post-thumbnail","hentry","category-blog"],"_links":{"self":[{"href":"https:\/\/inces.gob.ve\/index.php\/wp-json\/wp\/v2\/posts\/23574","targetHints":{"allow":["GET"]}}],"collection":[{"href":"https:\/\/inces.gob.ve\/index.php\/wp-json\/wp\/v2\/posts"}],"about":[{"href":"https:\/\/inces.gob.ve\/index.php\/wp-json\/wp\/v2\/types\/post"}],"author":[{"embeddable":true,"href":"https:\/\/inces.gob.ve\/index.php\/wp-json\/wp\/v2\/users\/15"}],"replies":[{"embeddable":true,"href":"https:\/\/inces.gob.ve\/index.php\/wp-json\/wp\/v2\/comments?post=23574"}],"version-history":[{"count":2,"href":"https:\/\/inces.gob.ve\/index.php\/wp-json\/wp\/v2\/posts\/23574\/revisions"}],"predecessor-version":[{"id":23579,"href":"https:\/\/inces.gob.ve\/index.php\/wp-json\/wp\/v2\/posts\/23574\/revisions\/23579"}],"wp:featuredmedia":[{"embeddable":true,"href":"https:\/\/inces.gob.ve\/index.php\/wp-json\/wp\/v2\/media\/23576"}],"wp:attachment":[{"href":"https:\/\/inces.gob.ve\/index.php\/wp-json\/wp\/v2\/media?parent=23574"}],"wp:term":[{"taxonomy":"category","embeddable":true,"href":"https:\/\/inces.gob.ve\/index.php\/wp-json\/wp\/v2\/categories?post=23574"},{"taxonomy":"post_tag","embeddable":true,"href":"https:\/\/inces.gob.ve\/index.php\/wp-json\/wp\/v2\/tags?post=23574"}],"curies":[{"name":"wp","href":"https:\/\/api.w.org\/{rel}","templated":true}]}}