{"id":23598,"date":"2018-12-21T08:45:23","date_gmt":"2018-12-21T14:45:23","guid":{"rendered":"http:\/\/www.inces.gob.ve\/?p=23598"},"modified":"2020-05-28T20:30:03","modified_gmt":"2020-05-29T00:30:03","slug":"mas-de-45-mil-larenses-se-formaron-con-inces-para-la-nueva-cultura-del-trabajo-productivo","status":"publish","type":"post","link":"https:\/\/inces.gob.ve\/index.php\/2018\/12\/21\/mas-de-45-mil-larenses-se-formaron-con-inces-para-la-nueva-cultura-del-trabajo-productivo\/","title":{"rendered":"Mas de 45 mil larenses se formaron con Inces para la nueva cultura del trabajo productivo"},"content":{"rendered":"<p align=\"justify\"><i><b>** En el 2018 el plan de formaci\u00f3n motiv\u00f3 al pueblo a innovar y producir en la lucha contra la guerra econ\u00f3mica y para construir una nueva econom\u00eda en el pa\u00eds<\/b><\/i><!--more--><\/p>\n<p align=\"justify\"><b>GAUDY L\u00d3PEZ | Lara<\/b><\/p>\n<p align=\"justify\">\n<p align=\"justify\">El Plan de Formaci\u00f3n Productiva del Inces en el estado Lara atendi\u00f3 en 2018, en diferentes \u00e1mbitos y programas, a 4 mil 450 j\u00f3venes, mujeres y personas adultas, conscientes de que con estudio, trabajo e ideas innovadoras se generan actividades productivas en beneficio de la paz y la prosperidad econ\u00f3mica del pa\u00eds.<\/p>\n<p align=\"justify\">\n<p align=\"justify\"><b>El pueblo se forma, innova y produce en Inces <\/b><\/p>\n<p align=\"justify\">En este sentido, el Inces orient\u00f3 a la poblaci\u00f3n formada desde los centros de formaci\u00f3n socialista, entidades de trabajo, comunas y bases de misiones en los \u00e1mbitos del conocimiento agr\u00edcola, turismo, industrial, construcci\u00f3n, textil, ferroviario, y otros, as\u00ed como en las l\u00edneas de acci\u00f3n vinculadas a la formaci\u00f3n, producci\u00f3n y la innovaci\u00f3n para impulsar una nueva cultura del trabajo productivo que conlleve al desarrollo econ\u00f3mico de la naci\u00f3n.<\/p>\n<p align=\"justify\">\n<p align=\"justify\"><b>Programas Formativos que conducen a la productividad <\/b><\/p>\n<p align=\"justify\">Los programas de Educaci\u00f3n B\u00e1sica, Penitenciario y Formaci\u00f3n de Aprendices vinculados al Plan Chamba Juvenil, Emprendimiento Productivo y Certificaci\u00f3n de Saberes, tambi\u00e9n tuvieron un repunte positivo este a\u00f1o a trav\u00e9s de planes productivos que fortalecieron los motores econ\u00f3micos de la Agenda Econ\u00f3mica Bolivariana establecida en primera l\u00ednea por el gobierno del presidente Nicol\u00e1s Maduro.<\/p>\n<p align=\"justify\">\n<p align=\"justify\"><b>J\u00f3venes con oportunidad de estudio y trabajo con el Plan Chamba <\/b><\/p>\n<p align=\"justify\">As\u00ed lo declar\u00f3 el gerente del Inces en Lara, Julio C\u00e9sar Garc\u00eda L\u00f3pez, quien se mostr\u00f3 optimista con la participaci\u00f3n de 2 mil 680 j\u00f3venes en el Programa Nacional de Aprendizaje, a trav\u00e9s del Chamba Juvenil. Juventud incorporada al estudio y al trabajo en empresas p\u00fablicas y privadas. \u201cUna de las satisfacciones de este a\u00f1o es ver crecer a la juventud en el \u00e1mbito productivo, muchachos que tienen esperanza en ver renacer una sociedad justa y democr\u00e1tica\u201d.<\/p>\n<p align=\"justify\">\n<p align=\"justify\"><b>Inces recupera mesas sillas <\/b><\/p>\n<p align=\"justify\">El aporte del Inces Lara al Plan Nacional de Recuperaci\u00f3n de Mesas Sillas convocada por el Ministerio del Poder Popular para la Educaci\u00f3n, tuvo un avance de 73 por ciento. \u201cCon este plan nuestros estudiantes, trabajadores y maestros agrupados en brigadas de trabajo mostraron sentido de pertenencia y deseo de construir con sus propias manos lo que necesita el pueblo\u201d, destac\u00f3 el responsable del Inces.<\/p>\n<p align=\"justify\">\n<p align=\"justify\"><b>En el 2019 seguiremos avanzando en la construcci\u00f3n del socialismo <\/b><\/p>\n<p align=\"justify\">El 2019 seguir\u00e1 siendo un a\u00f1o de retos para el Inces que proyecta formar a 150 mil j\u00f3venes y mujeres para que se capaciten con orientaci\u00f3n productiva. \u201cLos centros formativos del Inces deben seguir siendo espacios para la producci\u00f3n de bienes y servicios para satisfacer las necesidades la poblaci\u00f3n venezolana para su buen vivir\u201d.<\/p>\n<p align=\"justify\">\n<p align=\"justify\">Se espera que el venidero a\u00f1o se concrete, como una de las metas claves del Inces, la formaci\u00f3n de brigadas productivas articuladas con el poder popular, para acelerar el crecimiento econ\u00f3mico del pa\u00eds con formaci\u00f3n, innovaci\u00f3n y producci\u00f3n; as\u00ed como continuar desarrollando Batallas Integrales Productivas en las entidades del trabajo, instituciones p\u00fablicas y en las comunas, para reparar y estabilizar el proceso de las cadenas productivas.<\/p>\n<p align=\"justify\">\n<p align=\"justify\">\n<p align=\"justify\">\n<p align=\"justify\">\n<p align=\"justify\">\n<p align=\"justify\">\n<p align=\"justify\">\n","protected":false},"excerpt":{"rendered":"<p>** En el 2018 el plan de formaci\u00f3n motiv\u00f3 al pueblo a innovar y producir en la lucha contra la guerra econ\u00f3mica y para construir una nueva econom\u00eda en el pa\u00eds<\/p>\n","protected":false},"author":4,"featured_media":23599,"comment_status":"closed","ping_status":"open","sticky":false,"template":"","format":"standard","meta":{"footnotes":""},"categories":[2],"tags":[],"class_list":["post-23598","post","type-post","status-publish","format-standard","has-post-thumbnail","hentry","category-blog"],"_links":{"self":[{"href":"https:\/\/inces.gob.ve\/index.php\/wp-json\/wp\/v2\/posts\/23598","targetHints":{"allow":["GET"]}}],"collection":[{"href":"https:\/\/inces.gob.ve\/index.php\/wp-json\/wp\/v2\/posts"}],"about":[{"href":"https:\/\/inces.gob.ve\/index.php\/wp-json\/wp\/v2\/types\/post"}],"author":[{"embeddable":true,"href":"https:\/\/inces.gob.ve\/index.php\/wp-json\/wp\/v2\/users\/4"}],"replies":[{"embeddable":true,"href":"https:\/\/inces.gob.ve\/index.php\/wp-json\/wp\/v2\/comments?post=23598"}],"version-history":[{"count":1,"href":"https:\/\/inces.gob.ve\/index.php\/wp-json\/wp\/v2\/posts\/23598\/revisions"}],"predecessor-version":[{"id":23600,"href":"https:\/\/inces.gob.ve\/index.php\/wp-json\/wp\/v2\/posts\/23598\/revisions\/23600"}],"wp:featuredmedia":[{"embeddable":true,"href":"https:\/\/inces.gob.ve\/index.php\/wp-json\/wp\/v2\/media\/23599"}],"wp:attachment":[{"href":"https:\/\/inces.gob.ve\/index.php\/wp-json\/wp\/v2\/media?parent=23598"}],"wp:term":[{"taxonomy":"category","embeddable":true,"href":"https:\/\/inces.gob.ve\/index.php\/wp-json\/wp\/v2\/categories?post=23598"},{"taxonomy":"post_tag","embeddable":true,"href":"https:\/\/inces.gob.ve\/index.php\/wp-json\/wp\/v2\/tags?post=23598"}],"curies":[{"name":"wp","href":"https:\/\/api.w.org\/{rel}","templated":true}]}}