{"id":23726,"date":"2018-12-21T13:58:57","date_gmt":"2018-12-21T19:58:57","guid":{"rendered":"http:\/\/www.inces.gob.ve\/?p=23726"},"modified":"2020-05-28T20:30:03","modified_gmt":"2020-05-29T00:30:03","slug":"somos-inces-se-consolida-como-la-voz-de-los-aprendices","status":"publish","type":"post","link":"https:\/\/inces.gob.ve\/index.php\/2018\/12\/21\/somos-inces-se-consolida-como-la-voz-de-los-aprendices\/","title":{"rendered":"Somos Inces se consolida como la voz de los aprendices"},"content":{"rendered":"<p align=\"justify\"><em><span style=\"font-family: Arial,sans-serif;\"><strong>**El espacio emitido por el dial de Radio Miraflores cumpli\u00f3 2 a\u00f1os de transmisi\u00f3n ininterrumpida llevando informaci\u00f3n y experiencias sobre la formaci\u00f3n t\u00e9cnica profesional<\/strong> <\/span><\/em><\/p>\n<p align=\"justify\"><!--more--><\/p>\n<p align=\"justify\"><strong><span style=\"font-family: Arial,sans-serif;\">LUIS ANGEL | Sede<\/span><\/strong><\/p>\n<p align=\"justify\"><span style=\"font-family: Arial,sans-serif;\">El programa radial Somos Inces, ventana de informaci\u00f3n y debate de la instituci\u00f3n, arrib\u00f3 a su segundo aniversario al aire de manera ininterrumpida con una transmisi\u00f3n especial desde los espacios de la sede de la instituci\u00f3n en la avenida Nueva Granada, Caracas. El espacio cont\u00f3 con la conducci\u00f3n del presidente del Inces, Wuikelman Angel; la periodista Genail Salinas y la aprendiz Ivana Uzc\u00e1tegui.<\/span><\/p>\n<p align=\"justify\"><img loading=\"lazy\" decoding=\"async\" class=\"aligncenter wp-image-23731 size-full\" src=\"http:\/\/www.inces.gob.ve\/wp-content\/uploads\/2018\/12\/8los-aprendices-.jpg\" alt=\"\" width=\"800\" height=\"529\" srcset=\"https:\/\/inces.gob.ve\/wp-content\/uploads\/2018\/12\/8los-aprendices-.jpg 800w, https:\/\/inces.gob.ve\/wp-content\/uploads\/2018\/12\/8los-aprendices--300x198.jpg 300w, https:\/\/inces.gob.ve\/wp-content\/uploads\/2018\/12\/8los-aprendices--768x508.jpg 768w\" sizes=\"auto, (max-width: 800px) 100vw, 800px\" \/><\/p>\n<p align=\"justify\"><span style=\"font-family: Arial,sans-serif;\">El proyecto comunicacional se consolida como un espacio para conocer las experiencias de la formaci\u00f3n productiva, narrada por sus protagonistas, d\u00e1ndole voz a aprendices, maestros, participantes, aliados y trabajadores. Con la trasmisi\u00f3n especial, se conoci\u00f3 la vivencia de invitados especiales con los que se discutieron los hitos y logros alcanzados durante el 2018. <\/span><\/p>\n<p align=\"justify\"><img loading=\"lazy\" decoding=\"async\" class=\"aligncenter wp-image-23737 size-full\" src=\"http:\/\/www.inces.gob.ve\/wp-content\/uploads\/2018\/12\/1los-aprendices-.jpg\" alt=\"\" width=\"800\" height=\"509\" srcset=\"https:\/\/inces.gob.ve\/wp-content\/uploads\/2018\/12\/1los-aprendices-.jpg 800w, https:\/\/inces.gob.ve\/wp-content\/uploads\/2018\/12\/1los-aprendices--300x191.jpg 300w, https:\/\/inces.gob.ve\/wp-content\/uploads\/2018\/12\/1los-aprendices--768x489.jpg 768w\" sizes=\"auto, (max-width: 800px) 100vw, 800px\" \/><\/p>\n<p align=\"justify\"><span style=\"font-family: Arial,sans-serif;\">Angel destac\u00f3 que el espacio se ha transformado en un puente de la juventud gracias a que los aprendices han tomado los micr\u00f3fonos y asumido el rol de locutores del programa. Por lo que se les brind\u00f3 un reconocimiento a los j\u00f3venes que han participado. \u201cSon ahora ellos los protagonistas, han pasado las distintas pruebas y conducido varios programas; es un apoyo a la juventud\u201d, acot\u00f3. <\/span><\/p>\n<p align=\"justify\"><img loading=\"lazy\" decoding=\"async\" class=\"aligncenter wp-image-23728 size-full\" src=\"http:\/\/www.inces.gob.ve\/wp-content\/uploads\/2018\/12\/12los-aprendices-.jpg\" alt=\"\" width=\"800\" height=\"505\" srcset=\"https:\/\/inces.gob.ve\/wp-content\/uploads\/2018\/12\/12los-aprendices-.jpg 800w, https:\/\/inces.gob.ve\/wp-content\/uploads\/2018\/12\/12los-aprendices--300x189.jpg 300w, https:\/\/inces.gob.ve\/wp-content\/uploads\/2018\/12\/12los-aprendices--768x485.jpg 768w\" sizes=\"auto, (max-width: 800px) 100vw, 800px\" \/><\/p>\n<p align=\"justify\"><span style=\"font-family: Arial,sans-serif;\">Voces productivas Inces <\/span><\/p>\n<p align=\"justify\"><span style=\"font-family: Arial,sans-serif;\">Yacenia Urbina, maestra t\u00e9cnica productiva en el \u00e1rea de elaboraci\u00f3n de productos de higiene personal, coment\u00f3 que se siente agradecida de estar en el Inces porque se form\u00f3 en su adolescencia con la instituci\u00f3n y ahora regresa sus conocimientos a nuevos participantes. \u201cMe siento en familia, estamos preparando a emprendedores para el pa\u00eds\u201d.<\/span><\/p>\n<p align=\"justify\"><span style=\"font-family: Arial,sans-serif;\"><img loading=\"lazy\" decoding=\"async\" class=\"aligncenter wp-image-23733 size-full\" src=\"http:\/\/www.inces.gob.ve\/wp-content\/uploads\/2018\/12\/5los-aprendices-.jpg\" alt=\"\" width=\"800\" height=\"533\" srcset=\"https:\/\/inces.gob.ve\/wp-content\/uploads\/2018\/12\/5los-aprendices-.jpg 800w, https:\/\/inces.gob.ve\/wp-content\/uploads\/2018\/12\/5los-aprendices--300x200.jpg 300w, https:\/\/inces.gob.ve\/wp-content\/uploads\/2018\/12\/5los-aprendices--768x512.jpg 768w\" sizes=\"auto, (max-width: 800px) 100vw, 800px\" \/><\/span><\/p>\n<p align=\"justify\"><span style=\"font-family: Arial,sans-serif;\">Urbina resalt\u00f3 que las personas que se forman en el Inces llegan con las ganas de capacitarse para emprender, y tras inscribirse en su primer curso y adquirir estos conocimientos entienden la importancia de esta formaci\u00f3n. <\/span><\/p>\n<p align=\"justify\"><span style=\"font-family: Arial,sans-serif;\"><img loading=\"lazy\" decoding=\"async\" class=\"aligncenter wp-image-23734 size-full\" src=\"http:\/\/www.inces.gob.ve\/wp-content\/uploads\/2018\/12\/4los-aprendices-.jpg\" alt=\"\" width=\"800\" height=\"533\" srcset=\"https:\/\/inces.gob.ve\/wp-content\/uploads\/2018\/12\/4los-aprendices-.jpg 800w, https:\/\/inces.gob.ve\/wp-content\/uploads\/2018\/12\/4los-aprendices--300x200.jpg 300w, https:\/\/inces.gob.ve\/wp-content\/uploads\/2018\/12\/4los-aprendices--768x512.jpg 768w\" sizes=\"auto, (max-width: 800px) 100vw, 800px\" \/><\/span><\/p>\n<p align=\"justify\"><span style=\"font-family: Arial,sans-serif;\">Por parte de la juventud, el representante del programa Bachillerato Productivo, Juan Vel\u00e1squez dijo que los estudiantes no est\u00e1n solo para sentarse en un pupitre y recibir la formaci\u00f3n, sino que, desde el sentido de pertenencia, buscan colaborar, formarse y crecer para hacer contribuir con el pa\u00eds. \u201cYo tom\u00e9 la decisi\u00f3n de continuar mi formaci\u00f3n para levantarme y ser importante, ser uno m\u00e1s de los emprendedores que queremos levantar el pa\u00eds desde lo productivo\u201d, dijo Vel\u00e1squez, y a\u00f1adi\u00f3 que todos los venezolanos deben trabajar en conjunto y cuidar de las riquezas del pa\u00eds. <img loading=\"lazy\" decoding=\"async\" class=\"aligncenter wp-image-23735 size-full\" src=\"http:\/\/www.inces.gob.ve\/wp-content\/uploads\/2018\/12\/3los-aprendices-.jpg\" alt=\"\" width=\"800\" height=\"533\" srcset=\"https:\/\/inces.gob.ve\/wp-content\/uploads\/2018\/12\/3los-aprendices-.jpg 800w, https:\/\/inces.gob.ve\/wp-content\/uploads\/2018\/12\/3los-aprendices--300x200.jpg 300w, https:\/\/inces.gob.ve\/wp-content\/uploads\/2018\/12\/3los-aprendices--768x512.jpg 768w\" sizes=\"auto, (max-width: 800px) 100vw, 800px\" \/><\/span><\/p>\n<p align=\"justify\"><span style=\"font-family: Arial,sans-serif;\">El titular del Inces, Wuikelman Angel, se\u00f1al\u00f3 que el programa de Bachillerato Productivo del Inces ha crecido en un 4.450% desde el 2014 cuando contaba con 1600 participantes, a los bachilleres atendidos durante el 2018 que suman 71.720 participantes.<\/span><\/p>\n<p align=\"justify\"><img loading=\"lazy\" decoding=\"async\" class=\"aligncenter wp-image-23730 size-full\" src=\"http:\/\/www.inces.gob.ve\/wp-content\/uploads\/2018\/12\/9los-aprendices-.jpg\" alt=\"\" width=\"800\" height=\"490\" srcset=\"https:\/\/inces.gob.ve\/wp-content\/uploads\/2018\/12\/9los-aprendices-.jpg 800w, https:\/\/inces.gob.ve\/wp-content\/uploads\/2018\/12\/9los-aprendices--300x184.jpg 300w, https:\/\/inces.gob.ve\/wp-content\/uploads\/2018\/12\/9los-aprendices--768x470.jpg 768w\" sizes=\"auto, (max-width: 800px) 100vw, 800px\" \/><br \/>\n<span style=\"font-family: Arial,sans-serif;\">A su vez, Uzc\u00e1tegui, quien es vocera nacional del Movimiento de Aprendices, agradeci\u00f3 el apoyo de la instituci\u00f3n para organizarse por primera vez como j\u00f3venes participantes. \u201cEstoy muy orgullosa de formar parte de est\u00e1 organizaci\u00f3n, es algo que te cambia la vida y nos damos cuenta que realmente est\u00e1n comprometidos en darnos la voz a los aprendices. El Inces est\u00e1 siendo visto gracias a la organizaci\u00f3n de su juventud\u201d, se\u00f1al\u00f3<\/span><\/p>\n<p align=\"justify\"><span style=\"font-family: Arial,sans-serif;\"><img loading=\"lazy\" decoding=\"async\" class=\"aligncenter wp-image-23729 size-full\" src=\"http:\/\/www.inces.gob.ve\/wp-content\/uploads\/2018\/12\/11los-aprendices-.jpg\" alt=\"\" width=\"800\" height=\"533\" srcset=\"https:\/\/inces.gob.ve\/wp-content\/uploads\/2018\/12\/11los-aprendices-.jpg 800w, https:\/\/inces.gob.ve\/wp-content\/uploads\/2018\/12\/11los-aprendices--300x200.jpg 300w, https:\/\/inces.gob.ve\/wp-content\/uploads\/2018\/12\/11los-aprendices--768x512.jpg 768w\" sizes=\"auto, (max-width: 800px) 100vw, 800px\" \/><\/span><\/p>\n","protected":false},"excerpt":{"rendered":"<p>**El espacio emitido por el dial de Radio Miraflores cumpli\u00f3 2 a\u00f1os de transmisi\u00f3n ininterrumpida llevando informaci\u00f3n y experiencias sobre la formaci\u00f3n t\u00e9cnica profesional<\/p>\n","protected":false},"author":15,"featured_media":23743,"comment_status":"closed","ping_status":"closed","sticky":false,"template":"","format":"standard","meta":{"footnotes":""},"categories":[2],"tags":[],"class_list":["post-23726","post","type-post","status-publish","format-standard","has-post-thumbnail","hentry","category-blog"],"_links":{"self":[{"href":"https:\/\/inces.gob.ve\/index.php\/wp-json\/wp\/v2\/posts\/23726","targetHints":{"allow":["GET"]}}],"collection":[{"href":"https:\/\/inces.gob.ve\/index.php\/wp-json\/wp\/v2\/posts"}],"about":[{"href":"https:\/\/inces.gob.ve\/index.php\/wp-json\/wp\/v2\/types\/post"}],"author":[{"embeddable":true,"href":"https:\/\/inces.gob.ve\/index.php\/wp-json\/wp\/v2\/users\/15"}],"replies":[{"embeddable":true,"href":"https:\/\/inces.gob.ve\/index.php\/wp-json\/wp\/v2\/comments?post=23726"}],"version-history":[{"count":2,"href":"https:\/\/inces.gob.ve\/index.php\/wp-json\/wp\/v2\/posts\/23726\/revisions"}],"predecessor-version":[{"id":23745,"href":"https:\/\/inces.gob.ve\/index.php\/wp-json\/wp\/v2\/posts\/23726\/revisions\/23745"}],"wp:featuredmedia":[{"embeddable":true,"href":"https:\/\/inces.gob.ve\/index.php\/wp-json\/wp\/v2\/media\/23743"}],"wp:attachment":[{"href":"https:\/\/inces.gob.ve\/index.php\/wp-json\/wp\/v2\/media?parent=23726"}],"wp:term":[{"taxonomy":"category","embeddable":true,"href":"https:\/\/inces.gob.ve\/index.php\/wp-json\/wp\/v2\/categories?post=23726"},{"taxonomy":"post_tag","embeddable":true,"href":"https:\/\/inces.gob.ve\/index.php\/wp-json\/wp\/v2\/tags?post=23726"}],"curies":[{"name":"wp","href":"https:\/\/api.w.org\/{rel}","templated":true}]}}