{"id":23751,"date":"2019-01-02T06:15:48","date_gmt":"2019-01-02T12:15:48","guid":{"rendered":"http:\/\/www.inces.gob.ve\/?p=23751"},"modified":"2020-05-28T20:30:02","modified_gmt":"2020-05-29T00:30:02","slug":"realizada-expoferia-productiva-de-turismo-y-textil-en-inces-yaracuy","status":"publish","type":"post","link":"https:\/\/inces.gob.ve\/index.php\/2019\/01\/02\/realizada-expoferia-productiva-de-turismo-y-textil-en-inces-yaracuy\/","title":{"rendered":"Realizada expoferia productiva de Turismo y Textil en Inces Yaracuy"},"content":{"rendered":"<p align=\"justify\"><i><b>** Desde los centros de formaci\u00f3n socialista del Inces se diversifican los saberes de forma gratuita y sin exclusi\u00f3n <\/b><\/i><!--more--><\/p>\n<p align=\"justify\">\n<p align=\"justify\"><b>MAR\u00cdA ALEJANDRA ARIAS | Yaracuy <\/b><\/p>\n<p align=\"justify\">A final de cada a\u00f1o, se lleva a cabo una expoferia productiva en el Instituto Nacional de Capacitaci\u00f3n y Educaci\u00f3n Socialista (Inces). En Yaracuy los programas Turismo y Textil mostraron todo lo elaborado en funci\u00f3n de curso, en los espacios del centro de formaci\u00f3n socialista (CFS) \u201cSan Felipe El Fuerte\u201d. Trabajadores y comunidad en general fueron beneficiados con las ventas realizadas.<\/p>\n<p align=\"justify\">\n<p align=\"justify\"><img loading=\"lazy\" decoding=\"async\" class=\"aligncenter wp-image-23756 size-full\" src=\"http:\/\/www.inces.gob.ve\/wp-content\/uploads\/2018\/12\/1-1.jpg\" alt=\"\" width=\"800\" height=\"519\" srcset=\"https:\/\/inces.gob.ve\/wp-content\/uploads\/2018\/12\/1-1.jpg 800w, https:\/\/inces.gob.ve\/wp-content\/uploads\/2018\/12\/1-1-300x195.jpg 300w, https:\/\/inces.gob.ve\/wp-content\/uploads\/2018\/12\/1-1-768x498.jpg 768w\" sizes=\"auto, (max-width: 800px) 100vw, 800px\" \/><\/p>\n<p align=\"justify\">\n<p align=\"justify\">Los cursos que culminaron fueron Elaboraci\u00f3n de Adornos Navide\u00f1os, Confecci\u00f3n de Prendas de Vestir, Elaboraci\u00f3n de Bolsos y Morrales y Ropa \u00cdntima. Mujeres yaracuyanas formadas en el Inces buscan emprender en estas \u00e1reas para insertarse en el aparato productivo del pa\u00eds y ofrecer productos de calidad a costos considerables. Este es el saldo organizativo que el Inces promueve con las herramientas de aprendizaje que brinda al pueblo.<\/p>\n<p align=\"justify\">\n<p align=\"justify\"><img loading=\"lazy\" decoding=\"async\" class=\"aligncenter wp-image-23755 size-full\" src=\"http:\/\/www.inces.gob.ve\/wp-content\/uploads\/2018\/12\/3-3.jpg\" alt=\"\" width=\"885\" height=\"518\" srcset=\"https:\/\/inces.gob.ve\/wp-content\/uploads\/2018\/12\/3-3.jpg 885w, https:\/\/inces.gob.ve\/wp-content\/uploads\/2018\/12\/3-3-300x176.jpg 300w, https:\/\/inces.gob.ve\/wp-content\/uploads\/2018\/12\/3-3-768x450.jpg 768w\" sizes=\"auto, (max-width: 885px) 100vw, 885px\" \/><\/p>\n<p align=\"justify\">\n<p align=\"justify\">Esto lo expres\u00f3 Dalvi Torrealba, gerente regional del Inces, quien adem\u00e1s indic\u00f3 que todo el que se forma en el Inces debe recibir capacitaci\u00f3n en estructura de costos y manejo de recursos para trascender del conocimiento a lo productivo. \u201cNo solo se trata de la certificaci\u00f3n que el Inces otorga, sino tambi\u00e9n de la capacidad organizativa que se pueda tener para conformar una unidad de producci\u00f3n para beneficio de la familia y su entorno\u201d, puntualiz\u00f3.<\/p>\n<p align=\"justify\">\n<img loading=\"lazy\" decoding=\"async\" class=\"aligncenter wp-image-23753 size-full\" src=\"http:\/\/www.inces.gob.ve\/wp-content\/uploads\/2018\/12\/5-2.jpg\" alt=\"\" width=\"1000\" height=\"750\" srcset=\"https:\/\/inces.gob.ve\/wp-content\/uploads\/2018\/12\/5-2.jpg 1000w, https:\/\/inces.gob.ve\/wp-content\/uploads\/2018\/12\/5-2-300x225.jpg 300w, https:\/\/inces.gob.ve\/wp-content\/uploads\/2018\/12\/5-2-768x576.jpg 768w, https:\/\/inces.gob.ve\/wp-content\/uploads\/2018\/12\/5-2-136x102.jpg 136w\" sizes=\"auto, (max-width: 1000px) 100vw, 1000px\" \/><\/p>\n<p align=\"justify\">\n<p align=\"justify\">Por su parte, Lusqueidy Acero, una joven de 17 a\u00f1os quien tuvo la oportunidad de formarse en corte y costura, elaboraci\u00f3n de uniformes escolares entre otros agradeci\u00f3 al Inces por ser su escuela de aprendizaje. Asimismo Zaddiris G\u00f3mez, otra participante que dijo tener una hija en condiciones especiales y que deb\u00eda dedicarse a su cuidado. En vista de ello, busc\u00f3 en el Inces una formaci\u00f3n que le generara ingresos propios y hoy es una emprendedora, adem\u00e1s del prestigio que posee esta instituci\u00f3n.<\/p>\n<p align=\"justify\">\n<img loading=\"lazy\" decoding=\"async\" class=\"aligncenter wp-image-23752 size-full\" src=\"http:\/\/www.inces.gob.ve\/wp-content\/uploads\/2018\/12\/4-3.jpg\" alt=\"\" width=\"989\" height=\"1000\" srcset=\"https:\/\/inces.gob.ve\/wp-content\/uploads\/2018\/12\/4-3.jpg 989w, https:\/\/inces.gob.ve\/wp-content\/uploads\/2018\/12\/4-3-297x300.jpg 297w, https:\/\/inces.gob.ve\/wp-content\/uploads\/2018\/12\/4-3-768x777.jpg 768w, https:\/\/inces.gob.ve\/wp-content\/uploads\/2018\/12\/4-3-760x768.jpg 760w\" sizes=\"auto, (max-width: 989px) 100vw, 989px\" \/><\/p>\n","protected":false},"excerpt":{"rendered":"<p>** Desde los centros de formaci\u00f3n socialista del Inces se diversifican los saberes de forma gratuita y sin exclusi\u00f3n<\/p>\n","protected":false},"author":4,"featured_media":23754,"comment_status":"closed","ping_status":"open","sticky":false,"template":"","format":"standard","meta":{"footnotes":""},"categories":[2],"tags":[],"class_list":["post-23751","post","type-post","status-publish","format-standard","has-post-thumbnail","hentry","category-blog"],"_links":{"self":[{"href":"https:\/\/inces.gob.ve\/index.php\/wp-json\/wp\/v2\/posts\/23751","targetHints":{"allow":["GET"]}}],"collection":[{"href":"https:\/\/inces.gob.ve\/index.php\/wp-json\/wp\/v2\/posts"}],"about":[{"href":"https:\/\/inces.gob.ve\/index.php\/wp-json\/wp\/v2\/types\/post"}],"author":[{"embeddable":true,"href":"https:\/\/inces.gob.ve\/index.php\/wp-json\/wp\/v2\/users\/4"}],"replies":[{"embeddable":true,"href":"https:\/\/inces.gob.ve\/index.php\/wp-json\/wp\/v2\/comments?post=23751"}],"version-history":[{"count":1,"href":"https:\/\/inces.gob.ve\/index.php\/wp-json\/wp\/v2\/posts\/23751\/revisions"}],"predecessor-version":[{"id":23757,"href":"https:\/\/inces.gob.ve\/index.php\/wp-json\/wp\/v2\/posts\/23751\/revisions\/23757"}],"wp:featuredmedia":[{"embeddable":true,"href":"https:\/\/inces.gob.ve\/index.php\/wp-json\/wp\/v2\/media\/23754"}],"wp:attachment":[{"href":"https:\/\/inces.gob.ve\/index.php\/wp-json\/wp\/v2\/media?parent=23751"}],"wp:term":[{"taxonomy":"category","embeddable":true,"href":"https:\/\/inces.gob.ve\/index.php\/wp-json\/wp\/v2\/categories?post=23751"},{"taxonomy":"post_tag","embeddable":true,"href":"https:\/\/inces.gob.ve\/index.php\/wp-json\/wp\/v2\/tags?post=23751"}],"curies":[{"name":"wp","href":"https:\/\/api.w.org\/{rel}","templated":true}]}}