{"id":23790,"date":"2019-01-04T06:15:37","date_gmt":"2019-01-04T12:15:37","guid":{"rendered":"http:\/\/www.inces.gob.ve\/?p=23790"},"modified":"2020-05-28T20:30:02","modified_gmt":"2020-05-29T00:30:02","slug":"inces-trujillo-realizo-su-fiesta-de-fin-de-ano","status":"publish","type":"post","link":"https:\/\/inces.gob.ve\/index.php\/2019\/01\/04\/inces-trujillo-realizo-su-fiesta-de-fin-de-ano\/","title":{"rendered":"Inces Trujillo realiz\u00f3 su fiesta de fin de a\u00f1o"},"content":{"rendered":"<p align=\"justify\"><em><strong>** Ensamble Inces y Wuataca Show pusieron la nota musical <\/strong><\/em><!--more--><\/p>\n<p align=\"justify\"><b>Mar\u00eda Cabrera | Trujillo<\/b><\/p>\n<p align=\"justify\">Un rato ameno, en compa\u00f1\u00eda de los seres queridos, en una de las maravillosas experiencias que cualquier mortal valora, mas en estos d\u00edas, y sobre todo en temporada decembrina, donde el olor a la sabrosa hallaca y las bebidas espirituosas ponen ese toque m\u00e1gico al momento.<\/p>\n<p align=\"justify\">\n<p align=\"justify\">As\u00ed se podr\u00eda describir el clima que inund\u00f3 a la fiesta de Fin de A\u00f1o 2018 del Inces Trujillo, en el que todo el personal que labora en esta organismo nacional acudi\u00f3 de forma mayoritaria a las inmediaciones de un centro bailable ubicado en el centro del municipio Valera donde el deseo de divertirse priv\u00f3 por encima de cualquier cosa.<\/p>\n<p align=\"justify\">\n<p align=\"justify\"><img loading=\"lazy\" decoding=\"async\" class=\"aligncenter wp-image-23795 size-large\" src=\"http:\/\/www.inces.gob.ve\/wp-content\/uploads\/2018\/12\/DSCI0612-1024x768.jpg\" alt=\"\" width=\"640\" height=\"480\" srcset=\"https:\/\/inces.gob.ve\/wp-content\/uploads\/2018\/12\/DSCI0612-1024x768.jpg 1024w, https:\/\/inces.gob.ve\/wp-content\/uploads\/2018\/12\/DSCI0612-300x225.jpg 300w, https:\/\/inces.gob.ve\/wp-content\/uploads\/2018\/12\/DSCI0612-768x576.jpg 768w, https:\/\/inces.gob.ve\/wp-content\/uploads\/2018\/12\/DSCI0612-136x102.jpg 136w\" sizes=\"auto, (max-width: 640px) 100vw, 640px\" \/><\/p>\n<p align=\"justify\">\n<p align=\"justify\">La hora pautada estaba fijada para iniciarse a las 11:30 a.m., escogidas por las autoridades para as\u00ed darle cumplimiento a la actividad laboral del d\u00eda y al compromiso asumido por todos de dedicarse a sus obligaciones y luego entregarse a los brazos del se\u00f1or, diversi\u00f3n y gozo para as\u00ed destrenzarse de toda una faena anual que corona con \u00e9xito este a\u00f1o, seg\u00fan las palabras de la gerente regional, Ang\u00e9lica Mor\u00f3n.<\/p>\n<p align=\"justify\">\n<p align=\"justify\"><img loading=\"lazy\" decoding=\"async\" class=\"aligncenter wp-image-23794 size-large\" src=\"http:\/\/www.inces.gob.ve\/wp-content\/uploads\/2018\/12\/DSCI0574-1024x768.jpg\" alt=\"\" width=\"640\" height=\"480\" srcset=\"https:\/\/inces.gob.ve\/wp-content\/uploads\/2018\/12\/DSCI0574-1024x768.jpg 1024w, https:\/\/inces.gob.ve\/wp-content\/uploads\/2018\/12\/DSCI0574-300x225.jpg 300w, https:\/\/inces.gob.ve\/wp-content\/uploads\/2018\/12\/DSCI0574-768x576.jpg 768w, https:\/\/inces.gob.ve\/wp-content\/uploads\/2018\/12\/DSCI0574-136x102.jpg 136w\" sizes=\"auto, (max-width: 640px) 100vw, 640px\" \/><\/p>\n<p align=\"justify\">\n<p align=\"justify\">Palabras que fueron bien recibidas por todos los all\u00ed presentes, sobre todo considerando que este fue un a\u00f1o muy particular en el que las amenazas constantes de agentes externos privaron por encima de la buena fe del pueblo venezolano que pese a todo sigue apostando a la paz, entendimiento y al di\u00e1logo por encima de la violencia y el descr\u00e9dito.<\/p>\n<p align=\"justify\">\n<p align=\"justify\"><img loading=\"lazy\" decoding=\"async\" class=\"aligncenter wp-image-23793 size-large\" src=\"http:\/\/www.inces.gob.ve\/wp-content\/uploads\/2018\/12\/DSCI0604-1024x768.jpg\" alt=\"\" width=\"640\" height=\"480\" srcset=\"https:\/\/inces.gob.ve\/wp-content\/uploads\/2018\/12\/DSCI0604-1024x768.jpg 1024w, https:\/\/inces.gob.ve\/wp-content\/uploads\/2018\/12\/DSCI0604-300x225.jpg 300w, https:\/\/inces.gob.ve\/wp-content\/uploads\/2018\/12\/DSCI0604-768x576.jpg 768w, https:\/\/inces.gob.ve\/wp-content\/uploads\/2018\/12\/DSCI0604-136x102.jpg 136w\" sizes=\"auto, (max-width: 640px) 100vw, 640px\" \/><\/p>\n<p align=\"justify\">\n<p align=\"justify\">Todo el rato que dur\u00f3, hasta bien entrada la noche, estuvo animado por la sonoridad del Ensamble Inces a cargo del profesor Jos\u00e9 Araujo, coordinador de Cultura, quien junto a Wuataka Show puso bien ch\u00e9vere la nota musical y alegre de esta Fiesta de Fin de A\u00f1o 2018 del Inces Trujillo en que nadie se qued\u00f3 sin bailar un rico merengue, salsa y hasta corear n\u00fameros musicales de conocida fama en el pentagrama mundial.<\/p>\n","protected":false},"excerpt":{"rendered":"<p>** Ensamble Inces y Wuataca Show pusieron la nota musical<\/p>\n","protected":false},"author":4,"featured_media":23792,"comment_status":"closed","ping_status":"open","sticky":false,"template":"","format":"standard","meta":{"footnotes":""},"categories":[2],"tags":[],"class_list":["post-23790","post","type-post","status-publish","format-standard","has-post-thumbnail","hentry","category-blog"],"_links":{"self":[{"href":"https:\/\/inces.gob.ve\/index.php\/wp-json\/wp\/v2\/posts\/23790","targetHints":{"allow":["GET"]}}],"collection":[{"href":"https:\/\/inces.gob.ve\/index.php\/wp-json\/wp\/v2\/posts"}],"about":[{"href":"https:\/\/inces.gob.ve\/index.php\/wp-json\/wp\/v2\/types\/post"}],"author":[{"embeddable":true,"href":"https:\/\/inces.gob.ve\/index.php\/wp-json\/wp\/v2\/users\/4"}],"replies":[{"embeddable":true,"href":"https:\/\/inces.gob.ve\/index.php\/wp-json\/wp\/v2\/comments?post=23790"}],"version-history":[{"count":3,"href":"https:\/\/inces.gob.ve\/index.php\/wp-json\/wp\/v2\/posts\/23790\/revisions"}],"predecessor-version":[{"id":23798,"href":"https:\/\/inces.gob.ve\/index.php\/wp-json\/wp\/v2\/posts\/23790\/revisions\/23798"}],"wp:featuredmedia":[{"embeddable":true,"href":"https:\/\/inces.gob.ve\/index.php\/wp-json\/wp\/v2\/media\/23792"}],"wp:attachment":[{"href":"https:\/\/inces.gob.ve\/index.php\/wp-json\/wp\/v2\/media?parent=23790"}],"wp:term":[{"taxonomy":"category","embeddable":true,"href":"https:\/\/inces.gob.ve\/index.php\/wp-json\/wp\/v2\/categories?post=23790"},{"taxonomy":"post_tag","embeddable":true,"href":"https:\/\/inces.gob.ve\/index.php\/wp-json\/wp\/v2\/tags?post=23790"}],"curies":[{"name":"wp","href":"https:\/\/api.w.org\/{rel}","templated":true}]}}