{"id":23832,"date":"2019-01-18T12:16:46","date_gmt":"2019-01-18T18:16:46","guid":{"rendered":"http:\/\/www.inces.gob.ve\/?p=23832"},"modified":"2020-05-28T20:34:46","modified_gmt":"2020-05-29T00:34:46","slug":"yaracuy-afina-estrategias-para-inicio-de-actividades-formativas-este-2019","status":"publish","type":"post","link":"https:\/\/inces.gob.ve\/index.php\/2019\/01\/18\/yaracuy-afina-estrategias-para-inicio-de-actividades-formativas-este-2019\/","title":{"rendered":"Yaracuy afina estrategias para inicio de actividades formativas este 2019"},"content":{"rendered":"<p lang=\"es-ES\" style=\"text-align: justify;\" align=\"JUSTIFY\"><strong>MAR\u00cdA ALEJANDRA ARIAS | Yaracuy <\/strong><\/p>\n<p lang=\"es-ES\" style=\"text-align: justify;\" align=\"JUSTIFY\">\n<p style=\"text-align: justify;\" align=\"JUSTIFY\">Como parte del arranque de actividades regulares del Inces, en Yaracuy se llev\u00f3 a cabo el encuentro de la estructura de direcci\u00f3n con el fin de trabajar sobre las orientaciones nacionales en cuanto a la programaci\u00f3n formativa de este 2019, en base a la meta establecida de m\u00e1s de 26 mil participantes atendidos de acuerdo a las \u00e1reas del saber que sean demandadas.<\/p>\n<p style=\"text-align: justify;\" align=\"JUSTIFY\">\n<p style=\"text-align: justify;\" align=\"JUSTIFY\">La actividad estuvo encabezada por el responsable de la Gerencia Regional en Yaracuy, Dalvi Torrealba quien se\u00f1al\u00f3 que este es un a\u00f1o de mayor compromiso con la patria. Hay que trascender del hecho formativo a la productivo pese a la coyuntura cr\u00edtica en la que se encuentra el pa\u00eds. El Inces asume la responsabilidad de acompa\u00f1ar al pueblo en el proceso educativo desde todos los espacios de encuentro.<\/p>\n<p style=\"text-align: justify;\" align=\"JUSTIFY\">\n<p style=\"text-align: justify;\" align=\"JUSTIFY\">Destac\u00f3 que la juventud debe asumir los nuevos retos que demanda la patria. Son los llamados a empoderarse del hacer y el saber desde los principios humanistas tal como lo dec\u00eda el Comandante Ch\u00e1vez, elevando los niveles de conciencia como hijos de Bol\u00edvar. Toda acci\u00f3n debe estar direccionada hacia el impulso del encadenamiento productivo tanto en el punto y c\u00edrculo como en conjunto con las diversas organizaciones estudiantiles.<\/p>\n<p style=\"text-align: justify;\" align=\"JUSTIFY\">\n<p style=\"text-align: justify;\" align=\"JUSTIFY\">Por otra parte, indic\u00f3 que el Inces se enfocar\u00e1 en atender a las entidades de trabajo p\u00fablicas y privadas, as\u00ed como comunidades organizadas, bases de misiones y unidades productivas. Sin embargo, el enfoque estar\u00e1 orientado a la formaci\u00f3n de Aprendices y participantes de bachillerato desde los Centros de Formaci\u00f3n Socialistas, como fuerza naciente del proceso social de trabajo.<\/p>\n<p style=\"text-align: justify;\" align=\"JUSTIFY\">\n<p style=\"text-align: justify;\" align=\"JUSTIFY\">Asimismo, desde el pasado 2018 el Inces Yaracuy se sum\u00f3 al Plan Nacional de Recuperaci\u00f3n de Mesas Sillas y este a\u00f1o se dar\u00e1 continuidad a la jornada. Torrealba puntualiz\u00f3 que el prop\u00f3sito es optimizar los inmuebles de las instituciones educativas para el confort de las y los estudiantes de la patria. \u201cEn medio de las dificultades el Inces se har\u00e1 presente en cada espacio formativo de la manera m\u00e1s tangible posible\u201d.<\/p>\n<p style=\"text-align: justify;\" align=\"JUSTIFY\">\n<p style=\"text-align: justify;\" align=\"JUSTIFY\">Finalmente agreg\u00f3 que se espera fortalecer al sistema educativo a trav\u00e9s de pol\u00edticas de inclusi\u00f3n y de transformaci\u00f3n social, a partir de la construci\u00f3n del hombre y la mujer nueva. El Inces tendr\u00e1 la misi\u00f3n de ser part\u00edcipe en la elaboraci\u00f3n de morrales y uniformes escolares, adem\u00e1s del mantenimiento de la infraestructura de instituciones educativas. Se establecer\u00e1 un trabajo conjunto para beneficio de la muchachada de la patria.<\/p>\n<p style=\"text-align: justify;\" align=\"JUSTIFY\">\n<p style=\"text-align: justify;\" align=\"JUSTIFY\">FM<\/p>\n","protected":false},"excerpt":{"rendered":"<p>MAR\u00cdA ALEJANDRA ARIAS | Yaracuy Como parte del arranque de actividades regulares del Inces, en Yaracuy se llev\u00f3 a cabo el encuentro de la estructura de direcci\u00f3n con el fin de trabajar sobre las orientaciones nacionales en cuanto a la programaci\u00f3n formativa de este 2019, en base a la meta establecida de m\u00e1s de 26 [&hellip;]<\/p>\n","protected":false},"author":4,"featured_media":23833,"comment_status":"closed","ping_status":"open","sticky":false,"template":"","format":"standard","meta":{"footnotes":""},"categories":[2],"tags":[],"class_list":["post-23832","post","type-post","status-publish","format-standard","has-post-thumbnail","hentry","category-blog"],"_links":{"self":[{"href":"https:\/\/inces.gob.ve\/index.php\/wp-json\/wp\/v2\/posts\/23832","targetHints":{"allow":["GET"]}}],"collection":[{"href":"https:\/\/inces.gob.ve\/index.php\/wp-json\/wp\/v2\/posts"}],"about":[{"href":"https:\/\/inces.gob.ve\/index.php\/wp-json\/wp\/v2\/types\/post"}],"author":[{"embeddable":true,"href":"https:\/\/inces.gob.ve\/index.php\/wp-json\/wp\/v2\/users\/4"}],"replies":[{"embeddable":true,"href":"https:\/\/inces.gob.ve\/index.php\/wp-json\/wp\/v2\/comments?post=23832"}],"version-history":[{"count":1,"href":"https:\/\/inces.gob.ve\/index.php\/wp-json\/wp\/v2\/posts\/23832\/revisions"}],"predecessor-version":[{"id":23834,"href":"https:\/\/inces.gob.ve\/index.php\/wp-json\/wp\/v2\/posts\/23832\/revisions\/23834"}],"wp:featuredmedia":[{"embeddable":true,"href":"https:\/\/inces.gob.ve\/index.php\/wp-json\/wp\/v2\/media\/23833"}],"wp:attachment":[{"href":"https:\/\/inces.gob.ve\/index.php\/wp-json\/wp\/v2\/media?parent=23832"}],"wp:term":[{"taxonomy":"category","embeddable":true,"href":"https:\/\/inces.gob.ve\/index.php\/wp-json\/wp\/v2\/categories?post=23832"},{"taxonomy":"post_tag","embeddable":true,"href":"https:\/\/inces.gob.ve\/index.php\/wp-json\/wp\/v2\/tags?post=23832"}],"curies":[{"name":"wp","href":"https:\/\/api.w.org\/{rel}","templated":true}]}}