{"id":23835,"date":"2019-01-18T12:22:23","date_gmt":"2019-01-18T18:22:23","guid":{"rendered":"http:\/\/www.inces.gob.ve\/?p=23835"},"modified":"2020-05-28T20:30:02","modified_gmt":"2020-05-29T00:30:02","slug":"inces-de-cara-a-un-2019-con-banderas-y-premisas-de-paz-compromiso-y-lealtad","status":"publish","type":"post","link":"https:\/\/inces.gob.ve\/index.php\/2019\/01\/18\/inces-de-cara-a-un-2019-con-banderas-y-premisas-de-paz-compromiso-y-lealtad\/","title":{"rendered":"Inces de cara a un 2019 con banderas y premisas de paz compromiso y lealtad"},"content":{"rendered":"<p align=\"JUSTIFY\"><i>**Como una gran cadena m\u00e1s fortalecida que nunca, Inces Lara se plantea en este nuevo a\u00f1o <b>asumir con fuerza y motivaci\u00f3n los nuevos retos<\/b> que demanda el pueblo para la formaci\u00f3n productiva<\/i><!--more--><\/p>\n<p style=\"text-align: justify;\" align=\"JUSTIFY\"><strong>DANNYS MORILLO | Lara<\/strong><\/p>\n<p style=\"text-align: justify;\" align=\"JUSTIFY\">\n<p style=\"text-align: justify;\" align=\"JUSTIFY\">Siguiendo las orientaciones emanadas por parte de las autoridades Inces, con sistemas que facilitar\u00e1n el proceso de inclusi\u00f3n en las formaciones, propuestas acertadas y claridad de prop\u00f3sitos este a\u00f1o 2019 Inces seguir\u00e1 siendo el brazo y m\u00fasculo colectivo que garantiza al pueblo larense la formaci\u00f3n que requiere para seguir avanzando y transformando desde las comunidades, las instituciones y las entidades de trabajo.<\/p>\n<p style=\"text-align: justify;\" align=\"JUSTIFY\">\n<p style=\"text-align: justify;\" align=\"JUSTIFY\">Para la trabajadora Belkis Garc\u00eda del Municipio Palavecino es \u201cun agradecimiento a Dios por el nuevo a\u00f1o, despertar cada d\u00eda es el milagro de la vida para hacer grandes cosas, un inicio laboral con muchas expectativas muy positivas en la b\u00fasqueda de encadenar lo formativo, lo productivo, el ser y el hacer con la juventud y la Misi\u00f3n Venezuela Bella para ayudar a cumplir las metas que nos plantea nuestro presidente y ver cristalizados los logros de la gerencia regional\u201d destac\u00f3.<\/p>\n<p style=\"text-align: justify;\" align=\"JUSTIFY\">\n<p style=\"text-align: justify;\" align=\"JUSTIFY\">Manuel Macuare trabajador adscrito al CFS Jos\u00e9 Bernardo Dorantes en Qu\u00edbor Municipio Jim\u00e9nez dijo \u201cse amplia el abanico de posibilidades y la acci\u00f3n de trabajo de Inces, una nueva estructura org\u00e1nica de la instituci\u00f3n, fortalecimiento del Programa Nacional de Aprendizaje y el Programa Educaci\u00f3n B\u00e1sica, el tema productivo; el Inces apunta al desarrollo social, cultural y econ\u00f3mico que necesita la naci\u00f3n\u201d.<\/p>\n<p style=\"text-align: justify;\" align=\"JUSTIFY\">\n<p style=\"text-align: justify;\" align=\"JUSTIFY\">Para el gerente regional Julio C\u00e9sar Garc\u00eda L\u00f3pez \u201cvenimos fortalecidos de manera integral para acompa\u00f1ar y cumplir el Plan de la Patria 2019-2025 junto a nuestro presidente Nicol\u00e1s Maduro, reconocerlo y reafirmarlo, vemos a trabajadores ansiosos de hacer cosas nuevas para avanzar, nuestra tarea es construir y seguir reivindicando a nuestros hombres y mujeres en al marco de la justicia y la mayor suma de felicidad\u201d.<\/p>\n<p style=\"text-align: justify;\" align=\"JUSTIFY\">\n<p style=\"text-align: justify;\" align=\"JUSTIFY\">\u201cInces es nuestra trinchera de lucha preservarnos, conservarnos y fortalecernos cada vez m\u00e1s es la l\u00ednea, estamos en un presente de batallas y victorias conjuntas organiz\u00e1ndonos como vanguardia, juventud productiva, mujeres productivas, consejo estudiantil y alianzas institucionales como digna instituci\u00f3n leal a la revoluci\u00f3n, una gran familia y el mejor pa\u00eds que somos asever\u00f3 para finalizar, Julio C\u00e9sar Garc\u00eda.<\/p>\n<p style=\"text-align: justify;\" align=\"JUSTIFY\">\n<p style=\"text-align: justify;\" align=\"JUSTIFY\">FM.<\/p>\n<p align=\"JUSTIFY\">\n","protected":false},"excerpt":{"rendered":"<p>**Como una gran cadena m\u00e1s fortalecida que nunca, Inces Lara se plantea en este nuevo a\u00f1o asumir con fuerza y motivaci\u00f3n los nuevos retos que demanda el pueblo para la formaci\u00f3n productiva<\/p>\n","protected":false},"author":4,"featured_media":23836,"comment_status":"closed","ping_status":"open","sticky":false,"template":"","format":"standard","meta":{"footnotes":""},"categories":[2],"tags":[],"class_list":["post-23835","post","type-post","status-publish","format-standard","has-post-thumbnail","hentry","category-blog"],"_links":{"self":[{"href":"https:\/\/inces.gob.ve\/index.php\/wp-json\/wp\/v2\/posts\/23835","targetHints":{"allow":["GET"]}}],"collection":[{"href":"https:\/\/inces.gob.ve\/index.php\/wp-json\/wp\/v2\/posts"}],"about":[{"href":"https:\/\/inces.gob.ve\/index.php\/wp-json\/wp\/v2\/types\/post"}],"author":[{"embeddable":true,"href":"https:\/\/inces.gob.ve\/index.php\/wp-json\/wp\/v2\/users\/4"}],"replies":[{"embeddable":true,"href":"https:\/\/inces.gob.ve\/index.php\/wp-json\/wp\/v2\/comments?post=23835"}],"version-history":[{"count":1,"href":"https:\/\/inces.gob.ve\/index.php\/wp-json\/wp\/v2\/posts\/23835\/revisions"}],"predecessor-version":[{"id":23837,"href":"https:\/\/inces.gob.ve\/index.php\/wp-json\/wp\/v2\/posts\/23835\/revisions\/23837"}],"wp:featuredmedia":[{"embeddable":true,"href":"https:\/\/inces.gob.ve\/index.php\/wp-json\/wp\/v2\/media\/23836"}],"wp:attachment":[{"href":"https:\/\/inces.gob.ve\/index.php\/wp-json\/wp\/v2\/media?parent=23835"}],"wp:term":[{"taxonomy":"category","embeddable":true,"href":"https:\/\/inces.gob.ve\/index.php\/wp-json\/wp\/v2\/categories?post=23835"},{"taxonomy":"post_tag","embeddable":true,"href":"https:\/\/inces.gob.ve\/index.php\/wp-json\/wp\/v2\/tags?post=23835"}],"curies":[{"name":"wp","href":"https:\/\/api.w.org\/{rel}","templated":true}]}}