{"id":23851,"date":"2019-01-21T08:21:10","date_gmt":"2019-01-21T14:21:10","guid":{"rendered":"http:\/\/www.inces.gob.ve\/?p=23851"},"modified":"2020-05-28T20:30:01","modified_gmt":"2020-05-29T00:30:01","slug":"trabajadores-de-inces-nueva-esparta-muestran-expectativas-positivas-para-este-2019","status":"publish","type":"post","link":"https:\/\/inces.gob.ve\/index.php\/2019\/01\/21\/trabajadores-de-inces-nueva-esparta-muestran-expectativas-positivas-para-este-2019\/","title":{"rendered":"Trabajadores de Inces Nueva Esparta muestran expectativas positivas para este 2019"},"content":{"rendered":"<p align=\"justify\"><span style=\"font-family: Arial,sans-serif;\"><b>**<i>* El a\u00f1o que arranca se espera seguir formando la mano productiva de los neoespartanos<\/i><\/b><\/span><\/p>\n<p align=\"justify\">\n<!--more--><\/p>\n<p align=\"justify\"><span style=\"font-family: Arial,sans-serif;\"><b>Francis Moreno | Inces Nueva Esparta<\/b><\/span><\/p>\n<p align=\"justify\">\n<p align=\"justify\"><span style=\"font-family: Arial,sans-serif;\">La direcci\u00f3n del Instituto Nacional de Capacitaci\u00f3n y Educaci\u00f3n Socialista (Inces) de la entidad insular, estableci\u00f3 una reuni\u00f3n con los jefes de centros de formaci\u00f3n socialista (CFS) y coordinadores de programas, a fin de orientarlos acerca de las nuevas metas y formaciones que deben recibir los participantes durante este 2019.<\/span><\/p>\n<p align=\"justify\">\n<p align=\"justify\"><span style=\"font-family: Arial,sans-serif;\">En el primer encuentro, el cual estuvo presidido por Alex Andarcia, gerente Regional de la instituci\u00f3n, \u00e9ste estuvo acompa\u00f1ado de Laurie Zabala jefe de Formaci\u00f3n Profesional y dio la bienvenida a todos los presentes, inst\u00e1ndolos a seguir trabajando con ah\u00ednco para poder alcanzar la meta de profesionalizar a 21 mil 353 participantes este a\u00f1o.<\/span><\/p>\n<p align=\"justify\">\n<p align=\"justify\"><span style=\"font-family: Arial,sans-serif;\">Andarcia, record\u00f3 que gracias a un trabajo realizado en equipo durante el pasado a\u00f1o, se logr\u00f3 superar el l\u00edmite que se le hab\u00eda encomendado de formaci\u00f3n y acreditaciones con m\u00e1s de 24.900 participantes. <\/span><\/p>\n<p align=\"justify\">\n<p align=\"justify\"><span style=\"font-family: Arial,sans-serif;\">La primera autoridad del Inces en la regi\u00f3n, indic\u00f3 que los diferentes (CFS) ubicados en distintos puntos de la geograf\u00eda insular, como Guaraguao en Porlamar, Pesquero la Playa en Los Cocos, JuanGriego, Construcci\u00f3n el Espinal en D\u00edaz, as\u00ed como el Luis Beltr\u00e1n Prieto Figueroa, ya est\u00e1n listos para dar inicio hoy lunes 21 con las respectivas preparaciones formativas a trav\u00e9s de los diferentes programas que se manejan en el instituto. <\/span><\/p>\n<p align=\"justify\">\n<p align=\"justify\"><span style=\"font-family: Arial,sans-serif;\">Para finalizar Andarcia subray\u00f3 que \u201cvamos a seguir trabajando y luchando para reactivar el trabajo de formaci\u00f3n productiva que se imparte en el Inces y as\u00ed mantener el balance que se nos ha encomendado\u201d. <\/span><\/p>\n<p align=\"justify\">\n<p align=\"justify\">\n","protected":false},"excerpt":{"rendered":"<p>*** El a\u00f1o que arranca se espera seguir formando la mano productiva de los neoespartanos<\/p>\n","protected":false},"author":15,"featured_media":23852,"comment_status":"closed","ping_status":"closed","sticky":false,"template":"","format":"standard","meta":{"footnotes":""},"categories":[2],"tags":[],"class_list":["post-23851","post","type-post","status-publish","format-standard","has-post-thumbnail","hentry","category-blog"],"_links":{"self":[{"href":"https:\/\/inces.gob.ve\/index.php\/wp-json\/wp\/v2\/posts\/23851","targetHints":{"allow":["GET"]}}],"collection":[{"href":"https:\/\/inces.gob.ve\/index.php\/wp-json\/wp\/v2\/posts"}],"about":[{"href":"https:\/\/inces.gob.ve\/index.php\/wp-json\/wp\/v2\/types\/post"}],"author":[{"embeddable":true,"href":"https:\/\/inces.gob.ve\/index.php\/wp-json\/wp\/v2\/users\/15"}],"replies":[{"embeddable":true,"href":"https:\/\/inces.gob.ve\/index.php\/wp-json\/wp\/v2\/comments?post=23851"}],"version-history":[{"count":1,"href":"https:\/\/inces.gob.ve\/index.php\/wp-json\/wp\/v2\/posts\/23851\/revisions"}],"predecessor-version":[{"id":23853,"href":"https:\/\/inces.gob.ve\/index.php\/wp-json\/wp\/v2\/posts\/23851\/revisions\/23853"}],"wp:featuredmedia":[{"embeddable":true,"href":"https:\/\/inces.gob.ve\/index.php\/wp-json\/wp\/v2\/media\/23852"}],"wp:attachment":[{"href":"https:\/\/inces.gob.ve\/index.php\/wp-json\/wp\/v2\/media?parent=23851"}],"wp:term":[{"taxonomy":"category","embeddable":true,"href":"https:\/\/inces.gob.ve\/index.php\/wp-json\/wp\/v2\/categories?post=23851"},{"taxonomy":"post_tag","embeddable":true,"href":"https:\/\/inces.gob.ve\/index.php\/wp-json\/wp\/v2\/tags?post=23851"}],"curies":[{"name":"wp","href":"https:\/\/api.w.org\/{rel}","templated":true}]}}