{"id":23854,"date":"2019-01-21T08:36:34","date_gmt":"2019-01-21T14:36:34","guid":{"rendered":"http:\/\/www.inces.gob.ve\/?p=23854"},"modified":"2020-05-28T20:33:26","modified_gmt":"2020-05-29T00:33:26","slug":"20-maestros-recibieron-reconocimiento-en-el-zulia","status":"publish","type":"post","link":"https:\/\/inces.gob.ve\/index.php\/2019\/01\/21\/20-maestros-recibieron-reconocimiento-en-el-zulia\/","title":{"rendered":"20 maestros recibieron reconocimiento en el Zulia"},"content":{"rendered":"<p class=\"western\" lang=\"es-ES\" align=\"justify\"><span style=\"font-family: Arial,sans-serif;\">*<b>* <\/b><i><b>Adem\u00e1s de esta entrega los agasajados disfrutaron del mon\u00f3logo: Mi Alma Tiene Prisa<\/b><\/i><\/span><\/p>\n<p class=\"western\" lang=\"es-ES\" align=\"justify\">\n<!--more--><\/p>\n<p class=\"western\" lang=\"es-ES\" align=\"justify\"><span style=\"font-family: Arial,sans-serif;\"><b>YUDITH CASTRO\/Zulia<\/b><\/span><\/p>\n<p class=\"western\" lang=\"es-ES\" align=\"justify\">\n<p class=\"western\" lang=\"es-ES\" align=\"justify\"><span style=\"font-family: Arial,sans-serif;\">En el marco de la celebraci\u00f3n del D\u00eda del Maestro, un total de 20 docentes del Instituto Nacional de Capacitaci\u00f3n Socialista (Inces) recibieron un merecido reconocimiento por su encomiable labor de ense\u00f1ar. La actividad se efectu\u00f3 en el centro de formaci\u00f3n socialista (CFS) Maracaibo y fue organizado por la Gerencia Regional y la Divisi\u00f3n de Formaci\u00f3n Profesional de la instituci\u00f3n, con el prop\u00f3sito de reconocer el esfuerzo, vocaci\u00f3n y compromiso de los maestros.<\/span><\/p>\n<p class=\"western\" lang=\"es-ES\" align=\"justify\">\n<p class=\"western\" lang=\"es-ES\" align=\"justify\">\u201c<span style=\"font-family: Arial,sans-serif;\">Hemos desarrollado este acto para darles la bienvenida, mostrarles nuestro agradecimiento por su loable labor. As\u00ed mismo, durante la actividad hemos destacado que durante este proceso revolucionario ha sido posible dignificar a estos educadores, quienes ahora est\u00e1n en n\u00f3mina con un contrato a 8 horas. En el Zulia, tenemos un estimado de 269 docentes,\u201d destac\u00f3 el jefe de la Divisi\u00f3n de Formaci\u00f3n Profesional, Mart\u00edn Mele\u00e1n.<\/span><\/p>\n<p class=\"western\" lang=\"es-ES\" align=\"justify\"><img loading=\"lazy\" decoding=\"async\" class=\"aligncenter wp-image-23856 size-full\" src=\"http:\/\/www.inces.gob.ve\/wp-content\/uploads\/2019\/01\/2-reconocimiento.jpg\" alt=\"\" width=\"800\" height=\"558\" srcset=\"https:\/\/inces.gob.ve\/wp-content\/uploads\/2019\/01\/2-reconocimiento.jpg 800w, https:\/\/inces.gob.ve\/wp-content\/uploads\/2019\/01\/2-reconocimiento-300x209.jpg 300w, https:\/\/inces.gob.ve\/wp-content\/uploads\/2019\/01\/2-reconocimiento-768x536.jpg 768w\" sizes=\"auto, (max-width: 800px) 100vw, 800px\" \/><br \/>\n<span style=\"font-family: Arial,sans-serif;\">Prosigui\u00f3 Mele\u00e1n, que \u201clos maestros son nuestra fortaleza, ellos son el potencial que tiene el Inces para encausar las pol\u00edticas p\u00fablicas, para construir el nuevo hombre y mujer con una visi\u00f3n \u00e9tica y socialista. En la cuarta rep\u00fablica eran contratados a destajo, es a trav\u00e9s proceso bolivariano que hemos hecho justicia social.\u201d<\/span><\/p>\n<p class=\"western\" lang=\"es-ES\" align=\"justify\">\n<p class=\"western\" lang=\"es-ES\" align=\"justify\"><span style=\"font-family: Arial,sans-serif;\">Con una sonrisa que denota satisfacci\u00f3n, la docente Reina Jim\u00e9nez del Programa B\u00e1sica expres\u00f3 que se siente honrada con el reconocimiento que recibi\u00f3. \u201cEste gesto del cual fui merecedora me compromete a\u00fan m\u00e1s con los estudiantes y con mi patria a pesar de la coyuntura econ\u00f3mica que estamos viviendo.\u201d<\/span><\/p>\n<p class=\"western\" lang=\"es-ES\" align=\"justify\">\n<p class=\"western\" lang=\"es-ES\" align=\"justify\"><span style=\"font-family: Arial,sans-serif;\">Nori Mendoza, maestra en el \u00e1rea de Textil afirm\u00f3 que ha \u201cdedicado m\u00e1s 10 a\u00f1os al Inces, a los estudiantes y este reconocimiento para m\u00ed significa mucho, me demuestra que s\u00ed vali\u00f3 la pena todo el esfuerzo.\u201d<\/span><\/p>\n<p class=\"western\" lang=\"es-ES\" align=\"justify\">\n<img loading=\"lazy\" decoding=\"async\" class=\"aligncenter wp-image-23855 size-full\" src=\"http:\/\/www.inces.gob.ve\/wp-content\/uploads\/2019\/01\/4-reconocimiento.jpg\" alt=\"\" width=\"800\" height=\"563\" srcset=\"https:\/\/inces.gob.ve\/wp-content\/uploads\/2019\/01\/4-reconocimiento.jpg 800w, https:\/\/inces.gob.ve\/wp-content\/uploads\/2019\/01\/4-reconocimiento-300x211.jpg 300w, https:\/\/inces.gob.ve\/wp-content\/uploads\/2019\/01\/4-reconocimiento-768x540.jpg 768w\" sizes=\"auto, (max-width: 800px) 100vw, 800px\" \/><\/p>\n<p class=\"western\" lang=\"es-ES\" align=\"justify\"><span style=\"font-family: Arial,sans-serif;\">Adem\u00e1s de la entrega de reconocimientos, los agasajados disfrutaron del mon\u00f3logo: Mi Alma Tiene Prisa, interpretado por el servidor p\u00fablico, Alfredo Negr\u00f3n, quien convoc\u00f3 invit\u00f3 a los presentes al an\u00e1lisis de la importancia de vivir y saborear intensamente cada momento de este tren, que llamamos vida.<\/span><\/p>\n<p class=\"western\" lang=\"es-ES\" align=\"justify\">I .R.\n<\/p>\n<p class=\"western\" lang=\"es-ES\" align=\"justify\">\n<p class=\"western\" lang=\"es-ES\" align=\"justify\">\n","protected":false},"excerpt":{"rendered":"<p>** Adem\u00e1s de esta entrega los agasajados disfrutaron del mon\u00f3logo: Mi Alma Tiene Prisa<\/p>\n","protected":false},"author":15,"featured_media":23857,"comment_status":"closed","ping_status":"closed","sticky":false,"template":"","format":"standard","meta":{"footnotes":""},"categories":[2],"tags":[],"class_list":["post-23854","post","type-post","status-publish","format-standard","has-post-thumbnail","hentry","category-blog"],"_links":{"self":[{"href":"https:\/\/inces.gob.ve\/index.php\/wp-json\/wp\/v2\/posts\/23854","targetHints":{"allow":["GET"]}}],"collection":[{"href":"https:\/\/inces.gob.ve\/index.php\/wp-json\/wp\/v2\/posts"}],"about":[{"href":"https:\/\/inces.gob.ve\/index.php\/wp-json\/wp\/v2\/types\/post"}],"author":[{"embeddable":true,"href":"https:\/\/inces.gob.ve\/index.php\/wp-json\/wp\/v2\/users\/15"}],"replies":[{"embeddable":true,"href":"https:\/\/inces.gob.ve\/index.php\/wp-json\/wp\/v2\/comments?post=23854"}],"version-history":[{"count":1,"href":"https:\/\/inces.gob.ve\/index.php\/wp-json\/wp\/v2\/posts\/23854\/revisions"}],"predecessor-version":[{"id":23858,"href":"https:\/\/inces.gob.ve\/index.php\/wp-json\/wp\/v2\/posts\/23854\/revisions\/23858"}],"wp:featuredmedia":[{"embeddable":true,"href":"https:\/\/inces.gob.ve\/index.php\/wp-json\/wp\/v2\/media\/23857"}],"wp:attachment":[{"href":"https:\/\/inces.gob.ve\/index.php\/wp-json\/wp\/v2\/media?parent=23854"}],"wp:term":[{"taxonomy":"category","embeddable":true,"href":"https:\/\/inces.gob.ve\/index.php\/wp-json\/wp\/v2\/categories?post=23854"},{"taxonomy":"post_tag","embeddable":true,"href":"https:\/\/inces.gob.ve\/index.php\/wp-json\/wp\/v2\/tags?post=23854"}],"curies":[{"name":"wp","href":"https:\/\/api.w.org\/{rel}","templated":true}]}}