{"id":23865,"date":"2019-01-21T14:04:11","date_gmt":"2019-01-21T20:04:11","guid":{"rendered":"http:\/\/www.inces.gob.ve\/?p=23865"},"modified":"2020-05-28T20:30:01","modified_gmt":"2020-05-29T00:30:01","slug":"merida-afina-maquinaria-para-formacion-del-ano-2019","status":"publish","type":"post","link":"https:\/\/inces.gob.ve\/index.php\/2019\/01\/21\/merida-afina-maquinaria-para-formacion-del-ano-2019\/","title":{"rendered":"M\u00e9rida afina maquinaria para formaci\u00f3n del a\u00f1o 2019"},"content":{"rendered":"<p class=\"western\" lang=\"es-ES\" align=\"justify\"><span style=\"font-family: Arial,sans-serif;\">** <i><b>Se culmin\u00f3 de manera exitosa el 2018 cumpliendo la meta de 698 cursos, talleres y proyectos, donde participaron 13 mil 332 hombres, mujeres y adolescentes, en 10 motores productivos y diferentes ambientes de formaci\u00f3n por toda la entidad meride\u00f1a<\/b><\/i><\/span><\/p>\n<p class=\"western\" lang=\"es-ES\" align=\"justify\"><!--more-->\n<\/p>\n<p class=\"western\" lang=\"es-ES\" align=\"justify\">\n<p class=\"western\" lang=\"es-ES\" align=\"justify\"><span style=\"font-family: Arial,sans-serif;\"><b>Nadia Lobo | Inces-M\u00e9rida <\/b><\/span><\/p>\n<p class=\"western\" lang=\"es-ES\" align=\"justify\">\n<p class=\"western\" lang=\"es-ES\" align=\"justify\"><span style=\"font-family: Arial,sans-serif;\">Siguiendo lineamiento del presidente del Inces, Wuikelman Angel Paredes y en procura de alcanzar los objetivos del Plan de la Patria, la gerente regional Yvonne Pirela, inform\u00f3 que la instituci\u00f3n dirigir\u00e1 toda su fortaleza hacia la formaci\u00f3n y capacitaci\u00f3n de la juventud productiva, desde las entidades de trabajo con el Programa Nacional de Aprendizaje (PNA) y con el Plan Nacional Chamba Juvenil, donde se desarrollan n\u00f3veles <\/span><strong><span style=\"font-family: Arial,sans-serif;\">fuerzas productivas<\/span><\/strong><span style=\"font-family: Arial,sans-serif;\">, como alternativa al nuevo modelo socialista.<\/span><\/p>\n<p class=\"western\" lang=\"es-ES\" align=\"justify\">\n<p class=\"western\" lang=\"es-ES\" align=\"justify\"><span style=\"font-family: Arial,sans-serif;\"> En este sentido se desarroll\u00f3 de manera exitosa la primera reuni\u00f3n de trabajo que involucra a los jefes de divisi\u00f3n, responsables de CFS, coordinadores de programas, entre otros, quienes recibieron orientaciones generales para el Inicio del Plan de Formaci\u00f3n y Autoformaci\u00f3n Productiva Inces 2019, correspondiente al primer trimestre, de acuerdo a la meta establecida por las autoridades del Inces y tomando como base las l\u00edneas planteadas por el Presidente de la Rep\u00fablica ante la actual coyuntura pol\u00edtica y en intenci\u00f3n de garantizar el cabal cumplimiento del Programa de Recuperaci\u00f3n, Crecimiento y Prosperidad Econ\u00f3mica.<\/span><\/p>\n<p class=\"western\" lang=\"es-ES\" align=\"justify\">\n<p><img loading=\"lazy\" decoding=\"async\" class=\"wp-image-23867 size-full\" src=\"http:\/\/www.inces.gob.ve\/wp-content\/uploads\/2019\/01\/1-afina-maquinaria-para-formaci\u00f3n-.jpg\" alt=\"\" width=\"700\" height=\"525\" srcset=\"https:\/\/inces.gob.ve\/wp-content\/uploads\/2019\/01\/1-afina-maquinaria-para-formaci\u00f3n-.jpg 700w, https:\/\/inces.gob.ve\/wp-content\/uploads\/2019\/01\/1-afina-maquinaria-para-formaci\u00f3n--300x225.jpg 300w, https:\/\/inces.gob.ve\/wp-content\/uploads\/2019\/01\/1-afina-maquinaria-para-formaci\u00f3n--136x102.jpg 136w\" sizes=\"auto, (max-width: 700px) 100vw, 700px\" \/><\/p>\n<p class=\"western\" lang=\"es-ES\" align=\"justify\"><span style=\"font-family: Arial,sans-serif;\">En esta primera mesa de trabajo, que estuvo encabezada por la gerente regional del Inces-M\u00e9rida, Yvonne Pirela, se manifest\u00f3 la mejor disposici\u00f3n para dar fiel cumplimiento a la programaci\u00f3n formativo productivo previsto para el a\u00f1o 2019, seg\u00fan instrucciones dadas por el ciudadano vicepresidente para el \u00c1rea Social y ministro del poder popular para la Educaci\u00f3n Arist\u00f3bulo Ist\u00fariz, en relaci\u00f3n a las pol\u00edticas de Protecci\u00f3n Social del Pueblo, los planes para reducir el gasto p\u00fablico y la activaci\u00f3n de los poderes creadores del pueblo mediante una \u201ceducaci\u00f3n con pertinencia productiva ante el impacto de la guerra econ\u00f3mica\u201d.<\/span><\/p>\n<p class=\"western\" lang=\"es-ES\" align=\"justify\">\n<p class=\"western\" lang=\"es-ES\" align=\"justify\">\n<p class=\"western\" lang=\"es-ES\" align=\"justify\"><span style=\"font-family: Arial,sans-serif;\"> En este sentido, el Inces-M\u00e9rida afina la maquinaria, talleres y equipos de trabajo en los centros de formaci\u00f3n socialista (CFS) cada uno con proyectos productivos; as\u00ed mismo dirigir\u00e1 sus esfuerzos formativos al Plan Chamba Juvenil a trav\u00e9s del PNA para dar cumplimiento a la meta de m\u00e1s de 32 meride\u00f1os atendidos en el a\u00f1o 2019, se\u00f1al\u00f3 la gerente regional.<\/span><\/p>\n<p class=\"western\" lang=\"es-ES\" align=\"justify\">\n<p class=\"western\" lang=\"es-ES\" align=\"justify\"><span style=\"font-family: Arial,sans-serif;\"> Finalmente dijo, que el Inces seguir\u00e1 en contraofensiva hasta vencer los factores que perturban la econom\u00eda nacional, de all\u00ed que la gerencia regional y todo su equipo de trabajo redoblar\u00e1n los esfuerzos formativos con nuevas afiliaci\u00f3n de <\/span><strong><span style=\"font-family: Arial,sans-serif;\">organizaciones socio-productivas a trav\u00e9s de la capacitaci\u00f3n en diversos ambientes formativos, bajo el enfoque metodol\u00f3gico, formar produciendo, producir formando.<\/span><\/strong><\/p>\n<p class=\"western\" lang=\"es-ES\" align=\"justify\">IR.\n<\/p>\n<p class=\"western\" lang=\"es-ES\" align=\"justify\">\n<p class=\"western\" lang=\"es-ES\" align=\"justify\">\n","protected":false},"excerpt":{"rendered":"<p>** Se culmin\u00f3 de manera exitosa el 2018 cumpliendo la meta de 698 cursos, talleres y proyectos, donde participaron 13 mil 332 hombres, mujeres y adolescentes, en 10 motores productivos y diferentes ambientes de formaci\u00f3n por toda la entidad meride\u00f1a<\/p>\n","protected":false},"author":15,"featured_media":23866,"comment_status":"closed","ping_status":"closed","sticky":false,"template":"","format":"standard","meta":{"footnotes":""},"categories":[2],"tags":[],"class_list":["post-23865","post","type-post","status-publish","format-standard","has-post-thumbnail","hentry","category-blog"],"_links":{"self":[{"href":"https:\/\/inces.gob.ve\/index.php\/wp-json\/wp\/v2\/posts\/23865","targetHints":{"allow":["GET"]}}],"collection":[{"href":"https:\/\/inces.gob.ve\/index.php\/wp-json\/wp\/v2\/posts"}],"about":[{"href":"https:\/\/inces.gob.ve\/index.php\/wp-json\/wp\/v2\/types\/post"}],"author":[{"embeddable":true,"href":"https:\/\/inces.gob.ve\/index.php\/wp-json\/wp\/v2\/users\/15"}],"replies":[{"embeddable":true,"href":"https:\/\/inces.gob.ve\/index.php\/wp-json\/wp\/v2\/comments?post=23865"}],"version-history":[{"count":1,"href":"https:\/\/inces.gob.ve\/index.php\/wp-json\/wp\/v2\/posts\/23865\/revisions"}],"predecessor-version":[{"id":23868,"href":"https:\/\/inces.gob.ve\/index.php\/wp-json\/wp\/v2\/posts\/23865\/revisions\/23868"}],"wp:featuredmedia":[{"embeddable":true,"href":"https:\/\/inces.gob.ve\/index.php\/wp-json\/wp\/v2\/media\/23866"}],"wp:attachment":[{"href":"https:\/\/inces.gob.ve\/index.php\/wp-json\/wp\/v2\/media?parent=23865"}],"wp:term":[{"taxonomy":"category","embeddable":true,"href":"https:\/\/inces.gob.ve\/index.php\/wp-json\/wp\/v2\/categories?post=23865"},{"taxonomy":"post_tag","embeddable":true,"href":"https:\/\/inces.gob.ve\/index.php\/wp-json\/wp\/v2\/tags?post=23865"}],"curies":[{"name":"wp","href":"https:\/\/api.w.org\/{rel}","templated":true}]}}