{"id":23869,"date":"2019-01-22T07:49:02","date_gmt":"2019-01-22T13:49:02","guid":{"rendered":"http:\/\/www.inces.gob.ve\/?p=23869"},"modified":"2020-05-28T20:30:01","modified_gmt":"2020-05-29T00:30:01","slug":"apure-fija-lineas-estrategicas-para-arranque-de-formacion-2019","status":"publish","type":"post","link":"https:\/\/inces.gob.ve\/index.php\/2019\/01\/22\/apure-fija-lineas-estrategicas-para-arranque-de-formacion-2019\/","title":{"rendered":"Apure fija l\u00edneas estrat\u00e9gicas para arranque de formaci\u00f3n 2019"},"content":{"rendered":"<p class=\"western\" style=\"text-align: justify;\" align=\"justify\"><span style=\"font-family: Arial,sans-serif;\"><span style=\"font-size: medium;\"><b>*<i>* Fijando metas para la formaci\u00f3n de nuevos participantes en la regi\u00f3n.<\/i><\/b><\/span><\/span><\/p>\n<p class=\"western\" style=\"text-align: justify;\" align=\"justify\"><!--more--><\/p>\n<p class=\"western\" style=\"text-align: justify;\" align=\"justify\"><span style=\"font-family: Arial,sans-serif;\"><span style=\"font-size: medium;\"><i><b>CIMAN RAMOS | Apure<\/b><\/i><\/span><\/span><\/p>\n<p class=\"western\" style=\"text-align: justify;\" align=\"justify\"><span style=\"font-family: Arial,sans-serif;\"><span style=\"font-size: medium;\">Daviel Rodr\u00edguez, gerente regional del Inces Apure, sostuvo diversas reuniones de trabajo con el jefe de formaci\u00f3n profesional, jefa de talento humano, jefes de divisi\u00f3n, jefes de centros de formaci\u00f3n socialista (CFS) y maestros productivos; para fijar las l\u00edneas estrat\u00e9gicas para el arranque de la formaci\u00f3n 2019.<\/span><\/span><\/p>\n<p align=\"justify\">\n<p class=\"western\" style=\"text-align: justify;\" align=\"justify\"><span style=\"font-family: Arial,sans-serif;\"><span style=\"font-size: medium;\">Rodr\u00edguez se\u00f1al\u00f3 que estas reuniones que se est\u00e1n desarrollando con todo el equipo de trabajo, \u201cnos permiten orientar y fijar t\u00e1cticas que permitan ejecutar nuestras actividades con respecto al plan de formaci\u00f3n del Inces Apure para el a\u00f1o 2019\u201d.<\/span><\/span><\/p>\n<p align=\"justify\">\n<p class=\"western\" style=\"text-align: justify;\" align=\"justify\"><span style=\"font-family: Arial,sans-serif;\"><span style=\"font-size: medium;\">De igual manera, anunci\u00f3 el inicio de la capacitaci\u00f3n mediante un taller de formaci\u00f3n dirigido a los maestros t\u00e9cnicos productivos (MTP), sobre la elaboraci\u00f3n de proyectos productivos. La formaci\u00f3n ser\u00e1 desde el d\u00eda 22 del mes en curso, hasta el viernes 25. <\/span><\/span><\/p>\n<p align=\"justify\">\n<p class=\"western\" style=\"text-align: justify;\" align=\"justify\"><span style=\"font-family: Arial,sans-serif;\"><span style=\"font-size: medium;\">As\u00ed mismo, el gerente regional destac\u00f3 que se tiene previsto realizar un arranque masivo en todo el estado para el d\u00eda 28 de enero del presente a\u00f1o. \u201cEs importante se\u00f1alar que estamos estableciendo alianzas y contactos con la organizaci\u00f3n bolivariana de estudiantes (OBE), movimiento de aprendices, chamba juvenil y las instituciones educativas, tomando en cuenta tambi\u00e9n el punto y circulo de cada CFS de la regi\u00f3n apure\u00f1a, para la conformaci\u00f3n de las brigadas productivas de las escuelas con el aporte de la zona educativa del estado\u201d, se\u00f1al\u00f3.<\/span><\/span><\/p>\n<p class=\"western\" style=\"text-align: justify;\" align=\"justify\"><span style=\"font-family: Arial,sans-serif;\"><span style=\"font-size: medium;\"><img loading=\"lazy\" decoding=\"async\" class=\"aligncenter wp-image-23870 size-full\" src=\"http:\/\/www.inces.gob.ve\/wp-content\/uploads\/2019\/01\/2-L\u00cdNEAS-ESTRAT\u00c9GICAS.jpg\" alt=\"\" width=\"800\" height=\"480\" srcset=\"https:\/\/inces.gob.ve\/wp-content\/uploads\/2019\/01\/2-L\u00cdNEAS-ESTRAT\u00c9GICAS.jpg 800w, https:\/\/inces.gob.ve\/wp-content\/uploads\/2019\/01\/2-L\u00cdNEAS-ESTRAT\u00c9GICAS-300x180.jpg 300w, https:\/\/inces.gob.ve\/wp-content\/uploads\/2019\/01\/2-L\u00cdNEAS-ESTRAT\u00c9GICAS-768x461.jpg 768w\" sizes=\"auto, (max-width: 800px) 100vw, 800px\" \/><\/span><\/span><\/p>\n<p class=\"western\" style=\"text-align: justify;\" align=\"justify\"><span style=\"font-family: Arial,sans-serif;\"><span style=\"font-size: medium;\">Para finiquitar, el gerente enfatiz\u00f3 sobre el trabajo en conjunto que debe realizar cada centro de formaci\u00f3n socialista (CFS), coordinadores y jefes de divisi\u00f3n del Inces Apure para cumplir con las metas proyectadas, objetivos, lineamientos de formaci\u00f3n, acreditaci\u00f3n y certificaci\u00f3n del Inces para el a\u00f1o 2019. <\/span><\/span><\/p>\n<p class=\"western\" style=\"text-align: justify;\" align=\"justify\"><span style=\"font-family: Arial,sans-serif;\"><span style=\"font-size: medium;\">LA.<\/span><\/span><\/p>\n","protected":false},"excerpt":{"rendered":"<p>** Fijando metas para la formaci\u00f3n de nuevos participantes en la regi\u00f3n.<\/p>\n","protected":false},"author":15,"featured_media":23871,"comment_status":"closed","ping_status":"closed","sticky":false,"template":"","format":"standard","meta":{"footnotes":""},"categories":[2],"tags":[],"class_list":["post-23869","post","type-post","status-publish","format-standard","has-post-thumbnail","hentry","category-blog"],"_links":{"self":[{"href":"https:\/\/inces.gob.ve\/index.php\/wp-json\/wp\/v2\/posts\/23869","targetHints":{"allow":["GET"]}}],"collection":[{"href":"https:\/\/inces.gob.ve\/index.php\/wp-json\/wp\/v2\/posts"}],"about":[{"href":"https:\/\/inces.gob.ve\/index.php\/wp-json\/wp\/v2\/types\/post"}],"author":[{"embeddable":true,"href":"https:\/\/inces.gob.ve\/index.php\/wp-json\/wp\/v2\/users\/15"}],"replies":[{"embeddable":true,"href":"https:\/\/inces.gob.ve\/index.php\/wp-json\/wp\/v2\/comments?post=23869"}],"version-history":[{"count":4,"href":"https:\/\/inces.gob.ve\/index.php\/wp-json\/wp\/v2\/posts\/23869\/revisions"}],"predecessor-version":[{"id":23910,"href":"https:\/\/inces.gob.ve\/index.php\/wp-json\/wp\/v2\/posts\/23869\/revisions\/23910"}],"wp:featuredmedia":[{"embeddable":true,"href":"https:\/\/inces.gob.ve\/index.php\/wp-json\/wp\/v2\/media\/23871"}],"wp:attachment":[{"href":"https:\/\/inces.gob.ve\/index.php\/wp-json\/wp\/v2\/media?parent=23869"}],"wp:term":[{"taxonomy":"category","embeddable":true,"href":"https:\/\/inces.gob.ve\/index.php\/wp-json\/wp\/v2\/categories?post=23869"},{"taxonomy":"post_tag","embeddable":true,"href":"https:\/\/inces.gob.ve\/index.php\/wp-json\/wp\/v2\/tags?post=23869"}],"curies":[{"name":"wp","href":"https:\/\/api.w.org\/{rel}","templated":true}]}}