{"id":23873,"date":"2019-01-22T07:54:51","date_gmt":"2019-01-22T13:54:51","guid":{"rendered":"http:\/\/www.inces.gob.ve\/?p=23873"},"modified":"2020-05-28T20:33:25","modified_gmt":"2020-05-29T00:33:25","slug":"120-mil-mesas-sillas-seran-reparadas-en-el-zulia","status":"publish","type":"post","link":"https:\/\/inces.gob.ve\/index.php\/2019\/01\/22\/120-mil-mesas-sillas-seran-reparadas-en-el-zulia\/","title":{"rendered":"120 mil mesas sillas ser\u00e1n reparadas en el Zulia"},"content":{"rendered":"<p class=\"western\" align=\"justify\"><span style=\"font-family: Arial,sans-serif;\"><span style=\"font-size: medium;\"><b>*<i>*la regi\u00f3n zuliana formar\u00e1 en el 2019 a 117 mil 953 ciudadanos con un contingente de 269 maestros<\/i><\/b><\/span><\/span><\/p>\n<p class=\"western\" align=\"justify\"><!--more--><\/p>\n<p class=\"western\" align=\"justify\"><span style=\"font-family: Arial,sans-serif;\"><span style=\"font-size: medium;\"><b>YUDITH CASTRO | Zulia<\/b><\/span><\/span><\/p>\n<p align=\"justify\">\n<p class=\"western\" align=\"justify\"><span style=\"font-family: Arial,sans-serif;\"><span style=\"font-size: medium;\">El Instituto Nacional de Capacitaci\u00f3n y Educaci\u00f3n Socialista se traz\u00f3 como meta reparar en el Zulia 120 mil mesas sillas de las unidades educativas en conjunto con otras instituciones p\u00fablicas como las escuelas t\u00e9cnicas, Fundaci\u00f3n de Edificaciones y Dotaciones Educativas (Fede), y la Misi\u00f3n Barrio Nuevo Tricolor, entre otras. As\u00ed lo inform\u00f3 la gerente regional del Inces Zulia, Isamar M\u00e1rquez. <\/span><\/span><\/p>\n<p class=\"western\" align=\"justify\"><span style=\"font-family: Arial,sans-serif;\"><span style=\"font-size: medium;\">En el primer trimestre se estiman reparar 30 mil mesas sillas, trabajo en el cual participar\u00e1n los 11 centros de formaci\u00f3n socialista de la instituci\u00f3n, quienes \u201cfortalecer\u00e1n la vinculaci\u00f3n con las fuerzas vivas existentes en su punto y c\u00edrculo, como los consejos comunales, el poder popular&#8230; con la finalidad de lograr cumplir con esta meta.\u201d<\/span><\/span><\/p>\n<p class=\"western\" align=\"justify\"><span style=\"font-family: Arial,sans-serif;\"><span style=\"font-size: medium;\"><img loading=\"lazy\" decoding=\"async\" class=\"aligncenter wp-image-23876 size-full\" src=\"http:\/\/www.inces.gob.ve\/wp-content\/uploads\/2019\/01\/1-mil-mesas-sillas.jpg\" alt=\"\" width=\"750\" height=\"758\" srcset=\"https:\/\/inces.gob.ve\/wp-content\/uploads\/2019\/01\/1-mil-mesas-sillas.jpg 750w, https:\/\/inces.gob.ve\/wp-content\/uploads\/2019\/01\/1-mil-mesas-sillas-297x300.jpg 297w\" sizes=\"auto, (max-width: 750px) 100vw, 750px\" \/><\/span><\/span><\/p>\n<p class=\"western\" align=\"justify\"><span style=\"font-family: Arial,sans-serif;\"><span style=\"font-size: medium;\">M\u00e1rquez continu\u00f3: \u201cNosotros iniciamos este a\u00f1o cargado de mucha m\u00edstica revolucionaria ratificando el compromiso con el presidente, Nicol\u00e1s Maduro. Compromiso que demostramos a trav\u00e9s del trabajo que desde esta instituci\u00f3n se hace y que contribuye en la formaci\u00f3n de ese hombre y mujer patriota.\u201d<\/span><\/span><\/p>\n<p class=\"western\" align=\"justify\"><span style=\"font-family: Arial,sans-serif;\"><span style=\"font-size: medium;\">Refiri\u00f3 el jefe de la divisi\u00f3n de Formaci\u00f3n Profesional, Mart\u00edn Mele\u00e1n, que la instituci\u00f3n seguir\u00e1 apoyando con las acreditaciones de saberes y formaci\u00f3n a las brigadas de mantenimiento que se generen en las instituciones educativas para cumplir con esta noble labor.<\/span><\/span><\/p>\n<p class=\"western\" align=\"justify\"><span style=\"font-family: Arial,sans-serif;\"><span style=\"font-size: medium;\"><img loading=\"lazy\" decoding=\"async\" class=\"aligncenter wp-image-23874 size-full\" src=\"http:\/\/www.inces.gob.ve\/wp-content\/uploads\/2019\/01\/3mil-mesas-sillas.jpg\" alt=\"\" width=\"800\" height=\"525\" srcset=\"https:\/\/inces.gob.ve\/wp-content\/uploads\/2019\/01\/3mil-mesas-sillas.jpg 800w, https:\/\/inces.gob.ve\/wp-content\/uploads\/2019\/01\/3mil-mesas-sillas-300x197.jpg 300w, https:\/\/inces.gob.ve\/wp-content\/uploads\/2019\/01\/3mil-mesas-sillas-768x504.jpg 768w\" sizes=\"auto, (max-width: 800px) 100vw, 800px\" \/><\/span><\/span><\/p>\n<p class=\"western\" align=\"justify\"><a name=\"_GoBack\"><\/a><a name=\"__DdeLink__137_1310506858\"><\/a> <span style=\"font-family: Arial,sans-serif;\"><span style=\"font-size: medium;\">Para finalizar, Mele\u00e1n indic\u00f3 que para este a\u00f1o el Inces en la regi\u00f3n zuliana tiene previsto formar en los distinto motores productivos a 117 mil 953 ciudadanos y destac\u00f3 que para ello cuenta con un contingente de 269 maestros.<\/span><\/span><\/p>\n<p class=\"western\" align=\"justify\"><span style=\"font-family: Arial,sans-serif;\"><span style=\"font-size: medium;\">LA<\/span><\/span><\/p>\n","protected":false},"excerpt":{"rendered":"<p>**la regi\u00f3n zuliana formar\u00e1 en el 2019 a 117 mil 953 ciudadanos con un contingente de 269 maestros<\/p>\n","protected":false},"author":15,"featured_media":23875,"comment_status":"closed","ping_status":"closed","sticky":false,"template":"","format":"standard","meta":{"footnotes":""},"categories":[2],"tags":[],"class_list":["post-23873","post","type-post","status-publish","format-standard","has-post-thumbnail","hentry","category-blog"],"_links":{"self":[{"href":"https:\/\/inces.gob.ve\/index.php\/wp-json\/wp\/v2\/posts\/23873","targetHints":{"allow":["GET"]}}],"collection":[{"href":"https:\/\/inces.gob.ve\/index.php\/wp-json\/wp\/v2\/posts"}],"about":[{"href":"https:\/\/inces.gob.ve\/index.php\/wp-json\/wp\/v2\/types\/post"}],"author":[{"embeddable":true,"href":"https:\/\/inces.gob.ve\/index.php\/wp-json\/wp\/v2\/users\/15"}],"replies":[{"embeddable":true,"href":"https:\/\/inces.gob.ve\/index.php\/wp-json\/wp\/v2\/comments?post=23873"}],"version-history":[{"count":2,"href":"https:\/\/inces.gob.ve\/index.php\/wp-json\/wp\/v2\/posts\/23873\/revisions"}],"predecessor-version":[{"id":23878,"href":"https:\/\/inces.gob.ve\/index.php\/wp-json\/wp\/v2\/posts\/23873\/revisions\/23878"}],"wp:featuredmedia":[{"embeddable":true,"href":"https:\/\/inces.gob.ve\/index.php\/wp-json\/wp\/v2\/media\/23875"}],"wp:attachment":[{"href":"https:\/\/inces.gob.ve\/index.php\/wp-json\/wp\/v2\/media?parent=23873"}],"wp:term":[{"taxonomy":"category","embeddable":true,"href":"https:\/\/inces.gob.ve\/index.php\/wp-json\/wp\/v2\/categories?post=23873"},{"taxonomy":"post_tag","embeddable":true,"href":"https:\/\/inces.gob.ve\/index.php\/wp-json\/wp\/v2\/tags?post=23873"}],"curies":[{"name":"wp","href":"https:\/\/api.w.org\/{rel}","templated":true}]}}