{"id":23892,"date":"2019-01-22T12:45:03","date_gmt":"2019-01-22T18:45:03","guid":{"rendered":"http:\/\/www.inces.gob.ve\/?p=23892"},"modified":"2020-05-28T20:30:01","modified_gmt":"2020-05-29T00:30:01","slug":"cfs-jorge-rodriguez-inicia-el-ano-con-curso-de-servicio-gastronomico","status":"publish","type":"post","link":"https:\/\/inces.gob.ve\/index.php\/2019\/01\/22\/cfs-jorge-rodriguez-inicia-el-ano-con-curso-de-servicio-gastronomico\/","title":{"rendered":"CFS Jorge Rodr\u00edguez inicia el a\u00f1o con curso de servicio gastron\u00f3mico"},"content":{"rendered":"<p align=\"justify\"><span style=\"font-family: Arial,sans-serif;\">**<i> <\/i><i><b>Le\u00f3n: \u201cSe trata de una l\u00ednea de trabajo donde todos los centros de formaci\u00f3n estamos llamados a acompa\u00f1ar a esa gesti\u00f3n productiva\u201d <\/b><\/i><\/span><\/p>\n<p align=\"justify\"><!--more--><\/p>\n<p align=\"justify\"><span style=\"font-family: Arial,sans-serif;\"><b>FREDDY MART\u00cdNEZ | Sede <\/b><\/span><\/p>\n<p align=\"justify\"><span style=\"font-family: Arial,sans-serif;\">El centro de formaci\u00f3n socialista (CFS) Jorge Rodr\u00edguez, ubicado en la avenida Nueva Granada de Caracas, orient\u00f3 planes formativos para este 2019 dise\u00f1ando cursos de desarrollo y emprendimiento productivo, as\u00ed lo dio a conocer la profesora Yelena Le\u00f3n, jefa de este centro formativo.<\/span><\/p>\n<p align=\"justify\"><span style=\"font-family: Arial,sans-serif;\">CFS donde se alistan para iniciar una formaci\u00f3n productiva con servicio gastron\u00f3mico dirigido para participantes del punto y c\u00edrculo, y a los trabajadores de la instituci\u00f3n que anteriormente han realizado cursos en el \u00e1rea gastron\u00f3mica.<\/span><\/p>\n<p align=\"justify\"><span style=\"font-family: Arial,sans-serif;\">Asegur\u00f3 Le\u00f3n que este proyecto formativo incluye la producci\u00f3n y cosecha de buena parte de la materia prima que se emplear\u00e1 en la elaboraci\u00f3n de los productos y exquisiteces que ser\u00e1n ofrecidos a los trabajadores del Inces as\u00ed como a quienes visiten la instituci\u00f3n por cualquier motivo. <\/span><\/p>\n<p align=\"justify\">\u201c<span style=\"font-family: Arial,sans-serif;\">Se trata de una l\u00ednea de trabajo donde todos los centros de formaci\u00f3n estamos llamados a acompa\u00f1ar a esa gesti\u00f3n productiva, orientando todo lo que es la formaci\u00f3n hacia los proyectos productivos que vayamos a desarrollar en cada centro\u201d, destac\u00f3 la jefa del Jorge Rodr\u00edguez. <\/span><\/p>\n<p align=\"justify\">\u201c<span style=\"font-family: Arial,sans-serif;\">Hemos previsto que en este proyecto productivo, que va a contemplar el servicio de desayuno, almuerzo y meriendas; podamos incorporar a aquellos egresados de los cursos de panader\u00eda, pasteler\u00eda, cocina y pasapalos ya que traen una experiencia y una valiosa preparaci\u00f3n que servir\u00e1 para el intercambio de conocimientos entre los participantes\u201d, asegur\u00f3 Le\u00f3n. <\/span><\/p>\n<p align=\"justify\"><span style=\"font-family: Arial,sans-serif;\">Se tiene previsto que para el desarrollo de este proyecto formativo y productivo se incorporen personas del punto y c\u00edrculo para que puedan replicar la experiencia en sus respectivas comunidades, pues la idea es que el tr\u00e1nsito por el Inces permita a las comunidades apropiarse de este conocimiento para que pueda transcender de una simple formaci\u00f3n a un emprendimiento productivo. <\/span><\/p>\n<p align=\"justify\"><span style=\"font-family: Arial,sans-serif;\">Llamado para integrarse a la formaci\u00f3n<\/span><\/p>\n<p align=\"justify\"><span style=\"font-family: Arial,sans-serif;\">De esta manera Yelena Le\u00f3n hace un llamado a los trabajadores y trabajadoras del Inces que previamente hayan cursado formaciones de agricultura urbana, panader\u00eda y cocina entre otros, para que se incorporen a esta iniciativa productiva, pues \u201cen el proyecto hemos previsto hacer un proceso de encadenamiento productivo que supone que buena parte de los insumos que vamos a requerir provengan de lo que se ir\u00e1 cultivando\u201d. <\/span><\/p>\n<p align=\"justify\">\u201c<span style=\"font-family: Arial,sans-serif;\">Queremos incorporar a los trabajadores del Inces para que puedan servir, no solo para continuar formando en un nivel superior, sino que adem\u00e1s con su pr\u00e1ctica puedan probar que s\u00ed pueden desarrollar y hacer cualquier emprendimiento productivo en sus comunidades\u201d, concluy\u00f3 Le\u00f3n. <\/span><\/p>\n<p align=\"justify\"><span style=\"font-family: Arial,sans-serif;\">LA.<\/span><\/p>\n","protected":false},"excerpt":{"rendered":"<p>** Le\u00f3n: \u201cSe trata de una l\u00ednea de trabajo donde todos los centros de formaci\u00f3n estamos llamados a acompa\u00f1ar a esa gesti\u00f3n productiva\u201d<\/p>\n","protected":false},"author":15,"featured_media":23893,"comment_status":"closed","ping_status":"closed","sticky":false,"template":"","format":"standard","meta":{"footnotes":""},"categories":[2],"tags":[],"class_list":["post-23892","post","type-post","status-publish","format-standard","has-post-thumbnail","hentry","category-blog"],"_links":{"self":[{"href":"https:\/\/inces.gob.ve\/index.php\/wp-json\/wp\/v2\/posts\/23892","targetHints":{"allow":["GET"]}}],"collection":[{"href":"https:\/\/inces.gob.ve\/index.php\/wp-json\/wp\/v2\/posts"}],"about":[{"href":"https:\/\/inces.gob.ve\/index.php\/wp-json\/wp\/v2\/types\/post"}],"author":[{"embeddable":true,"href":"https:\/\/inces.gob.ve\/index.php\/wp-json\/wp\/v2\/users\/15"}],"replies":[{"embeddable":true,"href":"https:\/\/inces.gob.ve\/index.php\/wp-json\/wp\/v2\/comments?post=23892"}],"version-history":[{"count":2,"href":"https:\/\/inces.gob.ve\/index.php\/wp-json\/wp\/v2\/posts\/23892\/revisions"}],"predecessor-version":[{"id":23895,"href":"https:\/\/inces.gob.ve\/index.php\/wp-json\/wp\/v2\/posts\/23892\/revisions\/23895"}],"wp:featuredmedia":[{"embeddable":true,"href":"https:\/\/inces.gob.ve\/index.php\/wp-json\/wp\/v2\/media\/23893"}],"wp:attachment":[{"href":"https:\/\/inces.gob.ve\/index.php\/wp-json\/wp\/v2\/media?parent=23892"}],"wp:term":[{"taxonomy":"category","embeddable":true,"href":"https:\/\/inces.gob.ve\/index.php\/wp-json\/wp\/v2\/categories?post=23892"},{"taxonomy":"post_tag","embeddable":true,"href":"https:\/\/inces.gob.ve\/index.php\/wp-json\/wp\/v2\/tags?post=23892"}],"curies":[{"name":"wp","href":"https:\/\/api.w.org\/{rel}","templated":true}]}}