{"id":23906,"date":"2019-01-23T08:00:58","date_gmt":"2019-01-23T14:00:58","guid":{"rendered":"http:\/\/www.inces.gob.ve\/?p=23906"},"modified":"2020-05-28T20:30:01","modified_gmt":"2020-05-29T00:30:01","slug":"inces-trujillo-arranca-formaciones-con-exito","status":"publish","type":"post","link":"https:\/\/inces.gob.ve\/index.php\/2019\/01\/23\/inces-trujillo-arranca-formaciones-con-exito\/","title":{"rendered":"Inces Trujillo arranca formaciones con \u00e9xito"},"content":{"rendered":"<p align=\"justify\"><span style=\"font-family: Arial,sans-serif;\">**Inces Trujillo inici\u00f3 planes formativos en los distintos CFS de la entidad con una serie de cursos en los municipios de Valera, Bocon\u00f3, Rafael Rangel, San Rafael de Carvajal, Sucre y Miranda. <\/span><\/p>\n<p align=\"justify\"><!--more--><\/p>\n<p align=\"justify\"><span style=\"font-family: Arial,sans-serif;\">Mar\u00eda Cabrera\/Inces Trujillo <\/span><\/p>\n<p align=\"justify\"><span style=\"font-family: Arial,sans-serif;\">El programa Turismo hizo lo propio en el municipio Motat\u00e1n con cursos en la Unidad Educativa \u201cBarbarita de la Torre\u201d en la especialidad de elaboraci\u00f3n de pasapalos a base de pasta.<\/span><\/p>\n<p align=\"justify\"><span style=\"font-family: Arial,sans-serif;\">De igual manera, la parte del programa de agricultura con Rigoberto Mor\u00f3n dio inicio a las formaciones en el municipio Pampanito con cursos Generalidades de Cultivo Solanaceas Horticolas, uno de los m\u00e1s solicitados a finales de 2018.<\/span><\/p>\n<p align=\"justify\"><span style=\"font-family: Arial,sans-serif;\">En lo que respecta al Plan de recuperaci\u00f3n de Mesa Sillas el personal del Inces se avoc\u00f3 a operar en algunas escuelas municipio Valera, al igual que el curso Formaci\u00f3n en Entidades de Trabajo que se desarroll\u00f3 con buena asistencia en las instalaciones del Centro de Formaci\u00f3n \u201cAl\u00ed Primera\u201d.<\/span><\/p>\n<p align=\"justify\"><span style=\"font-family: Arial,sans-serif;\">Corregido: Freddy Mart\u00ednez<\/span><\/p>\n","protected":false},"excerpt":{"rendered":"<p>**Inces Trujillo inici\u00f3 planes formativos en los distintos CFS de la entidad con una serie de cursos en los municipios de Valera, Bocon\u00f3, Rafael Rangel, San Rafael de Carvajal, Sucre y Miranda.<\/p>\n","protected":false},"author":15,"featured_media":23907,"comment_status":"closed","ping_status":"closed","sticky":false,"template":"","format":"standard","meta":{"footnotes":""},"categories":[2],"tags":[],"class_list":["post-23906","post","type-post","status-publish","format-standard","has-post-thumbnail","hentry","category-blog"],"_links":{"self":[{"href":"https:\/\/inces.gob.ve\/index.php\/wp-json\/wp\/v2\/posts\/23906","targetHints":{"allow":["GET"]}}],"collection":[{"href":"https:\/\/inces.gob.ve\/index.php\/wp-json\/wp\/v2\/posts"}],"about":[{"href":"https:\/\/inces.gob.ve\/index.php\/wp-json\/wp\/v2\/types\/post"}],"author":[{"embeddable":true,"href":"https:\/\/inces.gob.ve\/index.php\/wp-json\/wp\/v2\/users\/15"}],"replies":[{"embeddable":true,"href":"https:\/\/inces.gob.ve\/index.php\/wp-json\/wp\/v2\/comments?post=23906"}],"version-history":[{"count":2,"href":"https:\/\/inces.gob.ve\/index.php\/wp-json\/wp\/v2\/posts\/23906\/revisions"}],"predecessor-version":[{"id":23911,"href":"https:\/\/inces.gob.ve\/index.php\/wp-json\/wp\/v2\/posts\/23906\/revisions\/23911"}],"wp:featuredmedia":[{"embeddable":true,"href":"https:\/\/inces.gob.ve\/index.php\/wp-json\/wp\/v2\/media\/23907"}],"wp:attachment":[{"href":"https:\/\/inces.gob.ve\/index.php\/wp-json\/wp\/v2\/media?parent=23906"}],"wp:term":[{"taxonomy":"category","embeddable":true,"href":"https:\/\/inces.gob.ve\/index.php\/wp-json\/wp\/v2\/categories?post=23906"},{"taxonomy":"post_tag","embeddable":true,"href":"https:\/\/inces.gob.ve\/index.php\/wp-json\/wp\/v2\/tags?post=23906"}],"curies":[{"name":"wp","href":"https:\/\/api.w.org\/{rel}","templated":true}]}}