{"id":23982,"date":"2019-01-25T09:25:40","date_gmt":"2019-01-25T15:25:40","guid":{"rendered":"http:\/\/www.inces.gob.ve\/?p=23982"},"modified":"2020-05-28T20:30:00","modified_gmt":"2020-05-29T00:30:00","slug":"inces-regional-comenzo-cursos-en-diferentes-areas-de-produccion","status":"publish","type":"post","link":"https:\/\/inces.gob.ve\/index.php\/2019\/01\/25\/inces-regional-comenzo-cursos-en-diferentes-areas-de-produccion\/","title":{"rendered":"Inces  Regional comenz\u00f3 cursos en diferentes \u00e1reas de producci\u00f3n"},"content":{"rendered":"<p class=\"western\" lang=\"es-ES\" style=\"text-align: justify;\" align=\"justify\"><span style=\"font-family: arial,helvetica,sans-serif; font-size: medium;\"><b>*** <i> Se extiende la invitaci\u00f3n a los interesados a participar como aprendiz en Electricidad y Refrigeraci\u00f3n Integral Hotelero <\/i><\/b><\/span><\/p>\n<p class=\"western\" lang=\"es-ES\" style=\"text-align: justify;\" align=\"justify\"><span style=\"font-family: arial,helvetica,sans-serif;\"> <!--more--><\/span><\/p>\n<p class=\"western\" lang=\"es-ES\" style=\"text-align: justify;\" align=\"justify\"><span style=\"font-family: arial,helvetica,sans-serif; font-size: medium;\"><b>FRANCIS MORENO | Nueva Esparta<\/b><\/span><\/p>\n<p class=\"western\" lang=\"es-ES\" style=\"text-align: justify;\" align=\"justify\"><span style=\"font-family: arial,helvetica,sans-serif; font-size: medium;\">Con el firme prop\u00f3sito de seguir formando y capacitando a las y los neoespartanos, el Inces regional inici\u00f3 satisfactoriamente el a\u00f1o 2019 diferentes cursos en distintas \u00e1reas de aprendizaje mediante los programas que se manejan en la instituci\u00f3n. <\/span><\/p>\n<p class=\"western\" lang=\"es-ES\" style=\"text-align: justify;\" align=\"justify\"><span style=\"font-family: arial,helvetica,sans-serif; font-size: medium;\">De tal modo lo precis\u00f3 Alex Andarcia, gerente Regional del Inces, resaltando que se ha comenzado con buen \u00e1nimo en los centros de formaci\u00f3n socialistas (CFS), destinados a llevar las formaciones profesionales de los participantes. <\/span><\/p>\n<p class=\"western\" lang=\"es-ES\" style=\"text-align: justify;\" align=\"justify\"><span style=\"font-family: arial,helvetica,sans-serif; font-size: medium;\">De manera espec\u00edfica detall\u00f3 algunos de los cursos que se han comenzado a impartir destacando entre ellos: Seguridad Industrial, Ingles B\u00e1sico, Operador de Micros, Relaciones Humanas, Panificaci\u00f3n Dom\u00e9stica, Contabilidad B\u00e1sico, Administraci\u00f3n de Personal, Construcci\u00f3n de Semilleros, Preparaci\u00f3n de Salsas, Corte de Cabello, Electricidad y Mantenimiento, Controles para Motores El\u00e9ctricos, entre otros. <\/span><\/p>\n<p class=\"western\" lang=\"es-ES\" style=\"text-align: justify;\" align=\"justify\"><span style=\"font-family: arial,helvetica,sans-serif; font-size: medium;\">En el mismo orden de ideas, Andarcia acot\u00f3 que siguiendo los lineamientos del presidente Nicol\u00e1s Maduro, desde ya se empieza a dar respuesta a los j\u00f3venes neoespartanos a trav\u00e9s de la Misi\u00f3n Chamba Juvenil, por lo que extiende la invitaci\u00f3n a los interesados a participar como aprendiz en cursos de Electricidad y Refrigeraci\u00f3n Integral Hotelero con los beneficios que establece la Ley.<\/span><\/p>\n<p class=\"western\" lang=\"es-ES\" style=\"text-align: justify;\" align=\"justify\"><span style=\"font-family: arial,helvetica,sans-serif; font-size: medium;\">Para este tipo de aprendizaje manifest\u00f3 que los interesados deben tener edades comprendidas entre 14 y 18 a\u00f1os, preferiblemente de las zonas cercanas a los municipios Antol\u00edn del Campo, Arismendi o Marcano, los mismos pueden asistir a la sede Regional del Inces ubicada en el sector Genov\u00e9s en la oficina del Programa Nacional de Aprendices (PNA), en Porlamar, jurisdicci\u00f3n de Mari\u00f1o comunicarse por los tel\u00e9fonos: 0416\/6957818 y 0426\/3861634.<\/span><\/p>\n<p class=\"western\" lang=\"es-ES\" style=\"text-align: justify;\" align=\"justify\"><span style=\"font-family: arial,helvetica,sans-serif; font-size: medium;\">Inces va a las Comunidades <\/span><\/p>\n<p class=\"western\" lang=\"es-ES\" style=\"text-align: justify;\" align=\"justify\"><span style=\"font-family: arial,helvetica,sans-serif; font-size: medium;\">Programa Inces Va a las Comunidades, es una l\u00ednea estrat\u00e9gica que lleva acabo la Oficina de Atenci\u00f3n al Ciudadano adelantada en el Instituto Socialista, mediante el cual las personas organizadas en Comunas y Consejos Comunales pueden acreditarse por sus conocimientos emp\u00edricos, recibir cursos, charlas y otras acciones.<\/span><\/p>\n<p class=\"western\" lang=\"es-ES\" style=\"text-align: justify;\" align=\"justify\"><span style=\"font-family: arial,helvetica,sans-serif;\"><span style=\"font-size: medium;\">Andarcia, hace un llamado a los interesados a participar en este programa y comunicarse con \u00c1ngel Sol\u00f3rzano a trav\u00e9s del correo <\/span><span style=\"color: #0000ff;\"><span lang=\"zxx\"><u><a href=\"mailto:angelsolorzano27779@gimail.com\"><span style=\"font-size: medium;\">angelsolorzano27779@gimail.com<\/span><\/a><\/u><\/span><\/span><span style=\"font-size: medium;\"> o los tel\u00e9fonos 0426\/1005757 y 0295\/4167995.<\/span><\/span><\/p>\n<p class=\"western\" lang=\"es-ES\" style=\"text-align: justify;\" align=\"justify\"><span style=\"font-family: arial,helvetica,sans-serif;\">\u201c<span style=\"font-size: medium;\">En este a\u00f1o que comienza seguimos trabajando por los j\u00f3venes, hombres y mujeres de la Patria, acatando las orientaciones del presidente del Inces a nivel nacional Wuikelman \u00c1ngel Paredes, avanzando hacia una Venezuela potencia\u201d, concluy\u00f3 Alex Andarcia. <\/span><\/span><\/p>\n<p class=\"western\" lang=\"es-ES\" style=\"text-align: justify;\" align=\"justify\"><span style=\"font-family: arial,helvetica,sans-serif; font-size: medium;\">LA<\/span><\/p>\n","protected":false},"excerpt":{"rendered":"<p>*** Se extiende la invitaci\u00f3n a los interesados a participar como aprendiz en Electricidad y Refrigeraci\u00f3n Integral Hotelero<\/p>\n","protected":false},"author":15,"featured_media":23983,"comment_status":"closed","ping_status":"closed","sticky":false,"template":"","format":"standard","meta":{"footnotes":""},"categories":[2],"tags":[],"class_list":["post-23982","post","type-post","status-publish","format-standard","has-post-thumbnail","hentry","category-blog"],"_links":{"self":[{"href":"https:\/\/inces.gob.ve\/index.php\/wp-json\/wp\/v2\/posts\/23982","targetHints":{"allow":["GET"]}}],"collection":[{"href":"https:\/\/inces.gob.ve\/index.php\/wp-json\/wp\/v2\/posts"}],"about":[{"href":"https:\/\/inces.gob.ve\/index.php\/wp-json\/wp\/v2\/types\/post"}],"author":[{"embeddable":true,"href":"https:\/\/inces.gob.ve\/index.php\/wp-json\/wp\/v2\/users\/15"}],"replies":[{"embeddable":true,"href":"https:\/\/inces.gob.ve\/index.php\/wp-json\/wp\/v2\/comments?post=23982"}],"version-history":[{"count":2,"href":"https:\/\/inces.gob.ve\/index.php\/wp-json\/wp\/v2\/posts\/23982\/revisions"}],"predecessor-version":[{"id":23985,"href":"https:\/\/inces.gob.ve\/index.php\/wp-json\/wp\/v2\/posts\/23982\/revisions\/23985"}],"wp:featuredmedia":[{"embeddable":true,"href":"https:\/\/inces.gob.ve\/index.php\/wp-json\/wp\/v2\/media\/23983"}],"wp:attachment":[{"href":"https:\/\/inces.gob.ve\/index.php\/wp-json\/wp\/v2\/media?parent=23982"}],"wp:term":[{"taxonomy":"category","embeddable":true,"href":"https:\/\/inces.gob.ve\/index.php\/wp-json\/wp\/v2\/categories?post=23982"},{"taxonomy":"post_tag","embeddable":true,"href":"https:\/\/inces.gob.ve\/index.php\/wp-json\/wp\/v2\/tags?post=23982"}],"curies":[{"name":"wp","href":"https:\/\/api.w.org\/{rel}","templated":true}]}}