{"id":23986,"date":"2019-01-25T09:30:37","date_gmt":"2019-01-25T15:30:37","guid":{"rendered":"http:\/\/www.inces.gob.ve\/?p=23986"},"modified":"2020-05-28T20:30:00","modified_gmt":"2020-05-29T00:30:00","slug":"mision-barrio-adentro-deportivo-atendera-a-los-chambistas-inces","status":"publish","type":"post","link":"https:\/\/inces.gob.ve\/index.php\/2019\/01\/25\/mision-barrio-adentro-deportivo-atendera-a-los-chambistas-inces\/","title":{"rendered":"Misi\u00f3n Barrio Adentro Deportivo atender\u00e1 a los chambistas Inces"},"content":{"rendered":"<p align=\"justify\"><span style=\"font-family: Arial,sans-serif;\"><i><b>**Aprendices recibir\u00e1n formaci\u00f3n en las \u00e1reas de Cultura, Deporte y Recreaci\u00f3n<\/b><\/i><\/span><\/p>\n<p align=\"justify\"><!--more--><\/p>\n<p align=\"justify\"><span style=\"font-family: Arial,sans-serif;\"><b>MARIANGEL HENRIQUEZ | Monagas<\/b><\/span><\/p>\n<p align=\"justify\"><span style=\"font-family: Arial,sans-serif;\">En el marco del proceso formativo que lleva a cabo el Instituto Nacional de Capacitaci\u00f3n y Educaci\u00f3n Socialista (Inces), los j\u00f3venes aprendices de la Gran Misi\u00f3n Chamba Juvenil del estado Monagas iniciaron las actividades acad\u00e9micas del a\u00f1o 2019 con el m\u00f3dulo de Cultura Deporte y Recreaci\u00f3n en el Instituto de Acci\u00f3n Docente Delegada (IACE) siglo XXI.<\/span><\/p>\n<p align=\"justify\"><span style=\"font-family: Arial,sans-serif;\">Para cumplir con la formaci\u00f3n en dicha \u00e1rea, el gerente regional William N\u00fa\u00f1ez en compa\u00f1\u00eda del equipo de trabajo sostuvo un encuentro con una delegaci\u00f3n de deportistas y entrenadores cubanos de la Misi\u00f3n Barrio Adentro Deportivo con quienes se elabor\u00f3 un plan de trabajo para atender a los j\u00f3venes.<\/span><\/p>\n<p align=\"justify\"><img loading=\"lazy\" decoding=\"async\" class=\"aligncenter wp-image-23987 size-full\" src=\"http:\/\/www.inces.gob.ve\/wp-content\/uploads\/2019\/01\/3Barrio-Adentro-Deportivo.jpg\" alt=\"\" width=\"753\" height=\"390\" srcset=\"https:\/\/inces.gob.ve\/wp-content\/uploads\/2019\/01\/3Barrio-Adentro-Deportivo.jpg 753w, https:\/\/inces.gob.ve\/wp-content\/uploads\/2019\/01\/3Barrio-Adentro-Deportivo-300x155.jpg 300w\" sizes=\"auto, (max-width: 753px) 100vw, 753px\" \/><br \/>\n<span style=\"font-family: Arial,sans-serif;\">Dentro de la programaci\u00f3n formativa se acord\u00f3 desarrollar los m\u00f3dulos de: Educaci\u00f3n y Cultura F\u00edsica, Recreaci\u00f3n y Entrenamiento Deportivo, jornada que se desarrollar\u00e1 en nueve encuentros te\u00f3ricos &#8211; pr\u00e1cticos y ser\u00e1n dirigidos por los profesores provenientes de la isla caribe\u00f1a.<\/span><\/p>\n<p align=\"justify\"><span style=\"font-family: Arial,sans-serif;\">Rafael Brown, coordinador de la mencionada misi\u00f3n resalt\u00f3 que, \u201cen ocasi\u00f3n del convenio Cuba y Venezuela, los deportitas cubanos nos sentimos muy complacidos en apoyar a la juventud venezolana a trav\u00e9s de la formaci\u00f3n bajo el enfoque internacionalista, humanista y pol\u00edtico que contribuir\u00e1n a fortalecer los valores, los principios, el amor y el compromiso por la patria\u201d.<\/span><\/p>\n<p align=\"justify\"><span style=\"font-family: Arial,sans-serif;\">Por otro lado, tambi\u00e9n se les brindar\u00e1 herramientas y oportunidades para que expresen y desarrollen el talento y las habilidades que poseen en lo cultural y deportivo.<\/span><\/p>\n<p align=\"justify\"><img loading=\"lazy\" decoding=\"async\" class=\"aligncenter wp-image-23988 size-full\" src=\"http:\/\/www.inces.gob.ve\/wp-content\/uploads\/2019\/01\/2Barrio-Adentro-Deportivo.jpg\" alt=\"\" width=\"850\" height=\"477\" srcset=\"https:\/\/inces.gob.ve\/wp-content\/uploads\/2019\/01\/2Barrio-Adentro-Deportivo.jpg 850w, https:\/\/inces.gob.ve\/wp-content\/uploads\/2019\/01\/2Barrio-Adentro-Deportivo-300x168.jpg 300w, https:\/\/inces.gob.ve\/wp-content\/uploads\/2019\/01\/2Barrio-Adentro-Deportivo-768x431.jpg 768w\" sizes=\"auto, (max-width: 850px) 100vw, 850px\" \/><br \/>\n<span style=\"font-family: Arial,sans-serif;\">Sioreb Rodr\u00edguez, aprendiz y vocera de movilizaci\u00f3n del movimiento \u201cSomos Aprendices\u201d, expres\u00f3 la importancia del papel que juega la juventud venezolana en los actuales momentos y es por ello que aprovechar\u00e1n al m\u00e1ximo todo el aprendizaje que les dar\u00e1n los atletas cubanos por ser considerados vanguardia en la atenci\u00f3n de la salud, educaci\u00f3n y el deporte.<\/span><\/p>\n<p align=\"justify\"><span style=\"font-family: Arial,sans-serif;\">LA.<\/span><\/p>\n","protected":false},"excerpt":{"rendered":"<p>**Aprendices recibir\u00e1n formaci\u00f3n en las \u00e1reas de Cultura, Deporte y Recreaci\u00f3n<\/p>\n","protected":false},"author":15,"featured_media":23989,"comment_status":"closed","ping_status":"closed","sticky":false,"template":"","format":"standard","meta":{"footnotes":""},"categories":[2],"tags":[],"class_list":["post-23986","post","type-post","status-publish","format-standard","has-post-thumbnail","hentry","category-blog"],"_links":{"self":[{"href":"https:\/\/inces.gob.ve\/index.php\/wp-json\/wp\/v2\/posts\/23986","targetHints":{"allow":["GET"]}}],"collection":[{"href":"https:\/\/inces.gob.ve\/index.php\/wp-json\/wp\/v2\/posts"}],"about":[{"href":"https:\/\/inces.gob.ve\/index.php\/wp-json\/wp\/v2\/types\/post"}],"author":[{"embeddable":true,"href":"https:\/\/inces.gob.ve\/index.php\/wp-json\/wp\/v2\/users\/15"}],"replies":[{"embeddable":true,"href":"https:\/\/inces.gob.ve\/index.php\/wp-json\/wp\/v2\/comments?post=23986"}],"version-history":[{"count":2,"href":"https:\/\/inces.gob.ve\/index.php\/wp-json\/wp\/v2\/posts\/23986\/revisions"}],"predecessor-version":[{"id":23991,"href":"https:\/\/inces.gob.ve\/index.php\/wp-json\/wp\/v2\/posts\/23986\/revisions\/23991"}],"wp:featuredmedia":[{"embeddable":true,"href":"https:\/\/inces.gob.ve\/index.php\/wp-json\/wp\/v2\/media\/23989"}],"wp:attachment":[{"href":"https:\/\/inces.gob.ve\/index.php\/wp-json\/wp\/v2\/media?parent=23986"}],"wp:term":[{"taxonomy":"category","embeddable":true,"href":"https:\/\/inces.gob.ve\/index.php\/wp-json\/wp\/v2\/categories?post=23986"},{"taxonomy":"post_tag","embeddable":true,"href":"https:\/\/inces.gob.ve\/index.php\/wp-json\/wp\/v2\/tags?post=23986"}],"curies":[{"name":"wp","href":"https:\/\/api.w.org\/{rel}","templated":true}]}}