{"id":23997,"date":"2019-01-25T09:39:21","date_gmt":"2019-01-25T15:39:21","guid":{"rendered":"http:\/\/www.inces.gob.ve\/?p=23997"},"modified":"2020-05-28T20:30:00","modified_gmt":"2020-05-29T00:30:00","slug":"maestros-productivos-del-apure-se-forman-en-la-elaboracion-de-proyectos","status":"publish","type":"post","link":"https:\/\/inces.gob.ve\/index.php\/2019\/01\/25\/maestros-productivos-del-apure-se-forman-en-la-elaboracion-de-proyectos\/","title":{"rendered":"Maestros productivos del Apure se forman en la elaboraci\u00f3n de proyectos"},"content":{"rendered":"<p class=\"western\" align=\"justify\"><span style=\"font-family: Arial,sans-serif;\"><span style=\"font-size: medium;\"><b>** <i>Los proyectos productivos y el impulso del encadenamiento de las empresas de propiedad social son prioridad<\/i><\/b><\/span><\/span><\/p>\n<p class=\"western\" align=\"justify\">\n<!--more--><\/p>\n<p class=\"western\" align=\"justify\"><span style=\"font-family: Arial,sans-serif;\"><span style=\"font-size: medium;\"><b>CIMAN RAMOS | Apure<\/b><\/span><\/span><\/p>\n<p class=\"western\" align=\"justify\">\n<p class=\"western\" align=\"justify\"><span style=\"font-family: Arial,sans-serif;\"><span style=\"font-size: medium;\">En el auditorio del Inces Apure, maestros t\u00e9cnicos productivos reciben orientaci\u00f3n por parte de la divisi\u00f3n de formaci\u00f3n profesional de c\u00f3mo elaborar proyectos productivos para impulso de las pol\u00edticas de protecci\u00f3n social para el pueblo.<\/span><\/span><\/p>\n<p align=\"justify\">\n<p class=\"western\" align=\"justify\"><span style=\"font-family: Arial,sans-serif;\"><span style=\"font-size: medium;\">La informaci\u00f3n fue suministrada por el profesor Alexis Noriega, jefe de la divisi\u00f3n de formaci\u00f3n profesional del Inces Apure, quien expres\u00f3: \u201cHoy nos encontramos aqu\u00ed en la sede regional del Inces, siguiendo los lineamientos y tomando como base las l\u00edneas planteadas por el Presidente de la Rep\u00fablica bolivariana de Venezuela Nicol\u00e1s Maduro, ante la actual coyuntura pol\u00edtica que vive el pa\u00eds y con el fin de garantizar el cabal cumplimiento del plan de la patria 2019-2025, y el programa de recuperaci\u00f3n, crecimiento y prosperidad econ\u00f3mica de la naci\u00f3n y por su puesto las instrucciones del Ministro del poder popular para la educaci\u00f3n Arist\u00f3bulo Ist\u00fariz\u201d.<\/span><\/span><\/p>\n<p align=\"justify\">\n<p class=\"western\" align=\"justify\"><span style=\"font-family: Arial,sans-serif;\"><span style=\"font-size: medium;\">En relaci\u00f3n a las pol\u00edticas de protecci\u00f3n social para el pueblo, la idea del taller formativo, llamado \u201cFormaci\u00f3n por proyecto aprender haciendo\u201d, es orientar a los maestros productivos en cuento a la elaboraci\u00f3n de los proyectos y ser garantes en cuanto a la adecuaci\u00f3n a la educaci\u00f3n con aptitud productiva. <\/span><\/span><\/p>\n<p class=\"western\" align=\"justify\"><span style=\"font-family: Arial,sans-serif;\"><span style=\"font-size: medium;\"><img loading=\"lazy\" decoding=\"async\" class=\"aligncenter wp-image-23999 size-full\" src=\"http:\/\/www.inces.gob.ve\/wp-content\/uploads\/2019\/01\/1elaboraci\u00f3n-de-proyectos-.jpg\" alt=\"\" width=\"850\" height=\"472\" srcset=\"https:\/\/inces.gob.ve\/wp-content\/uploads\/2019\/01\/1elaboraci\u00f3n-de-proyectos-.jpg 850w, https:\/\/inces.gob.ve\/wp-content\/uploads\/2019\/01\/1elaboraci\u00f3n-de-proyectos--300x167.jpg 300w, https:\/\/inces.gob.ve\/wp-content\/uploads\/2019\/01\/1elaboraci\u00f3n-de-proyectos--768x426.jpg 768w\" sizes=\"auto, (max-width: 850px) 100vw, 850px\" \/><\/span><\/span><\/p>\n<p class=\"western\" align=\"justify\"><a name=\"__DdeLink__992_739364509\"><\/a> <span style=\"font-family: Arial,sans-serif;\"><span style=\"font-size: medium;\">De igual forma, Noriega se\u00f1al\u00f3 que se tiene previsto en esta jornada socializar con este grupo de compa\u00f1eros tem\u00e1ticas que tienen que ver con la educaci\u00f3n con conveniencia productiva, la formaci\u00f3n por proyectos, los proyectos productivos y el impulso del encadenamiento de las empresas de propiedad social. <\/span><\/span><\/p>\n<p align=\"justify\">\n<p class=\"western\" align=\"justify\"><span style=\"font-family: Arial,sans-serif;\"><span style=\"font-size: medium;\">Noriega finaliz\u00f3 diciendo que la puesta en pr\u00e1ctica de esta metodolog\u00eda o estrategias llevadas a cabo por el Inces, nos permite fortalecernos en cuanto al impacto que pueda tener para nuestro pueblo los embates de la guerra econ\u00f3mica inducida en la sociedad venezolana\u201d. <\/span><\/span><\/p>\n<p class=\"western\" align=\"justify\"><span style=\"font-family: Arial,sans-serif;\"><span style=\"font-size: medium;\">LA<\/span><\/span><\/p>\n<p class=\"western\" align=\"justify\">\n","protected":false},"excerpt":{"rendered":"<p>** Los proyectos productivos y el impulso del encadenamiento de las empresas de propiedad social son prioridad<\/p>\n","protected":false},"author":15,"featured_media":23998,"comment_status":"closed","ping_status":"closed","sticky":false,"template":"","format":"standard","meta":{"footnotes":""},"categories":[2],"tags":[],"class_list":["post-23997","post","type-post","status-publish","format-standard","has-post-thumbnail","hentry","category-blog"],"_links":{"self":[{"href":"https:\/\/inces.gob.ve\/index.php\/wp-json\/wp\/v2\/posts\/23997","targetHints":{"allow":["GET"]}}],"collection":[{"href":"https:\/\/inces.gob.ve\/index.php\/wp-json\/wp\/v2\/posts"}],"about":[{"href":"https:\/\/inces.gob.ve\/index.php\/wp-json\/wp\/v2\/types\/post"}],"author":[{"embeddable":true,"href":"https:\/\/inces.gob.ve\/index.php\/wp-json\/wp\/v2\/users\/15"}],"replies":[{"embeddable":true,"href":"https:\/\/inces.gob.ve\/index.php\/wp-json\/wp\/v2\/comments?post=23997"}],"version-history":[{"count":1,"href":"https:\/\/inces.gob.ve\/index.php\/wp-json\/wp\/v2\/posts\/23997\/revisions"}],"predecessor-version":[{"id":24000,"href":"https:\/\/inces.gob.ve\/index.php\/wp-json\/wp\/v2\/posts\/23997\/revisions\/24000"}],"wp:featuredmedia":[{"embeddable":true,"href":"https:\/\/inces.gob.ve\/index.php\/wp-json\/wp\/v2\/media\/23998"}],"wp:attachment":[{"href":"https:\/\/inces.gob.ve\/index.php\/wp-json\/wp\/v2\/media?parent=23997"}],"wp:term":[{"taxonomy":"category","embeddable":true,"href":"https:\/\/inces.gob.ve\/index.php\/wp-json\/wp\/v2\/categories?post=23997"},{"taxonomy":"post_tag","embeddable":true,"href":"https:\/\/inces.gob.ve\/index.php\/wp-json\/wp\/v2\/tags?post=23997"}],"curies":[{"name":"wp","href":"https:\/\/api.w.org\/{rel}","templated":true}]}}