{"id":24004,"date":"2019-01-25T09:46:12","date_gmt":"2019-01-25T15:46:12","guid":{"rendered":"http:\/\/www.inces.gob.ve\/?p=24004"},"modified":"2020-05-28T20:30:00","modified_gmt":"2020-05-29T00:30:00","slug":"inces-certifica-a-la-juventud-productiva","status":"publish","type":"post","link":"https:\/\/inces.gob.ve\/index.php\/2019\/01\/25\/inces-certifica-a-la-juventud-productiva\/","title":{"rendered":"INCES CERTIFICA  A LA JUVENTUD PRODUCTIVA"},"content":{"rendered":"<p align=\"justify\"><span style=\"font-family: Arial,sans-serif;\">*<b>*<\/b><i><b>Pendiente certificaci\u00f3n de 120 productores del \u00e1rea agr\u00edcola, panader\u00eda, pasteler\u00eda, textil, pecuaria, elaboraci\u00f3n de productos de aseo personal, peluquer\u00eda y pasapalos<\/b><\/i><\/span><\/p>\n<p align=\"justify\"><!--more--><\/p>\n<p align=\"justify\"><span style=\"font-family: Arial,sans-serif;\"><b>MAR\u00cdA CABRERA | Trujillo<\/b><\/span><\/p>\n<p align=\"justify\"><span style=\"font-family: Arial,sans-serif;\">Como parte de las planificaci\u00f3n que se adelanta en el inicio de este primer trimestre del a\u00f1o 2019 el Instituto Nacional de Capacitaci\u00f3n y Educaci\u00f3n Socialista (Inces) de Trujillo comienza con buen pie sus formaciones y acreditaciones con la precisi\u00f3n y el profesionalismo que le caracteriza en aras de contribuir al sue\u00f1o y las esperanza de muchos j\u00f3venes de la entidad quehacer de emprender metas nuevas y productivas.<\/span><\/p>\n<p align=\"justify\"><span style=\"font-family: Arial,sans-serif;\">Tal es el caso de la experiencia de tres j\u00f3venes productores trujillanos quienes fueron los primeros emprendedores en ser certificados por el Inces en el \u00e1rea de proceso de harina de ma\u00edz, acci\u00f3n a la que asistieron con el entusiasmo y la buena vibra de quienes muy seguro de la alternativa y el camino que se les abre, mostraron todas sus habilidades en la preparaci\u00f3n de los alimentos solicitados.<\/span><\/p>\n<p align=\"justify\"><img loading=\"lazy\" decoding=\"async\" class=\"aligncenter wp-image-24006 size-full\" src=\"http:\/\/www.inces.gob.ve\/wp-content\/uploads\/2019\/01\/1INCES-CERTIFICA-A-LA-JUVENTUD.jpg\" alt=\"\" width=\"850\" height=\"638\" srcset=\"https:\/\/inces.gob.ve\/wp-content\/uploads\/2019\/01\/1INCES-CERTIFICA-A-LA-JUVENTUD.jpg 850w, https:\/\/inces.gob.ve\/wp-content\/uploads\/2019\/01\/1INCES-CERTIFICA-A-LA-JUVENTUD-300x225.jpg 300w, https:\/\/inces.gob.ve\/wp-content\/uploads\/2019\/01\/1INCES-CERTIFICA-A-LA-JUVENTUD-768x576.jpg 768w, https:\/\/inces.gob.ve\/wp-content\/uploads\/2019\/01\/1INCES-CERTIFICA-A-LA-JUVENTUD-136x102.jpg 136w\" sizes=\"auto, (max-width: 850px) 100vw, 850px\" \/><\/p>\n<p align=\"justify\"><span style=\"font-family: Arial,sans-serif;\">Yoly Berrios, jefe de Certificaci\u00f3n y el profesor H\u00e9ctor La Torre fueron los encargados de verificar las destrezas de los tres j\u00f3venes, quienes por cierto, fueron financiados por el Banco del Tesoro muy recientemente, inform\u00f3 Eduardo Linares, representante del Instituto Trujillano de la Juventud.<\/span><\/p>\n<p align=\"justify\"><span style=\"font-family: Arial,sans-serif;\">Precisamente, Linares detalla la existencia de una matricula 120 productores en los municipios Valera y Bocon\u00f3 que tambi\u00e9n requerir\u00e1n de el apoyo del Inces Trujillo en diversas \u00e1reas: agr\u00edcola, panader\u00eda, pasteler\u00eda, textil, pecuaria, elaboraci\u00f3n de productos de aseo personal, peluquer\u00eda y pasapalos.<\/span><\/p>\n<p align=\"justify\"><span style=\"font-family: Arial,sans-serif;\">En tal sentido, el Inces Trujillo afina su bater\u00eda consciente de contribuir en la promoci\u00f3n de mecanismos para la participaci\u00f3n protag\u00f3nica de la Juventud en el proceso de construcci\u00f3n del nuevo modelo econ\u00f3mico productivo de la patria que en los \u00faltimos d\u00edas demanda una salida necesaria para combatir con sus alternativas alimenticias a la hiperinflacion que afecta a la psiquis del ciudadano com\u00fan.<\/span><\/p>\n<p align=\"justify\"><span style=\"font-family: Arial,sans-serif;\">LA.<\/span><\/p>\n","protected":false},"excerpt":{"rendered":"<p>**Pendiente certificaci\u00f3n de 120 productores del \u00e1rea agr\u00edcola, panader\u00eda, pasteler\u00eda, textil, pecuaria, elaboraci\u00f3n de productos de aseo personal, peluquer\u00eda y pasapalos<\/p>\n","protected":false},"author":15,"featured_media":24005,"comment_status":"closed","ping_status":"closed","sticky":false,"template":"","format":"standard","meta":{"footnotes":""},"categories":[2],"tags":[],"class_list":["post-24004","post","type-post","status-publish","format-standard","has-post-thumbnail","hentry","category-blog"],"_links":{"self":[{"href":"https:\/\/inces.gob.ve\/index.php\/wp-json\/wp\/v2\/posts\/24004","targetHints":{"allow":["GET"]}}],"collection":[{"href":"https:\/\/inces.gob.ve\/index.php\/wp-json\/wp\/v2\/posts"}],"about":[{"href":"https:\/\/inces.gob.ve\/index.php\/wp-json\/wp\/v2\/types\/post"}],"author":[{"embeddable":true,"href":"https:\/\/inces.gob.ve\/index.php\/wp-json\/wp\/v2\/users\/15"}],"replies":[{"embeddable":true,"href":"https:\/\/inces.gob.ve\/index.php\/wp-json\/wp\/v2\/comments?post=24004"}],"version-history":[{"count":2,"href":"https:\/\/inces.gob.ve\/index.php\/wp-json\/wp\/v2\/posts\/24004\/revisions"}],"predecessor-version":[{"id":24008,"href":"https:\/\/inces.gob.ve\/index.php\/wp-json\/wp\/v2\/posts\/24004\/revisions\/24008"}],"wp:featuredmedia":[{"embeddable":true,"href":"https:\/\/inces.gob.ve\/index.php\/wp-json\/wp\/v2\/media\/24005"}],"wp:attachment":[{"href":"https:\/\/inces.gob.ve\/index.php\/wp-json\/wp\/v2\/media?parent=24004"}],"wp:term":[{"taxonomy":"category","embeddable":true,"href":"https:\/\/inces.gob.ve\/index.php\/wp-json\/wp\/v2\/categories?post=24004"},{"taxonomy":"post_tag","embeddable":true,"href":"https:\/\/inces.gob.ve\/index.php\/wp-json\/wp\/v2\/tags?post=24004"}],"curies":[{"name":"wp","href":"https:\/\/api.w.org\/{rel}","templated":true}]}}