{"id":24054,"date":"2019-01-29T10:08:22","date_gmt":"2019-01-29T16:08:22","guid":{"rendered":"http:\/\/www.inces.gob.ve\/?p=24054"},"modified":"2020-05-28T20:30:00","modified_gmt":"2020-05-29T00:30:00","slug":"las-puertas-del-inces-ya-estan-abiertas-para-formar-al-pueblo-guariqueno","status":"publish","type":"post","link":"https:\/\/inces.gob.ve\/index.php\/2019\/01\/29\/las-puertas-del-inces-ya-estan-abiertas-para-formar-al-pueblo-guariqueno\/","title":{"rendered":"Las puertas del Inces ya est\u00e1n abiertas para formar al pueblo guarique\u00f1o"},"content":{"rendered":"<p class=\"western\" align=\"justify\"><span style=\"font-family: Arial,sans-serif;\"><b>**<i> Los maestros y maestras del Inces est\u00e1n listos para recibir a los participantes en este a\u00f1o 2019 y continuar el trabajo formativo en la diferentes \u00e1reas productivas necesarias para aprovechar el potencial de Venezuela<\/i><\/b><\/span><\/p>\n<p class=\"western\" align=\"justify\">\n<!--more--><\/p>\n<p class=\"western\" align=\"justify\"><span style=\"font-family: Arial,sans-serif;\"><b>Mar\u00eda Santiago | GU\u00c1RICO<\/b><\/span><\/p>\n<p class=\"western\" align=\"justify\">\n<p class=\"western\" align=\"justify\"><span style=\"font-family: Arial,sans-serif;\">Las actividades del Inces, en el estado Gu\u00e1rico, iniciaron de manera satisfactoria con una matriz diversa en cursos y capacitaciones enfocadas en el tema productivo y la autosustentabilidad, este a\u00f1o, incentivados, adem\u00e1s, por el plan \u201cVenezuela Bella\u201d, que llama a la recuperaci\u00f3n y reutilizaci\u00f3n de todos los espacios que se tengan y a los que se pueda llegar.<\/span><\/p>\n<p class=\"western\" align=\"justify\">\n<p class=\"western\" align=\"justify\"><span style=\"font-family: Arial,sans-serif;\">Algunos de los cursos con inscripciones abiertas para quienes deseen participar son; Construcci\u00f3n de Herramientas Agr\u00edcolas desde Desechos S\u00f3lidos, Relaciones Interpersonales, Pintura Ecol\u00f3gica, Confecci\u00f3n de Ropa Infantil y Recuperaci\u00f3n de Bombillos Ahorradores. Todas estas ofertas formativas est\u00e1n orientadas a satisfacer las necesidades que el pueblo tiene.<\/span><\/p>\n<p class=\"western\" align=\"justify\"><img loading=\"lazy\" decoding=\"async\" class=\"aligncenter wp-image-24057 size-full\" src=\"http:\/\/www.inces.gob.ve\/wp-content\/uploads\/2019\/01\/2-formar-al-pueblo-guarique\u00f1o.jpg\" alt=\"\" width=\"850\" height=\"637\" srcset=\"https:\/\/inces.gob.ve\/wp-content\/uploads\/2019\/01\/2-formar-al-pueblo-guarique\u00f1o.jpg 850w, https:\/\/inces.gob.ve\/wp-content\/uploads\/2019\/01\/2-formar-al-pueblo-guarique\u00f1o-300x225.jpg 300w, https:\/\/inces.gob.ve\/wp-content\/uploads\/2019\/01\/2-formar-al-pueblo-guarique\u00f1o-768x576.jpg 768w, https:\/\/inces.gob.ve\/wp-content\/uploads\/2019\/01\/2-formar-al-pueblo-guarique\u00f1o-136x102.jpg 136w\" sizes=\"auto, (max-width: 850px) 100vw, 850px\" \/><br \/>\n\u201c<span style=\"font-family: Arial,sans-serif;\">El Inces nos da la oportunidad de brindar, a nivel regional, las opciones formativas mas id\u00f3neas para que los habitantes de las comunidades puedan autosustentarse, impulsando los oficios con m\u00e1s demanda en cada municipio. En San Juan de los Morros, Altagracia y Zaraza, por ejemplo, hay proyectos para impulsar las \u00e1reas Textil y Agr\u00edcola, apoyando a los productores, aportando el conocimiento para llenar cada espacio productivo. Mientras que en Calabozo y Valle de la Pascua se cuenta con el \u00e1rea Industrial con los oficios de Mec\u00e1nica, Soldadura, Carpinter\u00eda y otros\u201d. As\u00ed lo expres\u00f3 Eliomar Rivas, jefe de divisi\u00f3n de Formaci\u00f3n Profesional de Inces Gu\u00e1rico, quien confirm\u00f3 la responsabilidad y el valor que le da el Inces al trabajo y a las capacidades productivas del pueblo venezolano.<\/span><\/p>\n<p class=\"western\" align=\"justify\"><span style=\"font-family: Arial,sans-serif;\"><img loading=\"lazy\" decoding=\"async\" class=\"aligncenter wp-image-24058 size-full\" src=\"http:\/\/www.inces.gob.ve\/wp-content\/uploads\/2019\/01\/1-formar-al-pueblo-guarique\u00f1o.jpg\" alt=\"\" width=\"850\" height=\"638\" srcset=\"https:\/\/inces.gob.ve\/wp-content\/uploads\/2019\/01\/1-formar-al-pueblo-guarique\u00f1o.jpg 850w, https:\/\/inces.gob.ve\/wp-content\/uploads\/2019\/01\/1-formar-al-pueblo-guarique\u00f1o-300x225.jpg 300w, https:\/\/inces.gob.ve\/wp-content\/uploads\/2019\/01\/1-formar-al-pueblo-guarique\u00f1o-768x576.jpg 768w, https:\/\/inces.gob.ve\/wp-content\/uploads\/2019\/01\/1-formar-al-pueblo-guarique\u00f1o-136x102.jpg 136w\" sizes=\"auto, (max-width: 850px) 100vw, 850px\" \/><\/span><\/p>\n<p class=\"western\" align=\"justify\"><span style=\"font-family: Arial,sans-serif;\">El Inces contin\u00faa con sus actividades formativas siguiendo la visi\u00f3n del maestro Luis Beltr\u00e1n Prieto Figueroa de una educaci\u00f3n integral para el trabajo, en la que todos los venezolanos que ejercen alg\u00fan oficio que contribuya a la econom\u00eda y producci\u00f3n del pa\u00eds puedan desarrollar todas sus habilidades en otras \u00e1reas y sean capaces de continuar cultivando al m\u00e1ximo el potencial de la tierra venezolana. <\/span><\/p>\n<p class=\"western\" align=\"justify\"><span style=\"font-family: Arial,sans-serif;\"><img loading=\"lazy\" decoding=\"async\" class=\"aligncenter wp-image-24056 size-full\" src=\"http:\/\/www.inces.gob.ve\/wp-content\/uploads\/2019\/01\/3-formar-al-pueblo-guarique\u00f1o.jpg\" alt=\"\" width=\"850\" height=\"926\" srcset=\"https:\/\/inces.gob.ve\/wp-content\/uploads\/2019\/01\/3-formar-al-pueblo-guarique\u00f1o.jpg 850w, https:\/\/inces.gob.ve\/wp-content\/uploads\/2019\/01\/3-formar-al-pueblo-guarique\u00f1o-275x300.jpg 275w, https:\/\/inces.gob.ve\/wp-content\/uploads\/2019\/01\/3-formar-al-pueblo-guarique\u00f1o-768x837.jpg 768w, https:\/\/inces.gob.ve\/wp-content\/uploads\/2019\/01\/3-formar-al-pueblo-guarique\u00f1o-705x768.jpg 705w\" sizes=\"auto, (max-width: 850px) 100vw, 850px\" \/><\/span><\/p>\n<p align=\"justify\">LT.<\/p>\n<p align=\"justify\">\n","protected":false},"excerpt":{"rendered":"<p>** Los maestros y maestras del Inces est\u00e1n listos para recibir a los participantes en este a\u00f1o 2019 y continuar el trabajo formativo en la diferentes \u00e1reas productivas necesarias para aprovechar el potencial de Venezuela<\/p>\n","protected":false},"author":15,"featured_media":24055,"comment_status":"closed","ping_status":"closed","sticky":false,"template":"","format":"standard","meta":{"footnotes":""},"categories":[2],"tags":[],"class_list":["post-24054","post","type-post","status-publish","format-standard","has-post-thumbnail","hentry","category-blog"],"_links":{"self":[{"href":"https:\/\/inces.gob.ve\/index.php\/wp-json\/wp\/v2\/posts\/24054","targetHints":{"allow":["GET"]}}],"collection":[{"href":"https:\/\/inces.gob.ve\/index.php\/wp-json\/wp\/v2\/posts"}],"about":[{"href":"https:\/\/inces.gob.ve\/index.php\/wp-json\/wp\/v2\/types\/post"}],"author":[{"embeddable":true,"href":"https:\/\/inces.gob.ve\/index.php\/wp-json\/wp\/v2\/users\/15"}],"replies":[{"embeddable":true,"href":"https:\/\/inces.gob.ve\/index.php\/wp-json\/wp\/v2\/comments?post=24054"}],"version-history":[{"count":1,"href":"https:\/\/inces.gob.ve\/index.php\/wp-json\/wp\/v2\/posts\/24054\/revisions"}],"predecessor-version":[{"id":24059,"href":"https:\/\/inces.gob.ve\/index.php\/wp-json\/wp\/v2\/posts\/24054\/revisions\/24059"}],"wp:featuredmedia":[{"embeddable":true,"href":"https:\/\/inces.gob.ve\/index.php\/wp-json\/wp\/v2\/media\/24055"}],"wp:attachment":[{"href":"https:\/\/inces.gob.ve\/index.php\/wp-json\/wp\/v2\/media?parent=24054"}],"wp:term":[{"taxonomy":"category","embeddable":true,"href":"https:\/\/inces.gob.ve\/index.php\/wp-json\/wp\/v2\/categories?post=24054"},{"taxonomy":"post_tag","embeddable":true,"href":"https:\/\/inces.gob.ve\/index.php\/wp-json\/wp\/v2\/tags?post=24054"}],"curies":[{"name":"wp","href":"https:\/\/api.w.org\/{rel}","templated":true}]}}