{"id":24115,"date":"2019-01-31T09:30:42","date_gmt":"2019-01-31T15:30:42","guid":{"rendered":"http:\/\/www.inces.gob.ve\/?p=24115"},"modified":"2020-05-28T20:29:59","modified_gmt":"2020-05-29T00:29:59","slug":"el-inces-formo-a-437-guariquenos-en-la-primera-semana-de-arranque-formativo","status":"publish","type":"post","link":"https:\/\/inces.gob.ve\/index.php\/2019\/01\/31\/el-inces-formo-a-437-guariquenos-en-la-primera-semana-de-arranque-formativo\/","title":{"rendered":"El Inces form\u00f3 a 437 guarique\u00f1os en la primera semana de arranque formativo"},"content":{"rendered":"<p class=\"western\" align=\"justify\"><span style=\"font-family: Arial,sans-serif;\"><b>** <i>Habitantes de cinco municipios del estado Gu\u00e1rico asistieron a formaciones en las distintas \u00e1reas productivas con m\u00e1s demanda en la regi\u00f3n<\/i><\/b><\/span><\/p>\n<p class=\"western\" align=\"justify\"><!--more--><\/p>\n<p class=\"western\" align=\"justify\"><span style=\"font-family: Arial,sans-serif;\"><b>Mar\u00eda Santiago | GU\u00c1RICO<\/b><\/span><\/p>\n<p class=\"western\" align=\"justify\"><span style=\"font-family: Arial,sans-serif;\">El 21 de enero, el Inces dio oficialmente inicio a las actividades formativas dentro de la instituci\u00f3n con una variedad de cursos orientados al desarrollo de los principales motores productivos con m\u00e1s demanda en la poblaci\u00f3n guarique\u00f1a; esto siguiendo las orientaciones dadas por el presidente del Inces, Wuikelman Angel, y a su vez cumpliendo con lo establecido en el plan de la patria 2019-2025.<\/span><\/p>\n<p class=\"western\" align=\"justify\"><span style=\"font-family: Arial,sans-serif;\">Los motores Producci\u00f3n Agroalimentaria, Industria y Econom\u00eda Comunal y Socialista fueron algunos de los m\u00e1s activos esta semana. Los cursos que se dictaron en base a las necesidades del pueblo, fueron: Construcci\u00f3n de Herramientas Agr\u00edcolas desde Desechos S\u00f3lidos, Relaciones Interpersonales, Pintura Ecol\u00f3gica, Confecci\u00f3n de Ropa Infantil y Recuperaci\u00f3n de Bombillos Ahorradores, siendo estos los que resaltaron en esta apertura del a\u00f1o productivo. Los \u00e1mbitos donde se est\u00e1n dictando los cursos son: unidades educativas, consejos comunales, entidades de trabajo y centros de formaci\u00f3n socialista (CFS).<\/span><\/p>\n<p class=\"western\" align=\"justify\"><img loading=\"lazy\" decoding=\"async\" class=\"aligncenter wp-image-24116 size-full\" src=\"http:\/\/www.inces.gob.ve\/wp-content\/uploads\/2019\/01\/5arranque-formativo.jpg\" alt=\"\" width=\"800\" height=\"842\" srcset=\"https:\/\/inces.gob.ve\/wp-content\/uploads\/2019\/01\/5arranque-formativo.jpg 800w, https:\/\/inces.gob.ve\/wp-content\/uploads\/2019\/01\/5arranque-formativo-285x300.jpg 285w, https:\/\/inces.gob.ve\/wp-content\/uploads\/2019\/01\/5arranque-formativo-768x808.jpg 768w, https:\/\/inces.gob.ve\/wp-content\/uploads\/2019\/01\/5arranque-formativo-730x768.jpg 730w\" sizes=\"auto, (max-width: 800px) 100vw, 800px\" \/><\/p>\n<p class=\"western\" align=\"justify\"><span style=\"font-family: Arial,sans-serif;\">En este sentido, Mar\u00eda Arisela Medina, gerente regional del Inces en el estado Gu\u00e1rico, expres\u00f3: \u201cAtendiendo a este llamado y respondiendo oportunamente a las necesidades del pueblo del estado bolivariano de Gu\u00e1rico, el Inces ha actuado como le corresponde, con la iniciativa de desarrollar y potenciar la productividad de todos los venezolanos que se vienen a formar en nuestra instituci\u00f3n. Siempre con las puertas abiertas para todos los ciudadanos que quieren aportar un grano de arena al avance significativo de nuestra Venezuela\u201d. <\/span><\/p>\n<p class=\"western\" align=\"justify\"><img loading=\"lazy\" decoding=\"async\" class=\"aligncenter wp-image-24117 size-full\" src=\"http:\/\/www.inces.gob.ve\/wp-content\/uploads\/2019\/01\/4arranque-formativo.jpg\" alt=\"\" width=\"850\" height=\"510\" srcset=\"https:\/\/inces.gob.ve\/wp-content\/uploads\/2019\/01\/4arranque-formativo.jpg 850w, https:\/\/inces.gob.ve\/wp-content\/uploads\/2019\/01\/4arranque-formativo-300x180.jpg 300w, https:\/\/inces.gob.ve\/wp-content\/uploads\/2019\/01\/4arranque-formativo-768x461.jpg 768w\" sizes=\"auto, (max-width: 850px) 100vw, 850px\" \/><\/p>\n<p class=\"western\" align=\"justify\"><span style=\"font-family: Arial,sans-serif;\">Con respecto a los aprendices que se vienen integrando a los procesos formativos y productivos la gerente manifest\u00f3; \u201cNos sentimos muy contentos con las personas que se acercan a nuestras instalaciones porque quieren aportar con sus conocimientos a la comunidad y se forman dentro de la visi\u00f3n del Inces, de formar produciendo y producir formando\u201d.<\/span><\/p>\n<p class=\"western\" align=\"justify\"><img loading=\"lazy\" decoding=\"async\" class=\"aligncenter wp-image-24119 size-full\" src=\"http:\/\/www.inces.gob.ve\/wp-content\/uploads\/2019\/01\/2-arranque-formativo.jpg\" alt=\"\" width=\"850\" height=\"510\" srcset=\"https:\/\/inces.gob.ve\/wp-content\/uploads\/2019\/01\/2-arranque-formativo.jpg 850w, https:\/\/inces.gob.ve\/wp-content\/uploads\/2019\/01\/2-arranque-formativo-300x180.jpg 300w, https:\/\/inces.gob.ve\/wp-content\/uploads\/2019\/01\/2-arranque-formativo-768x461.jpg 768w\" sizes=\"auto, (max-width: 850px) 100vw, 850px\" \/><\/p>\n<p class=\"western\" align=\"justify\"><span style=\"font-family: Arial,sans-serif;\">Las inscripciones para los cursos y formaciones contin\u00faan abiertos en todos los CFS ubicados en la totalidad de los municipios de la regi\u00f3n llanera y en todo el territorio nacional, con el mismo sentido de amor a los procesos educativos, formativos y de acreditaci\u00f3n en los saberes emp\u00edricos y acad\u00e9micos que manifieste el venezolano.<img loading=\"lazy\" decoding=\"async\" class=\"aligncenter wp-image-24120 size-full\" src=\"http:\/\/www.inces.gob.ve\/wp-content\/uploads\/2019\/01\/1-arranque-formativo.jpg\" alt=\"\" width=\"850\" height=\"448\" srcset=\"https:\/\/inces.gob.ve\/wp-content\/uploads\/2019\/01\/1-arranque-formativo.jpg 850w, https:\/\/inces.gob.ve\/wp-content\/uploads\/2019\/01\/1-arranque-formativo-300x158.jpg 300w, https:\/\/inces.gob.ve\/wp-content\/uploads\/2019\/01\/1-arranque-formativo-768x405.jpg 768w\" sizes=\"auto, (max-width: 850px) 100vw, 850px\" \/><\/span><\/p>\n<p class=\"western\" align=\"justify\">LT.<\/p>\n","protected":false},"excerpt":{"rendered":"<p>** Habitantes de cinco municipios del estado Gu\u00e1rico asistieron a formaciones en las distintas \u00e1reas productivas con m\u00e1s demanda en la regi\u00f3n<\/p>\n","protected":false},"author":15,"featured_media":24118,"comment_status":"closed","ping_status":"closed","sticky":false,"template":"","format":"standard","meta":{"footnotes":""},"categories":[2],"tags":[],"class_list":["post-24115","post","type-post","status-publish","format-standard","has-post-thumbnail","hentry","category-blog"],"_links":{"self":[{"href":"https:\/\/inces.gob.ve\/index.php\/wp-json\/wp\/v2\/posts\/24115","targetHints":{"allow":["GET"]}}],"collection":[{"href":"https:\/\/inces.gob.ve\/index.php\/wp-json\/wp\/v2\/posts"}],"about":[{"href":"https:\/\/inces.gob.ve\/index.php\/wp-json\/wp\/v2\/types\/post"}],"author":[{"embeddable":true,"href":"https:\/\/inces.gob.ve\/index.php\/wp-json\/wp\/v2\/users\/15"}],"replies":[{"embeddable":true,"href":"https:\/\/inces.gob.ve\/index.php\/wp-json\/wp\/v2\/comments?post=24115"}],"version-history":[{"count":2,"href":"https:\/\/inces.gob.ve\/index.php\/wp-json\/wp\/v2\/posts\/24115\/revisions"}],"predecessor-version":[{"id":24122,"href":"https:\/\/inces.gob.ve\/index.php\/wp-json\/wp\/v2\/posts\/24115\/revisions\/24122"}],"wp:featuredmedia":[{"embeddable":true,"href":"https:\/\/inces.gob.ve\/index.php\/wp-json\/wp\/v2\/media\/24118"}],"wp:attachment":[{"href":"https:\/\/inces.gob.ve\/index.php\/wp-json\/wp\/v2\/media?parent=24115"}],"wp:term":[{"taxonomy":"category","embeddable":true,"href":"https:\/\/inces.gob.ve\/index.php\/wp-json\/wp\/v2\/categories?post=24115"},{"taxonomy":"post_tag","embeddable":true,"href":"https:\/\/inces.gob.ve\/index.php\/wp-json\/wp\/v2\/tags?post=24115"}],"curies":[{"name":"wp","href":"https:\/\/api.w.org\/{rel}","templated":true}]}}