{"id":24123,"date":"2019-01-31T09:39:05","date_gmt":"2019-01-31T15:39:05","guid":{"rendered":"http:\/\/www.inces.gob.ve\/?p=24123"},"modified":"2020-05-28T20:29:59","modified_gmt":"2020-05-29T00:29:59","slug":"fabiana-es-ejemplo-de-que-las-barreras-solo-estan-en-nuestra-mente","status":"publish","type":"post","link":"https:\/\/inces.gob.ve\/index.php\/2019\/01\/31\/fabiana-es-ejemplo-de-que-las-barreras-solo-estan-en-nuestra-mente\/","title":{"rendered":"Fabiana es ejemplo de que las barreras solo est\u00e1n en nuestra mente"},"content":{"rendered":"<p class=\"western\" align=\"justify\"><span style=\"font-family: Arial,sans-serif;\"><b>** Tiene 24 a\u00f1os y padece de s\u00edndrome de Down<\/b><\/span><\/p>\n<p class=\"western\" align=\"justify\"><!--more--><\/p>\n<p class=\"western\" align=\"justify\"><span style=\"font-family: Arial,sans-serif;\"><b>Yudith Castro | ZULIA<\/b><\/span><\/p>\n<p class=\"western\" align=\"justify\"><span style=\"font-family: Arial,sans-serif;\">Fabiana Clavo tiene 24 a\u00f1os y es una de las participantes del curso de Panificaci\u00f3n Dom\u00e9stica dictado por el Inces, en Maracaibo. Esta formaci\u00f3n se inici\u00f3 hace pocos d\u00edas y se est\u00e1 desarrollando en la sede administrativa de esta instituci\u00f3n.<\/span><\/p>\n<p class=\"western\" align=\"justify\"><span style=\"font-family: Arial,sans-serif;\">Esta bella joven padece de s\u00edndrome de Down, condici\u00f3n que no impidi\u00f3 su inserci\u00f3n a la sociedad, gracias a su valiente madre, Yaneth Becerra, quien se traz\u00f3 como meta hacer que su ni\u00f1a aprendiera a desenvolverse como una ciudadana com\u00fan. \u201cDesde ni\u00f1a ella asisti\u00f3 a colegios especiales, experiencia que la ayud\u00f3 mucho durante su crecimiento y es all\u00ed donde se inicia en el \u00e1rea de cocina.\u201d<\/span><\/p>\n<p class=\"western\" align=\"justify\"><span style=\"font-family: Arial,sans-serif;\"><img loading=\"lazy\" decoding=\"async\" class=\"aligncenter wp-image-24125 size-full\" src=\"http:\/\/www.inces.gob.ve\/wp-content\/uploads\/2019\/01\/2Fabiana-es-ejemplo.jpg\" alt=\"\" width=\"850\" height=\"510\" srcset=\"https:\/\/inces.gob.ve\/wp-content\/uploads\/2019\/01\/2Fabiana-es-ejemplo.jpg 850w, https:\/\/inces.gob.ve\/wp-content\/uploads\/2019\/01\/2Fabiana-es-ejemplo-300x180.jpg 300w, https:\/\/inces.gob.ve\/wp-content\/uploads\/2019\/01\/2Fabiana-es-ejemplo-768x461.jpg 768w\" sizes=\"auto, (max-width: 850px) 100vw, 850px\" \/><\/span><\/p>\n<p class=\"western\" align=\"justify\"><span style=\"font-family: Arial,sans-serif;\">En esas unidades educativas ellos aprenden, \u201ch\u00e1bitos, actividades vinculadas a las manualidades y a realizar los oficios del hogar, entre otros. La parte de lecto-escritura la aprendi\u00f3 conmigo. Ella escribe su nombre y su n\u00famero de c\u00e9dula.\u201d<\/span><\/p>\n<p class=\"western\" align=\"justify\"><span style=\"font-family: Arial,sans-serif;\">Por la pasi\u00f3n que siente por la cocina, \u201cla inscrib\u00ed en este curso. Ella siempre est\u00e1 dispuesta a colaborar cuando hago la comida; lava el arroz, hace las arepas y jugos&#8230;\u00a1disfruta hacerlo! Gracias a Dios el Inces le brind\u00f3 la oportunidad a mi hija de formarse y para m\u00ed esto significa mucho porque no fue rechazada y lo mejor es que los cursos son gratis.\u201d <\/span><\/p>\n<p class=\"western\" align=\"justify\"><span style=\"font-family: Arial,sans-serif;\">Al conversar con Fabiana ella manifest\u00f3, con un tono de voz dulce e ingenuo, que le agrada cocinar y que est\u00e1 emocionada por hacer su primer pan. Al finalizar la entrevista, Fabiana demostr\u00f3 con orgullo que sabe escribir su nombre y pos\u00f3 para la c\u00e1mara con su gorro de cocina.<\/span><\/p>\n<p class=\"western\" align=\"justify\"><img loading=\"lazy\" decoding=\"async\" class=\"aligncenter wp-image-24126 size-full\" src=\"http:\/\/www.inces.gob.ve\/wp-content\/uploads\/2019\/01\/1-Fabiana-es-ejemplo.jpg\" alt=\"\" width=\"850\" height=\"510\" srcset=\"https:\/\/inces.gob.ve\/wp-content\/uploads\/2019\/01\/1-Fabiana-es-ejemplo.jpg 850w, https:\/\/inces.gob.ve\/wp-content\/uploads\/2019\/01\/1-Fabiana-es-ejemplo-300x180.jpg 300w, https:\/\/inces.gob.ve\/wp-content\/uploads\/2019\/01\/1-Fabiana-es-ejemplo-768x461.jpg 768w\" sizes=\"auto, (max-width: 850px) 100vw, 850px\" \/><\/p>\n<p class=\"western\" align=\"justify\"><span style=\"font-family: Arial,sans-serif;\">Con una sonrisa que denota orgullo, expres\u00f3 el docente Alejandro Morales que ense\u00f1ar a las personas que presentan una condici\u00f3n es un reto y por ello se ha preparado para poder transmitir sus conocimientos con eficacia porque lo importantes es que ellos aprendan un oficio que les permita ser parte del campo laboral.<\/span><\/p>\n<p class=\"western\" align=\"justify\">LT.<\/p>\n","protected":false},"excerpt":{"rendered":"<p>** Tiene 24 a\u00f1os y padece de s\u00edndrome de Down<\/p>\n","protected":false},"author":15,"featured_media":24124,"comment_status":"closed","ping_status":"closed","sticky":false,"template":"","format":"standard","meta":{"footnotes":""},"categories":[2],"tags":[],"class_list":["post-24123","post","type-post","status-publish","format-standard","has-post-thumbnail","hentry","category-blog"],"_links":{"self":[{"href":"https:\/\/inces.gob.ve\/index.php\/wp-json\/wp\/v2\/posts\/24123","targetHints":{"allow":["GET"]}}],"collection":[{"href":"https:\/\/inces.gob.ve\/index.php\/wp-json\/wp\/v2\/posts"}],"about":[{"href":"https:\/\/inces.gob.ve\/index.php\/wp-json\/wp\/v2\/types\/post"}],"author":[{"embeddable":true,"href":"https:\/\/inces.gob.ve\/index.php\/wp-json\/wp\/v2\/users\/15"}],"replies":[{"embeddable":true,"href":"https:\/\/inces.gob.ve\/index.php\/wp-json\/wp\/v2\/comments?post=24123"}],"version-history":[{"count":2,"href":"https:\/\/inces.gob.ve\/index.php\/wp-json\/wp\/v2\/posts\/24123\/revisions"}],"predecessor-version":[{"id":24128,"href":"https:\/\/inces.gob.ve\/index.php\/wp-json\/wp\/v2\/posts\/24123\/revisions\/24128"}],"wp:featuredmedia":[{"embeddable":true,"href":"https:\/\/inces.gob.ve\/index.php\/wp-json\/wp\/v2\/media\/24124"}],"wp:attachment":[{"href":"https:\/\/inces.gob.ve\/index.php\/wp-json\/wp\/v2\/media?parent=24123"}],"wp:term":[{"taxonomy":"category","embeddable":true,"href":"https:\/\/inces.gob.ve\/index.php\/wp-json\/wp\/v2\/categories?post=24123"},{"taxonomy":"post_tag","embeddable":true,"href":"https:\/\/inces.gob.ve\/index.php\/wp-json\/wp\/v2\/tags?post=24123"}],"curies":[{"name":"wp","href":"https:\/\/api.w.org\/{rel}","templated":true}]}}