{"id":24129,"date":"2019-01-31T09:58:58","date_gmt":"2019-01-31T15:58:58","guid":{"rendered":"http:\/\/www.inces.gob.ve\/?p=24129"},"modified":"2020-05-28T20:29:59","modified_gmt":"2020-05-29T00:29:59","slug":"cfs-san-francisco-inicio-el-curso-elaboracion-de-patron-base","status":"publish","type":"post","link":"https:\/\/inces.gob.ve\/index.php\/2019\/01\/31\/cfs-san-francisco-inicio-el-curso-elaboracion-de-patron-base\/","title":{"rendered":"CFS San Francisco inici\u00f3 el curso Elaboraci\u00f3n de Patr\u00f3n Base"},"content":{"rendered":"<p class=\"western\" lang=\"es-ES\" align=\"justify\"><span style=\"font-family: Arial,sans-serif;\">*<i>* <\/i><i><b>La formaci\u00f3n dura 186 horas<\/b><\/i><\/span><\/p>\n<p class=\"western\" lang=\"es-ES\" align=\"justify\"><!--more--><\/p>\n<p class=\"western\" lang=\"es-ES\" align=\"justify\"><span style=\"font-family: Arial,sans-serif;\"><b>Yudith Castro |ZULIA <\/b><\/span><\/p>\n<p lang=\"es-ES\" align=\"justify\">\n<p class=\"western\" lang=\"es-ES\" align=\"justify\"><span style=\"font-family: Arial,sans-serif;\">A pesar de las dificultades econ\u00f3micas por las cuales atraviesa el pa\u00eds, 15 mujeres zulianas decidieron enfrentar esta realidad a trav\u00e9s del estudio y la capacitaci\u00f3n. Ellas se matricularon en el curso Elaboraci\u00f3n de Patr\u00f3n Base, formaci\u00f3n que se inici\u00f3 en el centro de formaci\u00f3n socialista \u201cSan Francisco\u201d del Inces, ubicado en el Zulia. <\/span><\/p>\n<p class=\"western\" lang=\"es-ES\" align=\"justify\"><span style=\"font-family: Arial,sans-serif;\">La docente Mery Mendoza explic\u00f3 que el curso dura 180 horas y a trav\u00e9s de esta formaci\u00f3n las participantes aprender\u00e1n a elaborar los diferentes patrones de todo tipo de ropa, lo cual garantizar\u00e1 que los cortes y medidas sean lo m\u00e1s exactos posible. Posteriormente, estas damas deben realizar el curso de corte y costura en el cual verificar\u00e1n la importancia de utilizar patrones. <\/span><\/p>\n<p class=\"western\" lang=\"es-ES\" align=\"justify\"><img loading=\"lazy\" decoding=\"async\" class=\"aligncenter wp-image-24130 size-full\" src=\"http:\/\/www.inces.gob.ve\/wp-content\/uploads\/2019\/01\/4curso-Elaboraci\u00f3n-de-Patr\u00f3n.jpg\" alt=\"\" width=\"850\" height=\"510\" srcset=\"https:\/\/inces.gob.ve\/wp-content\/uploads\/2019\/01\/4curso-Elaboraci\u00f3n-de-Patr\u00f3n.jpg 850w, https:\/\/inces.gob.ve\/wp-content\/uploads\/2019\/01\/4curso-Elaboraci\u00f3n-de-Patr\u00f3n-300x180.jpg 300w, https:\/\/inces.gob.ve\/wp-content\/uploads\/2019\/01\/4curso-Elaboraci\u00f3n-de-Patr\u00f3n-768x461.jpg 768w\" sizes=\"auto, (max-width: 850px) 100vw, 850px\" \/><br \/>\n<span style=\"font-family: Arial,sans-serif;\">Entusiasmada, Yajaira P\u00e9rez, de 45 a\u00f1os, indic\u00f3 que ella cose de forma emp\u00edrica y su actual aspiraci\u00f3n es aprender este arte de forma profesional. \u201cPara lograr mi meta me seguir\u00e9 formando en otros cursos relacionados al \u00e1rea textil porque el Inces no excluye a nadie y el \u00fanico requisito para inscribirte es la fotocopia de c\u00e9dula de identidad\u201d, indic\u00f3. <\/span><\/p>\n<p class=\"western\" lang=\"es-ES\" align=\"justify\"><img loading=\"lazy\" decoding=\"async\" class=\"aligncenter wp-image-24132 size-full\" src=\"http:\/\/www.inces.gob.ve\/wp-content\/uploads\/2019\/01\/1curso-Elaboraci\u00f3n-de-Patr\u00f3n.jpg\" alt=\"\" width=\"850\" height=\"510\" srcset=\"https:\/\/inces.gob.ve\/wp-content\/uploads\/2019\/01\/1curso-Elaboraci\u00f3n-de-Patr\u00f3n.jpg 850w, https:\/\/inces.gob.ve\/wp-content\/uploads\/2019\/01\/1curso-Elaboraci\u00f3n-de-Patr\u00f3n-300x180.jpg 300w, https:\/\/inces.gob.ve\/wp-content\/uploads\/2019\/01\/1curso-Elaboraci\u00f3n-de-Patr\u00f3n-768x461.jpg 768w\" sizes=\"auto, (max-width: 850px) 100vw, 850px\" \/><\/p>\n<p class=\"western\" lang=\"es-ES\" align=\"justify\">\u201c<span style=\"font-family: Arial,sans-serif;\">Mi mayor deseo, en esta etapa de mi vida, es poder aprender a elaborar ropa de vestir para mi familia, cortinas y lencer\u00eda para mi hogar, y por supuesto generar ingresos. Estoy muy agradecida con el Inces por brindar los cursos gratuitos, porque si tuvieran un costo no pudiera realizarlos\u201d, afirm\u00f3 Raiza Fuenmayor, de 49 a\u00f1os. <\/span><\/p>\n<p lang=\"es-ES\" align=\"justify\">LT.<\/p>\n","protected":false},"excerpt":{"rendered":"<p>** La formaci\u00f3n dura 186 horas<\/p>\n","protected":false},"author":15,"featured_media":24131,"comment_status":"closed","ping_status":"closed","sticky":false,"template":"","format":"standard","meta":{"footnotes":""},"categories":[2],"tags":[],"class_list":["post-24129","post","type-post","status-publish","format-standard","has-post-thumbnail","hentry","category-blog"],"_links":{"self":[{"href":"https:\/\/inces.gob.ve\/index.php\/wp-json\/wp\/v2\/posts\/24129","targetHints":{"allow":["GET"]}}],"collection":[{"href":"https:\/\/inces.gob.ve\/index.php\/wp-json\/wp\/v2\/posts"}],"about":[{"href":"https:\/\/inces.gob.ve\/index.php\/wp-json\/wp\/v2\/types\/post"}],"author":[{"embeddable":true,"href":"https:\/\/inces.gob.ve\/index.php\/wp-json\/wp\/v2\/users\/15"}],"replies":[{"embeddable":true,"href":"https:\/\/inces.gob.ve\/index.php\/wp-json\/wp\/v2\/comments?post=24129"}],"version-history":[{"count":3,"href":"https:\/\/inces.gob.ve\/index.php\/wp-json\/wp\/v2\/posts\/24129\/revisions"}],"predecessor-version":[{"id":24135,"href":"https:\/\/inces.gob.ve\/index.php\/wp-json\/wp\/v2\/posts\/24129\/revisions\/24135"}],"wp:featuredmedia":[{"embeddable":true,"href":"https:\/\/inces.gob.ve\/index.php\/wp-json\/wp\/v2\/media\/24131"}],"wp:attachment":[{"href":"https:\/\/inces.gob.ve\/index.php\/wp-json\/wp\/v2\/media?parent=24129"}],"wp:term":[{"taxonomy":"category","embeddable":true,"href":"https:\/\/inces.gob.ve\/index.php\/wp-json\/wp\/v2\/categories?post=24129"},{"taxonomy":"post_tag","embeddable":true,"href":"https:\/\/inces.gob.ve\/index.php\/wp-json\/wp\/v2\/tags?post=24129"}],"curies":[{"name":"wp","href":"https:\/\/api.w.org\/{rel}","templated":true}]}}