{"id":24137,"date":"2019-01-31T13:47:51","date_gmt":"2019-01-31T19:47:51","guid":{"rendered":"http:\/\/www.inces.gob.ve\/?p=24137"},"modified":"2020-05-28T20:29:59","modified_gmt":"2020-05-29T00:29:59","slug":"primera-jornada-de-formacion-metodologica-de-maestros-inces-2019","status":"publish","type":"post","link":"https:\/\/inces.gob.ve\/index.php\/2019\/01\/31\/primera-jornada-de-formacion-metodologica-de-maestros-inces-2019\/","title":{"rendered":"Primera jornada de formaci\u00f3n metodol\u00f3gica de maestros Inces 2019"},"content":{"rendered":"<p class=\"western\" align=\"justify\"><span style=\"font-family: Arial,sans-serif;\">**<i><b> 40 maestros y maestras arrancan plan formativo el pr\u00f3ximo 5 de febrero <\/b><\/i><\/span><\/p>\n<p class=\"western\" align=\"justify\">\n<!--more--><\/p>\n<p class=\"western\" align=\"justify\"><span style=\"font-family: Arial,sans-serif;\"><i>COJEDES<\/i><\/span><\/p>\n<p class=\"western\" align=\"justify\"><span style=\"font-family: Arial,sans-serif;\">En tres d\u00edas de jornada, maestras y maestros t\u00e9cnicos productivos (MTP) del Inces regional Cojedes participaron en sendas formaciones de actualizaci\u00f3n metodol\u00f3gica desarrolladas en el centro de formaci\u00f3n socialista (CFS) \u201cArgimiro Gabald\u00f3n\u201d, en San Carlos y \u201cMat\u00edas Salazar\u201d en el municipio Tinaquillo. <\/span><\/p>\n<p class=\"western\" align=\"justify\">\n<p class=\"western\" align=\"justify\"><span style=\"font-family: Arial,sans-serif;\">La actualizaci\u00f3n estuvo a cargo del formador de formadores, Manuel Herrera y de Carmen Moreno quienes con dinamismo socializaron las herramientas pedag\u00f3gicas, did\u00e1cticas y metodol\u00f3gicas que van a implementar los maestros en los distintos ambientes donde se ense\u00f1a un oficio bajo las orientaciones del presidente del instituto, Wuikelman Angel.<\/span><\/p>\n<p class=\"western\" align=\"justify\"><img loading=\"lazy\" decoding=\"async\" class=\"aligncenter wp-image-24141 size-full\" src=\"http:\/\/www.inces.gob.ve\/wp-content\/uploads\/2019\/01\/1Formaci\u00f3n-de-formadores.jpg\" alt=\"\" width=\"850\" height=\"638\" srcset=\"https:\/\/inces.gob.ve\/wp-content\/uploads\/2019\/01\/1Formaci\u00f3n-de-formadores.jpg 850w, https:\/\/inces.gob.ve\/wp-content\/uploads\/2019\/01\/1Formaci\u00f3n-de-formadores-300x225.jpg 300w, https:\/\/inces.gob.ve\/wp-content\/uploads\/2019\/01\/1Formaci\u00f3n-de-formadores-768x576.jpg 768w, https:\/\/inces.gob.ve\/wp-content\/uploads\/2019\/01\/1Formaci\u00f3n-de-formadores-136x102.jpg 136w\" sizes=\"auto, (max-width: 850px) 100vw, 850px\" \/><br \/>\n<span style=\"font-family: Arial,sans-serif;\">Alisandra Ceballo, maestra en el \u00e1rea agr\u00edcola, expres\u00f3 que el compromiso contin\u00faa en este 2019 con la educaci\u00f3n popular mediante talleres y cursos para el impulso de los distintos procesos sociales y productivos. Acot\u00f3 que estar\u00e1n desplegados en las comunidades, en las instituciones, en las distintas empresas y con el pueblo organizado. <\/span><\/p>\n<p class=\"western\" align=\"justify\"><img loading=\"lazy\" decoding=\"async\" class=\"aligncenter wp-image-24140 size-full\" src=\"http:\/\/www.inces.gob.ve\/wp-content\/uploads\/2019\/01\/2-formacion-.jpg\" alt=\"\" width=\"850\" height=\"638\" srcset=\"https:\/\/inces.gob.ve\/wp-content\/uploads\/2019\/01\/2-formacion-.jpg 850w, https:\/\/inces.gob.ve\/wp-content\/uploads\/2019\/01\/2-formacion--300x225.jpg 300w, https:\/\/inces.gob.ve\/wp-content\/uploads\/2019\/01\/2-formacion--768x576.jpg 768w, https:\/\/inces.gob.ve\/wp-content\/uploads\/2019\/01\/2-formacion--136x102.jpg 136w\" sizes=\"auto, (max-width: 850px) 100vw, 850px\" \/><br \/>\n<span style=\"font-family: Arial,sans-serif;\">El responsable de Formaci\u00f3n profesional, Jos\u00e9 R\u00edos, indic\u00f3 que \u201cestaremos haciendo uso de las herramientas tecnol\u00f3gicas para minimizar el uso del papel; se retomar\u00e1 el cuaderno de sistematizaci\u00f3n de experiencia y seguiremos con el llenado correcto de los formatos, planillas y expedientes, seg\u00fan las orientaciones formativas 2019.<\/span><\/p>\n<p class=\"western\" align=\"justify\"><span style=\"font-family: Arial,sans-serif;\"><img loading=\"lazy\" decoding=\"async\" class=\"aligncenter wp-image-24138 size-full\" src=\"http:\/\/www.inces.gob.ve\/wp-content\/uploads\/2019\/01\/4FormadoresI.jpg\" alt=\"\" width=\"850\" height=\"638\" srcset=\"https:\/\/inces.gob.ve\/wp-content\/uploads\/2019\/01\/4FormadoresI.jpg 850w, https:\/\/inces.gob.ve\/wp-content\/uploads\/2019\/01\/4FormadoresI-300x225.jpg 300w, https:\/\/inces.gob.ve\/wp-content\/uploads\/2019\/01\/4FormadoresI-768x576.jpg 768w, https:\/\/inces.gob.ve\/wp-content\/uploads\/2019\/01\/4FormadoresI-136x102.jpg 136w\" sizes=\"auto, (max-width: 850px) 100vw, 850px\" \/><\/span><\/p>\n<p class=\"western\" align=\"justify\">Lt.<\/p>\n","protected":false},"excerpt":{"rendered":"<p>** 40 maestros y maestras arrancan plan formativo el pr\u00f3ximo 5 de febrero<\/p>\n","protected":false},"author":15,"featured_media":24139,"comment_status":"closed","ping_status":"closed","sticky":false,"template":"","format":"standard","meta":{"footnotes":""},"categories":[2],"tags":[],"class_list":["post-24137","post","type-post","status-publish","format-standard","has-post-thumbnail","hentry","category-blog"],"_links":{"self":[{"href":"https:\/\/inces.gob.ve\/index.php\/wp-json\/wp\/v2\/posts\/24137","targetHints":{"allow":["GET"]}}],"collection":[{"href":"https:\/\/inces.gob.ve\/index.php\/wp-json\/wp\/v2\/posts"}],"about":[{"href":"https:\/\/inces.gob.ve\/index.php\/wp-json\/wp\/v2\/types\/post"}],"author":[{"embeddable":true,"href":"https:\/\/inces.gob.ve\/index.php\/wp-json\/wp\/v2\/users\/15"}],"replies":[{"embeddable":true,"href":"https:\/\/inces.gob.ve\/index.php\/wp-json\/wp\/v2\/comments?post=24137"}],"version-history":[{"count":1,"href":"https:\/\/inces.gob.ve\/index.php\/wp-json\/wp\/v2\/posts\/24137\/revisions"}],"predecessor-version":[{"id":24142,"href":"https:\/\/inces.gob.ve\/index.php\/wp-json\/wp\/v2\/posts\/24137\/revisions\/24142"}],"wp:featuredmedia":[{"embeddable":true,"href":"https:\/\/inces.gob.ve\/index.php\/wp-json\/wp\/v2\/media\/24139"}],"wp:attachment":[{"href":"https:\/\/inces.gob.ve\/index.php\/wp-json\/wp\/v2\/media?parent=24137"}],"wp:term":[{"taxonomy":"category","embeddable":true,"href":"https:\/\/inces.gob.ve\/index.php\/wp-json\/wp\/v2\/categories?post=24137"},{"taxonomy":"post_tag","embeddable":true,"href":"https:\/\/inces.gob.ve\/index.php\/wp-json\/wp\/v2\/tags?post=24137"}],"curies":[{"name":"wp","href":"https:\/\/api.w.org\/{rel}","templated":true}]}}