{"id":24194,"date":"2019-02-01T14:11:30","date_gmt":"2019-02-01T20:11:30","guid":{"rendered":"http:\/\/www.inces.gob.ve\/?p=24194"},"modified":"2020-05-28T20:33:31","modified_gmt":"2020-05-29T00:33:31","slug":"acto-conmemorativo-del-natalicio-de-ezequiel-zamora-se-realizo-en-el-inces","status":"publish","type":"post","link":"https:\/\/inces.gob.ve\/index.php\/2019\/02\/01\/acto-conmemorativo-del-natalicio-de-ezequiel-zamora-se-realizo-en-el-inces\/","title":{"rendered":"Acto conmemorativo del natalicio de Ezequiel Zamora se realiz\u00f3 en el Inces"},"content":{"rendered":"<p align=\"justify\"><span style=\"font-family: Arial,sans-serif;\"><span style=\"font-size: medium;\"><i><b>**A partir de hoy la plazoleta del Inces tendr\u00e1 un busto del l\u00edder federalista y se llamar\u00e1 Ezequiel Zamora<\/b><\/i><\/span><\/span><\/p>\n<p align=\"justify\"><!--more--><\/p>\n<p align=\"justify\"><span style=\"font-family: Arial,sans-serif;\"><span style=\"font-size: medium;\"><i><b>INCES SEDE<\/b><\/i><\/span><\/span><\/p>\n<p align=\"justify\"><span style=\"font-family: Arial,sans-serif;\"><span style=\"font-size: medium;\">En el evento se aprob\u00f3 que de ahora en adelante la plazoleta del Inces se llamar\u00e1 Ezequiel Zamora <\/span><\/span><\/p>\n<p align=\"justify\"><span style=\"font-family: Arial,sans-serif;\"><span style=\"font-size: medium;\">Un acto pol\u00edtico-cultural sobre la figura del General Ezequiel Zamora se realiz\u00f3 en la plazoleta del Inces con la participaci\u00f3n de un grupo de concejales del municipio Libertador adem\u00e1s de una comisi\u00f3n de constituyentistas encabezado por Dar\u00edo Vivas, Jes\u00fas Far\u00eda, Mercedes Gutierrez y Oliver Guzm\u00e1n; evento donde el presidente del Inces Wuikelman Angel autoriz\u00f3 la propuesta para que la plazoleta del Inces pase a llamarse plaza Ezequiel Zamora.<\/span><\/span><\/p>\n<p align=\"justify\"><span style=\"font-family: Arial,sans-serif;\"><span style=\"font-size: medium;\"><img loading=\"lazy\" decoding=\"async\" class=\"aligncenter wp-image-24200 size-full\" src=\"http:\/\/www.inces.gob.ve\/wp-content\/uploads\/2019\/02\/2Ezequiel-Zamora-.jpg\" alt=\"\" width=\"850\" height=\"567\" srcset=\"https:\/\/inces.gob.ve\/wp-content\/uploads\/2019\/02\/2Ezequiel-Zamora-.jpg 850w, https:\/\/inces.gob.ve\/wp-content\/uploads\/2019\/02\/2Ezequiel-Zamora--300x200.jpg 300w, https:\/\/inces.gob.ve\/wp-content\/uploads\/2019\/02\/2Ezequiel-Zamora--768x512.jpg 768w\" sizes=\"auto, (max-width: 850px) 100vw, 850px\" \/><\/span><\/span><\/p>\n<p align=\"justify\"><span style=\"font-family: Arial,sans-serif;\"><span style=\"font-size: medium;\">Dar\u00edo Vivas en su intervenci\u00f3n valor\u00f3 el hecho de que fue el Comandante Ch\u00e1vez el que haya rescatado la figura revolucionaria del General Zamora al ponerlo como s\u00edmbolo que orienta las doctrinas sociales de la Revoluci\u00f3n Bolivariana. Dar\u00edo se\u00f1al\u00f3 que a partir de esta conmemoraci\u00f3n zamorana, febrero se convierte en el mes de la rebeld\u00eda, porque a partir del d\u00eda 2 (fecha conmemorativa de los 20 a\u00f1os de la Revoluci\u00f3n Bolivariana) hasta los actos conmemorativos del Congreso de Angostura el pueblo revolucionario estar\u00e1 en la calle.<\/span><\/span><\/p>\n<p align=\"justify\"><span style=\"font-family: Arial,sans-serif;\"><span style=\"font-size: medium;\"><img loading=\"lazy\" decoding=\"async\" class=\"aligncenter wp-image-24196 size-full\" src=\"http:\/\/www.inces.gob.ve\/wp-content\/uploads\/2019\/02\/6Ezequiel-Zamora-.jpg\" alt=\"\" width=\"850\" height=\"672\" srcset=\"https:\/\/inces.gob.ve\/wp-content\/uploads\/2019\/02\/6Ezequiel-Zamora-.jpg 850w, https:\/\/inces.gob.ve\/wp-content\/uploads\/2019\/02\/6Ezequiel-Zamora--300x237.jpg 300w, https:\/\/inces.gob.ve\/wp-content\/uploads\/2019\/02\/6Ezequiel-Zamora--768x607.jpg 768w\" sizes=\"auto, (max-width: 850px) 100vw, 850px\" \/><\/span><\/span><\/p>\n<p align=\"justify\"><span style=\"font-family: Arial,sans-serif;\"><span style=\"font-size: medium;\">A su vez, el presidente del Inces Wuikelman Angel anunci\u00f3 que la plaza Ezequiel Zamora se convertir\u00e1 en un espacio para la cultura y est\u00e1 a la orden para que sea una referencia de actividades formativas y recreativas para los trabajadores y la comunidad organizada. <\/span><\/span><\/p>\n<p align=\"justify\">\n<p align=\"justify\"><span style=\"font-family: Arial,sans-serif;\"><span style=\"font-size: medium;\">El General Ezequiel Zamora pas\u00f3 a la historia venezolana porque lider\u00f3 el anhelo de las clases despose\u00eddas (campesinos, esclavos, manumisos, trabajadores artesanales) que pelearon en la guerra de independencia y que luego de dos d\u00e9cadas continuaban carentes de cualquier derecho social y humano.<\/span><\/span><\/p>\n<p align=\"justify\">\n<p align=\"justify\"><span style=\"font-family: Arial,sans-serif;\"><span style=\"font-size: medium;\">El constituyentista Jes\u00fas Far\u00eda argument\u00f3 que Zamora se adelant\u00f3 al socialismo cient\u00edfico de Marx y Engels pues en 1946, 2 a\u00f1os antes de la publicaci\u00f3n del Manifiesto Comunista, (documento social y pol\u00edtico donde Marx y Engels esbozan y argumentan que la historia de la humanidad ha sido una historia de lucha de clases) ya Zamora hab\u00eda encabezado una rebeli\u00f3n campesina contra los terratenientes por tierras para trabajar y subsistir. <\/span><\/span><\/p>\n<p align=\"justify\">\n<p align=\"justify\"><span style=\"font-family: Arial,sans-serif;\"><span style=\"font-size: medium;\"><img loading=\"lazy\" decoding=\"async\" class=\"aligncenter wp-image-24198 size-full\" src=\"http:\/\/www.inces.gob.ve\/wp-content\/uploads\/2019\/02\/4Ezequiel-Zamora-.jpg\" alt=\"\" width=\"850\" height=\"517\" srcset=\"https:\/\/inces.gob.ve\/wp-content\/uploads\/2019\/02\/4Ezequiel-Zamora-.jpg 850w, https:\/\/inces.gob.ve\/wp-content\/uploads\/2019\/02\/4Ezequiel-Zamora--300x182.jpg 300w, https:\/\/inces.gob.ve\/wp-content\/uploads\/2019\/02\/4Ezequiel-Zamora--768x467.jpg 768w\" sizes=\"auto, (max-width: 850px) 100vw, 850px\" \/><\/span><\/span><\/p>\n<p align=\"justify\"><span style=\"font-family: Arial,sans-serif;\"><span style=\"font-size: medium;\">A partir de 1946 Ezequiel Zamora, para la fecha un inquieto partidario del liberalismo pol\u00edtico, lidera un importante movimiento militar enarbolando las consignas del liberalismo radical, \u00a1Respeto a los Campesinos! \u00a1Horror a la oligarqu\u00eda! \u00a1Tierra y hombres libres!<\/span><\/span><\/p>\n<p align=\"justify\">\n<p align=\"justify\"><span style=\"font-family: Arial,sans-serif;\"><span style=\"font-size: medium;\"><img loading=\"lazy\" decoding=\"async\" class=\"aligncenter wp-image-24197 size-full\" src=\"http:\/\/www.inces.gob.ve\/wp-content\/uploads\/2019\/02\/5Ezequiel-Zamora-.jpg\" alt=\"\" width=\"850\" height=\"567\" srcset=\"https:\/\/inces.gob.ve\/wp-content\/uploads\/2019\/02\/5Ezequiel-Zamora-.jpg 850w, https:\/\/inces.gob.ve\/wp-content\/uploads\/2019\/02\/5Ezequiel-Zamora--300x200.jpg 300w, https:\/\/inces.gob.ve\/wp-content\/uploads\/2019\/02\/5Ezequiel-Zamora--768x512.jpg 768w\" sizes=\"auto, (max-width: 850px) 100vw, 850px\" \/><\/span><\/span><\/p>\n<p align=\"justify\"><span style=\"font-family: Arial,sans-serif;\"><span style=\"font-size: medium;\">En el acto se proyect\u00f3 un documental sobre la capacidad militar y pol\u00edtica del legendario general de hombres libres; y tambi\u00e9n se realiz\u00f3 una conversaci\u00f3n introductoria sobre aspectos biogr\u00e1ficos del l\u00edder de la Guerra Federal nacido en la poblaci\u00f3n mirandina de Cua a cargo del historiador Javier Escala.<\/span><\/span><\/p>\n<p align=\"justify\"><span style=\"font-family: Arial,sans-serif;\"><span style=\"font-size: medium;\">LA.<\/span><\/span><\/p>\n","protected":false},"excerpt":{"rendered":"<p>**A partir de hoy la plazoleta del Inces tendr\u00e1 un busto del l\u00edder federalista y se llamar\u00e1 Ezequiel Zamora<\/p>\n","protected":false},"author":15,"featured_media":24195,"comment_status":"closed","ping_status":"closed","sticky":false,"template":"","format":"standard","meta":{"footnotes":""},"categories":[2],"tags":[],"class_list":["post-24194","post","type-post","status-publish","format-standard","has-post-thumbnail","hentry","category-blog"],"_links":{"self":[{"href":"https:\/\/inces.gob.ve\/index.php\/wp-json\/wp\/v2\/posts\/24194","targetHints":{"allow":["GET"]}}],"collection":[{"href":"https:\/\/inces.gob.ve\/index.php\/wp-json\/wp\/v2\/posts"}],"about":[{"href":"https:\/\/inces.gob.ve\/index.php\/wp-json\/wp\/v2\/types\/post"}],"author":[{"embeddable":true,"href":"https:\/\/inces.gob.ve\/index.php\/wp-json\/wp\/v2\/users\/15"}],"replies":[{"embeddable":true,"href":"https:\/\/inces.gob.ve\/index.php\/wp-json\/wp\/v2\/comments?post=24194"}],"version-history":[{"count":3,"href":"https:\/\/inces.gob.ve\/index.php\/wp-json\/wp\/v2\/posts\/24194\/revisions"}],"predecessor-version":[{"id":24203,"href":"https:\/\/inces.gob.ve\/index.php\/wp-json\/wp\/v2\/posts\/24194\/revisions\/24203"}],"wp:featuredmedia":[{"embeddable":true,"href":"https:\/\/inces.gob.ve\/index.php\/wp-json\/wp\/v2\/media\/24195"}],"wp:attachment":[{"href":"https:\/\/inces.gob.ve\/index.php\/wp-json\/wp\/v2\/media?parent=24194"}],"wp:term":[{"taxonomy":"category","embeddable":true,"href":"https:\/\/inces.gob.ve\/index.php\/wp-json\/wp\/v2\/categories?post=24194"},{"taxonomy":"post_tag","embeddable":true,"href":"https:\/\/inces.gob.ve\/index.php\/wp-json\/wp\/v2\/tags?post=24194"}],"curies":[{"name":"wp","href":"https:\/\/api.w.org\/{rel}","templated":true}]}}