{"id":24249,"date":"2019-02-05T07:10:18","date_gmt":"2019-02-05T13:10:18","guid":{"rendered":"http:\/\/www.inces.gob.ve\/?p=24249"},"modified":"2020-05-28T20:33:29","modified_gmt":"2020-05-29T00:33:29","slug":"4f-fecha-de-impetu-y-profunda-lealtad-tal-y-como-lo-hizo-hugo-chavez","status":"publish","type":"post","link":"https:\/\/inces.gob.ve\/index.php\/2019\/02\/05\/4f-fecha-de-impetu-y-profunda-lealtad-tal-y-como-lo-hizo-hugo-chavez\/","title":{"rendered":"4F fecha de \u00edmpetu y profunda lealtad tal y como lo hizo Hugo Ch\u00e1vez"},"content":{"rendered":"<p align=\"justify\"><span style=\"font-family: Arial,sans-serif;\"><i><b>** En los espacios del pueblo la militancia larense alz\u00f3 su mano y su verbo para decir \u201cLo juro\u201d<\/b><\/i><\/span><\/p>\n<p align=\"justify\"><!--more--><\/p>\n<p align=\"justify\"><span style=\"font-family: Arial,sans-serif;\"><b>DABNNYS MORILLO | Lara <\/b><\/span><\/p>\n<p align=\"justify\"><span style=\"font-family: Arial,sans-serif;\">El 4 de febrero es una emblem\u00e1tica y fecha que marc\u00f3 la gallard\u00eda de un hombre cuyo valor se sembr\u00f3 y cal\u00f3 en cada coraz\u00f3n, en el alma del hombre y la mujer revolucionaria que ante las amenazas imperialistas est\u00e1n m\u00e1s convencidos que nunca de sus banderas de lucha y entrega por la patria.<\/span><\/p>\n<p align=\"justify\"><span style=\"font-family: Arial,sans-serif;\">Desde los espacios del pueblo, como la plaza Bol\u00edvar, junto al alcalde del municipio Iribarren, instituciones y militancia juraron defender y luchar la defensa integral de la naci\u00f3n para cumplir con el legado del Comandante Supremo Hugo Rafael Ch\u00e1vez Fr\u00edas.<\/span><\/p>\n<p align=\"justify\"><span style=\"font-family: Arial,sans-serif;\"><img loading=\"lazy\" decoding=\"async\" class=\"aligncenter wp-image-24252 size-full\" src=\"http:\/\/www.inces.gob.ve\/wp-content\/uploads\/2019\/02\/2-4F-fecha-de-\u00edmpetu-y-profunda.jpg\" alt=\"\" width=\"850\" height=\"638\" srcset=\"https:\/\/inces.gob.ve\/wp-content\/uploads\/2019\/02\/2-4F-fecha-de-\u00edmpetu-y-profunda.jpg 850w, https:\/\/inces.gob.ve\/wp-content\/uploads\/2019\/02\/2-4F-fecha-de-\u00edmpetu-y-profunda-300x225.jpg 300w, https:\/\/inces.gob.ve\/wp-content\/uploads\/2019\/02\/2-4F-fecha-de-\u00edmpetu-y-profunda-768x576.jpg 768w, https:\/\/inces.gob.ve\/wp-content\/uploads\/2019\/02\/2-4F-fecha-de-\u00edmpetu-y-profunda-136x102.jpg 136w\" sizes=\"auto, (max-width: 850px) 100vw, 850px\" \/><\/span><\/p>\n<p align=\"justify\"><span style=\"font-family: Arial,sans-serif;\">En este encuentro c\u00edvico militar estuvo la Milicia Bolivariana, movimientos sociales e instituciones, comunidades y agrupaciones cultural como \u201cSiete mangos y Una Flor\u201d del Instituto Municipal de Cultura y Arte del Estado Lara quienes pusieron sabor y alegr\u00eda en el lugar con sus populares y guapachosos temas.<\/span><\/p>\n<p align=\"justify\"><span style=\"font-family: Arial,sans-serif;\"><img loading=\"lazy\" decoding=\"async\" class=\"aligncenter wp-image-24255 size-full\" src=\"http:\/\/www.inces.gob.ve\/wp-content\/uploads\/2019\/02\/5-4F-FOTO-6.jpg\" alt=\"\" width=\"850\" height=\"638\" srcset=\"https:\/\/inces.gob.ve\/wp-content\/uploads\/2019\/02\/5-4F-FOTO-6.jpg 850w, https:\/\/inces.gob.ve\/wp-content\/uploads\/2019\/02\/5-4F-FOTO-6-300x225.jpg 300w, https:\/\/inces.gob.ve\/wp-content\/uploads\/2019\/02\/5-4F-FOTO-6-768x576.jpg 768w, https:\/\/inces.gob.ve\/wp-content\/uploads\/2019\/02\/5-4F-FOTO-6-136x102.jpg 136w\" sizes=\"auto, (max-width: 850px) 100vw, 850px\" \/><\/span><\/p>\n<p align=\"justify\"><span style=\"font-family: Arial,sans-serif;\">La voz c\u00e1lida del pueblo reafirma su compromiso<\/span><\/p>\n<p align=\"justify\"><span style=\"font-family: Arial,sans-serif;\">Para Isabel Uzc\u00e1tegui, mujer combativa y luchadora de Inces Lara, es fecha para demostrar con hechos el amor por el pa\u00eds, la uni\u00f3n y el esp\u00edritu de combate para salir adelante como pueblo revolucionario, \u201csomos los hijos y las hijas de Hugo Ch\u00e1vez y as\u00ed como \u00e9l lo hizo, vamos nosotros tambi\u00e9n a dar la cara por nuestra patria y nuestra generaci\u00f3n\u201d destac\u00f3.<\/span><\/p>\n<p align=\"justify\">\u201c<span style=\"font-family: Arial,sans-serif;\">El Comandante no ar\u00f3 en el mar, aqu\u00ed hay un pueblo que no se dejar\u00e1 quitar la independencia que tanto le cost\u00f3 a nuestros libertadores, por eso hoy estamos aqu\u00ed para decirle al imperio que no podr\u00e1n con nosotros\u201d; as\u00ed lo asever\u00f3 el maestro t\u00e9cnico productivo F\u00e9lix \u00c1lvarez para quien tambi\u00e9n el d\u00eda a d\u00eda es un gran reto en la construcci\u00f3n de una mejor sociedad desde las aulas y talleres Inces.<\/span><\/p>\n<p align=\"justify\"><img loading=\"lazy\" decoding=\"async\" class=\"aligncenter wp-image-24251 size-full\" src=\"http:\/\/www.inces.gob.ve\/wp-content\/uploads\/2019\/02\/3-4F-fecha-de-\u00edmpetu-y-profundaFOTO-11.jpg\" alt=\"\" width=\"850\" height=\"638\" srcset=\"https:\/\/inces.gob.ve\/wp-content\/uploads\/2019\/02\/3-4F-fecha-de-\u00edmpetu-y-profundaFOTO-11.jpg 850w, https:\/\/inces.gob.ve\/wp-content\/uploads\/2019\/02\/3-4F-fecha-de-\u00edmpetu-y-profundaFOTO-11-300x225.jpg 300w, https:\/\/inces.gob.ve\/wp-content\/uploads\/2019\/02\/3-4F-fecha-de-\u00edmpetu-y-profundaFOTO-11-768x576.jpg 768w, https:\/\/inces.gob.ve\/wp-content\/uploads\/2019\/02\/3-4F-fecha-de-\u00edmpetu-y-profundaFOTO-11-136x102.jpg 136w\" sizes=\"auto, (max-width: 850px) 100vw, 850px\" \/><\/p>\n<p align=\"justify\"><span style=\"font-family: Arial,sans-serif;\">Es febrero rebelde, un 4F que demuestra la alegr\u00eda de vivir y luchar, son estos tiempos de lucha y entrega, la integralidad con que el \u201cguaro\u201d vive, una mezcla de dignidad, fuerza y lealtad, valores necesarios que suman en un gran colectivo dispuesto a dar la vida, si fuera necesario, para defender su soberan\u00eda asi, lo juraron.<\/span><\/p>\n<p align=\"justify\">LT.<\/p>\n","protected":false},"excerpt":{"rendered":"<p>** En los espacios del pueblo la militancia larense alz\u00f3 su mano y su verbo para decir \u201cLo juro\u201d<\/p>\n","protected":false},"author":15,"featured_media":24250,"comment_status":"closed","ping_status":"closed","sticky":false,"template":"","format":"standard","meta":{"footnotes":""},"categories":[2],"tags":[],"class_list":["post-24249","post","type-post","status-publish","format-standard","has-post-thumbnail","hentry","category-blog"],"_links":{"self":[{"href":"https:\/\/inces.gob.ve\/index.php\/wp-json\/wp\/v2\/posts\/24249","targetHints":{"allow":["GET"]}}],"collection":[{"href":"https:\/\/inces.gob.ve\/index.php\/wp-json\/wp\/v2\/posts"}],"about":[{"href":"https:\/\/inces.gob.ve\/index.php\/wp-json\/wp\/v2\/types\/post"}],"author":[{"embeddable":true,"href":"https:\/\/inces.gob.ve\/index.php\/wp-json\/wp\/v2\/users\/15"}],"replies":[{"embeddable":true,"href":"https:\/\/inces.gob.ve\/index.php\/wp-json\/wp\/v2\/comments?post=24249"}],"version-history":[{"count":3,"href":"https:\/\/inces.gob.ve\/index.php\/wp-json\/wp\/v2\/posts\/24249\/revisions"}],"predecessor-version":[{"id":24256,"href":"https:\/\/inces.gob.ve\/index.php\/wp-json\/wp\/v2\/posts\/24249\/revisions\/24256"}],"wp:featuredmedia":[{"embeddable":true,"href":"https:\/\/inces.gob.ve\/index.php\/wp-json\/wp\/v2\/media\/24250"}],"wp:attachment":[{"href":"https:\/\/inces.gob.ve\/index.php\/wp-json\/wp\/v2\/media?parent=24249"}],"wp:term":[{"taxonomy":"category","embeddable":true,"href":"https:\/\/inces.gob.ve\/index.php\/wp-json\/wp\/v2\/categories?post=24249"},{"taxonomy":"post_tag","embeddable":true,"href":"https:\/\/inces.gob.ve\/index.php\/wp-json\/wp\/v2\/tags?post=24249"}],"curies":[{"name":"wp","href":"https:\/\/api.w.org\/{rel}","templated":true}]}}