{"id":24271,"date":"2019-02-05T11:18:48","date_gmt":"2019-02-05T17:18:48","guid":{"rendered":"http:\/\/www.inces.gob.ve\/?p=24271"},"modified":"2020-05-28T20:33:30","modified_gmt":"2020-05-29T00:33:30","slug":"a-224-anos-del-natalicio-de-antonio-jose-de-sucre-su-legado-continua-vigente","status":"publish","type":"post","link":"https:\/\/inces.gob.ve\/index.php\/2019\/02\/05\/a-224-anos-del-natalicio-de-antonio-jose-de-sucre-su-legado-continua-vigente\/","title":{"rendered":"A 224 a\u00f1os del natalicio de Antonio Jos\u00e9 de Sucre su legado continua vigente"},"content":{"rendered":"<p align=\"justify\"><span style=\"font-family: Arial,sans-serif;\"><i>**<b> La invitaci\u00f3n es para que cada d\u00eda los revolucionarios sean como el Gran Mariscal de Ayacucho y hacer que su ejemplo viva activo en los venezolanos<\/b><\/i><\/span><\/p>\n<p align=\"justify\">\n<!--more--><\/p>\n<p align=\"justify\"><span style=\"font-family: Arial,sans-serif;\"><b>MILAGROS GUERRERO | Sucre<\/b><\/span><\/p>\n<p align=\"justify\">\n<p align=\"justify\">\u201c<span style=\"font-family: Arial,sans-serif;\">Seamos como Sucre\u201d fue el grito de guerra lanzado a una voz por los revolucionarios de Inces Sucre, durante la conmemoracu\u00f3n de los 224 a\u00f1os del natalicio de Antonio Jos\u00e9 Francisco de Sucre y Alcal\u00e1, uno de los hombres m\u00e1s grandes de la historia de Venezuela, cuyos m\u00e9ritos en el combate en Ayacucho le merecieron el titulo de Gran Mariscal de los ej\u00e9rcitos de Ayacucho.<\/span><\/p>\n<p align=\"justify\">\n<p align=\"justify\"><span style=\"font-family: Arial,sans-serif;\">Los actos solemnes se desarrollaron en el emblem\u00e1tico parque Ayacucho de Cuman\u00e1, donde se encontraron autoridades civiles y militares, para posteriormente ocupar la plaza Bol\u00edvar y asistir a la disertaci\u00f3n especial sobre el Gran Mariscal, teniendo como invitados al ministro de Eduaci\u00f3n, Arist\u00f3bulo Ist\u00fariz, el presidente de la Fundaci\u00f3n Gran Mariscal de Ayacucho, C\u00e9sar Trompiz, el comandante de la Zodi Oriental, Willians Serantes Pinto, la gobernadora de Monagas Yelitza Santaella, el anfitri\u00f3n Edwin Rojas, gobernador de Sucre y dem\u00e1s personalidades nacionales, regionales y municipales.<\/span><\/p>\n<p align=\"justify\"><img loading=\"lazy\" decoding=\"async\" class=\"aligncenter wp-image-24275 size-full\" src=\"http:\/\/www.inces.gob.ve\/wp-content\/uploads\/2019\/02\/1Antonio-Jos\u00e9-de-Sucre-.jpeg\" alt=\"\" width=\"850\" height=\"638\" srcset=\"https:\/\/inces.gob.ve\/wp-content\/uploads\/2019\/02\/1Antonio-Jos\u00e9-de-Sucre-.jpeg 850w, https:\/\/inces.gob.ve\/wp-content\/uploads\/2019\/02\/1Antonio-Jos\u00e9-de-Sucre--300x225.jpeg 300w, https:\/\/inces.gob.ve\/wp-content\/uploads\/2019\/02\/1Antonio-Jos\u00e9-de-Sucre--768x576.jpeg 768w, https:\/\/inces.gob.ve\/wp-content\/uploads\/2019\/02\/1Antonio-Jos\u00e9-de-Sucre--136x102.jpeg 136w\" sizes=\"auto, (max-width: 850px) 100vw, 850px\" \/>\n<\/p>\n<p align=\"justify\"><span style=\"font-family: Arial,sans-serif;\">Con motivo a la trascendental fecha para la historia venezolana, republicana y revolucionaria, la gerente regional de Inces Sucre Audin Navarro, ante los medios de comunicaci\u00f3n, invit\u00f3 a los j\u00f3venes a unirse a Inces y a que revivan el ejemplo del joven cuman\u00e9s Antonio Jos\u00e9 de Sucre, quien desde adolescente incursion\u00f3 en la vida militar, pero, sin dejar de lado el humanismo, hasta convertirse un el mejor estadista y estratega militar que haya parido la patria en de 224 a\u00f1os.<\/span><\/p>\n<p align=\"justify\"><img loading=\"lazy\" decoding=\"async\" class=\"aligncenter wp-image-24273 size-full\" src=\"http:\/\/www.inces.gob.ve\/wp-content\/uploads\/2019\/02\/4Antonio-Jos\u00e9-de-Sucre-.jpeg\" alt=\"\" width=\"850\" height=\"638\" srcset=\"https:\/\/inces.gob.ve\/wp-content\/uploads\/2019\/02\/4Antonio-Jos\u00e9-de-Sucre-.jpeg 850w, https:\/\/inces.gob.ve\/wp-content\/uploads\/2019\/02\/4Antonio-Jos\u00e9-de-Sucre--300x225.jpeg 300w, https:\/\/inces.gob.ve\/wp-content\/uploads\/2019\/02\/4Antonio-Jos\u00e9-de-Sucre--768x576.jpeg 768w, https:\/\/inces.gob.ve\/wp-content\/uploads\/2019\/02\/4Antonio-Jos\u00e9-de-Sucre--136x102.jpeg 136w\" sizes=\"auto, (max-width: 850px) 100vw, 850px\" \/>\n<\/p>\n<p align=\"justify\"><span style=\"font-family: Arial,sans-serif;\">Historia emancipadora<\/span><\/p>\n<p align=\"justify\"><a name=\"cite_ref-1\"><\/a><span style=\"font-family: Arial,sans-serif;\">Hay que recordar que en la pampa de Ayacucho, a 3.500 metros de altura, en las adyacencias de la actual ciudad peruana de Ayacucho, se consum\u00f3 el hist\u00f3rico combate, en el cual, las <\/span><strong><span style=\"font-family: Arial,sans-serif;\">tropas independentistas de Sim\u00f3n Bol\u00edvar resultaron victoriosas<\/span><\/strong><span style=\"font-family: Arial,sans-serif;\"> al mando del joven de 27 a\u00f1os, general <\/span><strong><span style=\"font-family: Arial,sans-serif;\">Antonio Jos\u00e9 de Sucre<\/span><\/strong><span style=\"font-family: Arial,sans-serif;\">, sobre el batall\u00f3n espa\u00f1ol comandado por el \u00faltimo virrey del Per\u00fa, <\/span><strong><span style=\"font-family: Arial,sans-serif;\">Jos\u00e9 de La Serna y Mart\u00ednez de Hinojosa<\/span><\/strong><span style=\"font-family: Arial,sans-serif;\">. La batalla no s\u00f3lo dio la Independencia a Per\u00fa y a Bolivia, sino a toda la Am\u00e9rica de habla espa\u00f1ola, marcando la salida del hemisferio Sur del imperio espa\u00f1ol.<\/span><\/p>\n<p align=\"justify\">\n<img loading=\"lazy\" decoding=\"async\" class=\"aligncenter wp-image-24274 size-full\" src=\"http:\/\/www.inces.gob.ve\/wp-content\/uploads\/2019\/02\/2Antonio-Jos\u00e9-de-Sucre-.jpeg\" alt=\"\" width=\"850\" height=\"638\" srcset=\"https:\/\/inces.gob.ve\/wp-content\/uploads\/2019\/02\/2Antonio-Jos\u00e9-de-Sucre-.jpeg 850w, https:\/\/inces.gob.ve\/wp-content\/uploads\/2019\/02\/2Antonio-Jos\u00e9-de-Sucre--300x225.jpeg 300w, https:\/\/inces.gob.ve\/wp-content\/uploads\/2019\/02\/2Antonio-Jos\u00e9-de-Sucre--768x576.jpeg 768w, https:\/\/inces.gob.ve\/wp-content\/uploads\/2019\/02\/2Antonio-Jos\u00e9-de-Sucre--136x102.jpeg 136w\" sizes=\"auto, (max-width: 850px) 100vw, 850px\" \/><\/p>\n<p align=\"justify\"><span style=\"font-family: Arial,sans-serif;\">Sobre sus hombros lleva la gloria de las armas para emancipar a los pueblos sure\u00f1os de las garras imperialistas espa\u00f1olas, de la tiran\u00eda de los virreyes que casi diezmaron por completo sus riquezas materiales; para hacerlos soberanos, libertando a Ecuador, Per\u00fa y Bolivia, tarea encomendada por el Libertador Sim\u00f3n Bol\u00edvar, siendo Sucre uno de sus soldados m\u00e1s leales.<\/span><\/p>\n","protected":false},"excerpt":{"rendered":"<p>** La invitaci\u00f3n es para que cada d\u00eda los revolucionarios sean como el Gran Mariscal de Ayacucho y hacer que su ejemplo viva activo en los venezolanos<\/p>\n","protected":false},"author":15,"featured_media":24272,"comment_status":"closed","ping_status":"closed","sticky":false,"template":"","format":"standard","meta":{"footnotes":""},"categories":[2],"tags":[],"class_list":["post-24271","post","type-post","status-publish","format-standard","has-post-thumbnail","hentry","category-blog"],"_links":{"self":[{"href":"https:\/\/inces.gob.ve\/index.php\/wp-json\/wp\/v2\/posts\/24271","targetHints":{"allow":["GET"]}}],"collection":[{"href":"https:\/\/inces.gob.ve\/index.php\/wp-json\/wp\/v2\/posts"}],"about":[{"href":"https:\/\/inces.gob.ve\/index.php\/wp-json\/wp\/v2\/types\/post"}],"author":[{"embeddable":true,"href":"https:\/\/inces.gob.ve\/index.php\/wp-json\/wp\/v2\/users\/15"}],"replies":[{"embeddable":true,"href":"https:\/\/inces.gob.ve\/index.php\/wp-json\/wp\/v2\/comments?post=24271"}],"version-history":[{"count":1,"href":"https:\/\/inces.gob.ve\/index.php\/wp-json\/wp\/v2\/posts\/24271\/revisions"}],"predecessor-version":[{"id":24276,"href":"https:\/\/inces.gob.ve\/index.php\/wp-json\/wp\/v2\/posts\/24271\/revisions\/24276"}],"wp:featuredmedia":[{"embeddable":true,"href":"https:\/\/inces.gob.ve\/index.php\/wp-json\/wp\/v2\/media\/24272"}],"wp:attachment":[{"href":"https:\/\/inces.gob.ve\/index.php\/wp-json\/wp\/v2\/media?parent=24271"}],"wp:term":[{"taxonomy":"category","embeddable":true,"href":"https:\/\/inces.gob.ve\/index.php\/wp-json\/wp\/v2\/categories?post=24271"},{"taxonomy":"post_tag","embeddable":true,"href":"https:\/\/inces.gob.ve\/index.php\/wp-json\/wp\/v2\/tags?post=24271"}],"curies":[{"name":"wp","href":"https:\/\/api.w.org\/{rel}","templated":true}]}}