{"id":24284,"date":"2019-02-05T12:13:35","date_gmt":"2019-02-05T18:13:35","guid":{"rendered":"http:\/\/www.inces.gob.ve\/?p=24284"},"modified":"2020-05-28T20:29:38","modified_gmt":"2020-05-29T00:29:38","slug":"inces-caracas-inicia-captacion-masiva-de-aprendices-en-el-marco-de-la-gran-mision-chamba-juvenil","status":"publish","type":"post","link":"https:\/\/inces.gob.ve\/index.php\/2019\/02\/05\/inces-caracas-inicia-captacion-masiva-de-aprendices-en-el-marco-de-la-gran-mision-chamba-juvenil\/","title":{"rendered":"Inces Caracas inicia captaci\u00f3n masiva de aprendices en el marco de la Gran Misi\u00f3n Chamba Juvenil"},"content":{"rendered":"<p align=\"justify\"><span style=\"font-family: Arial,sans-serif;\"><i><b>** La regional del Inces Caracas dio inicio al proceso de captaci\u00f3n de aprendices que ser\u00e1n incluidos en la Gran Misi\u00f3n Chamba Juvenil en \u00e1reas productivas<\/b><\/i><\/span><\/p>\n<p align=\"justify\"><!--more--><\/p>\n<p align=\"justify\"><span style=\"font-family: Arial,sans-serif;\"><b>JOS\u00c9 EUGENIO MENDOZA | Caracas<\/b><\/span><\/p>\n<p align=\"justify\"><span style=\"font-family: Arial,sans-serif;\">El Inces Caracas abre sus puertas del 5 al 15 de febrero del a\u00f1o en curso, en las instalaciones del edificio Pac\u00edfico, en San Mart\u00edn, a la juventud dispuesta a formarse en el Programa Nacional de Aprendizaje (PNA) dentro de los distintos \u00e1mbitos que ofrece la instituci\u00f3n. <\/span><\/p>\n<p align=\"justify\"><span style=\"font-family: Arial,sans-serif;\">En esta primera fase se estima ingresar un total de 1.500 nuevos aprendices que ser\u00e1n incorporados a la Gran Misi\u00f3n Chamba Juvenil.<\/span><\/p>\n<p align=\"justify\"><span style=\"font-family: Arial,sans-serif;\"><img loading=\"lazy\" decoding=\"async\" class=\"aligncenter wp-image-24289 size-full\" src=\"http:\/\/www.inces.gob.ve\/wp-content\/uploads\/2019\/02\/1captaci\u00f3n-masiva-de-aprendices.jpg\" alt=\"\" width=\"850\" height=\"572\" srcset=\"https:\/\/inces.gob.ve\/wp-content\/uploads\/2019\/02\/1captaci\u00f3n-masiva-de-aprendices.jpg 850w, https:\/\/inces.gob.ve\/wp-content\/uploads\/2019\/02\/1captaci\u00f3n-masiva-de-aprendices-300x202.jpg 300w, https:\/\/inces.gob.ve\/wp-content\/uploads\/2019\/02\/1captaci\u00f3n-masiva-de-aprendices-768x517.jpg 768w, https:\/\/inces.gob.ve\/wp-content\/uploads\/2019\/02\/1captaci\u00f3n-masiva-de-aprendices-622x420.jpg 622w\" sizes=\"auto, (max-width: 850px) 100vw, 850px\" \/><\/span><\/p>\n<p align=\"justify\"><span style=\"font-family: Arial,sans-serif;\">Ronald Linares, coordinador del PNA Caracas, inform\u00f3 que tanto los institutos de acci\u00f3n docente delegada, como los centros de formaci\u00f3n se est\u00e1n adecuando para la atenci\u00f3n integral a las y los j\u00f3venes que ingresar\u00e1n al programa. De igual modo, indic\u00f3 que dentro de la jornada se les dicta una charla de inducci\u00f3n cuyo prop\u00f3sito es adentrar a los aspirantes en torno a las normas, opciones formativas y alcance del PNA.<\/span><\/p>\n<p align=\"justify\"><span style=\"font-family: Arial,sans-serif;\"><img loading=\"lazy\" decoding=\"async\" class=\"aligncenter wp-image-24288 size-full\" src=\"http:\/\/www.inces.gob.ve\/wp-content\/uploads\/2019\/02\/2captaci\u00f3n-masiva-de-aprendices.jpg\" alt=\"\" width=\"850\" height=\"555\" srcset=\"https:\/\/inces.gob.ve\/wp-content\/uploads\/2019\/02\/2captaci\u00f3n-masiva-de-aprendices.jpg 850w, https:\/\/inces.gob.ve\/wp-content\/uploads\/2019\/02\/2captaci\u00f3n-masiva-de-aprendices-300x196.jpg 300w, https:\/\/inces.gob.ve\/wp-content\/uploads\/2019\/02\/2captaci\u00f3n-masiva-de-aprendices-768x501.jpg 768w\" sizes=\"auto, (max-width: 850px) 100vw, 850px\" \/><\/span><\/p>\n<p align=\"justify\"><span style=\"font-family: Arial,sans-serif;\">Cabe destacar que esta jornada se encuentra dirigida por el PNA, y cuenta con el acompa\u00f1amiento de Juventud Productiva, Atenci\u00f3n Intergral al Participante y Formaci\u00f3n Profesional del Inces Caracas. El proceso se extender\u00e1 hasta el pr\u00f3ximo 15 de febrero en el nivel Mezzanina del Edificio Pac\u00edfico en San Mart\u00edn, de 8:00 a.m. a 3:30 p.m.<\/span><\/p>\n<p align=\"justify\"><span style=\"font-family: Arial,sans-serif;\"><img loading=\"lazy\" decoding=\"async\" class=\"aligncenter wp-image-24286 size-full\" src=\"http:\/\/www.inces.gob.ve\/wp-content\/uploads\/2019\/02\/6captaci\u00f3n-masiva-de-aprendices.jpg\" alt=\"\" width=\"850\" height=\"562\" srcset=\"https:\/\/inces.gob.ve\/wp-content\/uploads\/2019\/02\/6captaci\u00f3n-masiva-de-aprendices.jpg 850w, https:\/\/inces.gob.ve\/wp-content\/uploads\/2019\/02\/6captaci\u00f3n-masiva-de-aprendices-300x198.jpg 300w, https:\/\/inces.gob.ve\/wp-content\/uploads\/2019\/02\/6captaci\u00f3n-masiva-de-aprendices-768x508.jpg 768w\" sizes=\"auto, (max-width: 850px) 100vw, 850px\" \/><\/span><\/p>\n","protected":false},"excerpt":{"rendered":"<p>** La regional del Inces Caracas dio inicio al proceso de captaci\u00f3n de aprendices que ser\u00e1n incluidos en la Gran Misi\u00f3n Chamba Juvenil en \u00e1reas productivas<\/p>\n","protected":false},"author":15,"featured_media":24285,"comment_status":"closed","ping_status":"closed","sticky":false,"template":"","format":"standard","meta":{"footnotes":""},"categories":[2],"tags":[],"class_list":["post-24284","post","type-post","status-publish","format-standard","has-post-thumbnail","hentry","category-blog"],"_links":{"self":[{"href":"https:\/\/inces.gob.ve\/index.php\/wp-json\/wp\/v2\/posts\/24284","targetHints":{"allow":["GET"]}}],"collection":[{"href":"https:\/\/inces.gob.ve\/index.php\/wp-json\/wp\/v2\/posts"}],"about":[{"href":"https:\/\/inces.gob.ve\/index.php\/wp-json\/wp\/v2\/types\/post"}],"author":[{"embeddable":true,"href":"https:\/\/inces.gob.ve\/index.php\/wp-json\/wp\/v2\/users\/15"}],"replies":[{"embeddable":true,"href":"https:\/\/inces.gob.ve\/index.php\/wp-json\/wp\/v2\/comments?post=24284"}],"version-history":[{"count":2,"href":"https:\/\/inces.gob.ve\/index.php\/wp-json\/wp\/v2\/posts\/24284\/revisions"}],"predecessor-version":[{"id":24291,"href":"https:\/\/inces.gob.ve\/index.php\/wp-json\/wp\/v2\/posts\/24284\/revisions\/24291"}],"wp:featuredmedia":[{"embeddable":true,"href":"https:\/\/inces.gob.ve\/index.php\/wp-json\/wp\/v2\/media\/24285"}],"wp:attachment":[{"href":"https:\/\/inces.gob.ve\/index.php\/wp-json\/wp\/v2\/media?parent=24284"}],"wp:term":[{"taxonomy":"category","embeddable":true,"href":"https:\/\/inces.gob.ve\/index.php\/wp-json\/wp\/v2\/categories?post=24284"},{"taxonomy":"post_tag","embeddable":true,"href":"https:\/\/inces.gob.ve\/index.php\/wp-json\/wp\/v2\/tags?post=24284"}],"curies":[{"name":"wp","href":"https:\/\/api.w.org\/{rel}","templated":true}]}}