{"id":24315,"date":"2019-02-06T07:57:04","date_gmt":"2019-02-06T13:57:04","guid":{"rendered":"http:\/\/www.inces.gob.ve\/?p=24315"},"modified":"2020-05-28T20:29:37","modified_gmt":"2020-05-29T00:29:37","slug":"cfs-altagracia-certifica-los-saberes-de-panaderos-y-reposteros-guariquenos","status":"publish","type":"post","link":"https:\/\/inces.gob.ve\/index.php\/2019\/02\/06\/cfs-altagracia-certifica-los-saberes-de-panaderos-y-reposteros-guariquenos\/","title":{"rendered":"CFS Altagracia certifica los saberes de panaderos y reposteros guarique\u00f1os"},"content":{"rendered":"<p class=\"western\" align=\"justify\"><span style=\"font-family: Arial,sans-serif;\"><b>**<i>Mujeres y hombres, panaderos de oficio, certificaron sus conocimientos previamente evaluados por maestros en la materia y ahora est\u00e1n acreditados por el Inces<\/i><\/b><\/span><\/p>\n<p class=\"western\" align=\"justify\"><!--more--><\/p>\n<p class=\"western\" align=\"justify\"><span style=\"font-family: Arial,sans-serif;\"><b>MARIA SANTIAGO | Gu\u00e1rico<\/b><\/span><\/p>\n<p class=\"western\" align=\"justify\"><span style=\"font-family: Arial,sans-serif;\">Participantes gracitanos fueron atendidos por el Inces a trav\u00e9s de un proceso de certificaci\u00f3n en las \u00e1reas de Panader\u00eda y Reposter\u00eda, cumpliendo de esta manera con el deber que tiene el Inces con los venezolanos en cuanto al impulso de los motores de formaci\u00f3n y producci\u00f3n nacional promovidos por el presidente de la institci\u00f3n educativa,Wuikelman Angel y la gerente regional, Mar\u00eda Arisela Medina.<\/span><\/p>\n<p class=\"western\" align=\"justify\"><span style=\"font-family: Arial,sans-serif;\">En este sentido, Yraima Torres, jefa del centro de formaci\u00f3n socialista (CFS), afirm\u00f3: \u201cEl Inces, como siempre, cumple con la responsabilidad de llevarle formaci\u00f3n a todos los rincones de Venezuela, en esta oportunidad el CFS Altagracia de Orituco contribuye con ese granito de arena, d\u00e1ndole la acreditaci\u00f3n necesaria a los panaderos y reposteros de oficio que hacen su trabajo para panificar a las comunidades y continuar con su labor, siendo la acreditaci\u00f3n del Inces la prueba de la calidad del conocimiento de la persona en el \u00e1rea que desempe\u00f1a\u201d, dijo la jefa de centro con respecto al aporte que la instituci\u00f3n brinda a las comunidades de todo el pa\u00eds.<\/span><\/p>\n<p class=\"western\" align=\"justify\"><span style=\"font-family: Arial,sans-serif;\"><img loading=\"lazy\" decoding=\"async\" class=\"aligncenter wp-image-24316 size-full\" src=\"http:\/\/www.inces.gob.ve\/wp-content\/uploads\/2019\/02\/4certifica-los-saberes-de-panaderos.jpg\" alt=\"\" width=\"850\" height=\"556\" srcset=\"https:\/\/inces.gob.ve\/wp-content\/uploads\/2019\/02\/4certifica-los-saberes-de-panaderos.jpg 850w, https:\/\/inces.gob.ve\/wp-content\/uploads\/2019\/02\/4certifica-los-saberes-de-panaderos-300x196.jpg 300w, https:\/\/inces.gob.ve\/wp-content\/uploads\/2019\/02\/4certifica-los-saberes-de-panaderos-768x502.jpg 768w\" sizes=\"auto, (max-width: 850px) 100vw, 850px\" \/><\/span><\/p>\n<p class=\"western\" align=\"justify\"><span style=\"font-family: Arial,sans-serif;\">Por otra parte, Eliomar Rivas, jefe de Formaci\u00f3n Profesional del Inces, en el estado Gu\u00e1rico, expres\u00f3: \u201cLa atenci\u00f3n a las comunidades en el \u00e1rea de panader\u00eda es siempre un punto con mucha fuerza dentro de nuestra maestra de cursos. Actualmente estamos buscando seguir brindado esta formaci\u00f3n pero sumando a esta el taller de harinas alternativas como una de las tantas opciones para aligerar la carga econ\u00f3mica de los participantes, as\u00ed como lo hacemos con los Bioinsumos en el caso de los agricultores\u201d, expreso Rivas refiri\u00e9ndose a los talleres que imparte el Inces.<\/span><\/p>\n<p class=\"western\" align=\"justify\"><img loading=\"lazy\" decoding=\"async\" class=\"aligncenter wp-image-24318 size-full\" src=\"http:\/\/www.inces.gob.ve\/wp-content\/uploads\/2019\/02\/1certifica-los-saberes-de-panaderos.jpg\" alt=\"\" width=\"850\" height=\"646\" srcset=\"https:\/\/inces.gob.ve\/wp-content\/uploads\/2019\/02\/1certifica-los-saberes-de-panaderos.jpg 850w, https:\/\/inces.gob.ve\/wp-content\/uploads\/2019\/02\/1certifica-los-saberes-de-panaderos-300x228.jpg 300w, https:\/\/inces.gob.ve\/wp-content\/uploads\/2019\/02\/1certifica-los-saberes-de-panaderos-768x584.jpg 768w, https:\/\/inces.gob.ve\/wp-content\/uploads\/2019\/02\/1certifica-los-saberes-de-panaderos-136x102.jpg 136w\" sizes=\"auto, (max-width: 850px) 100vw, 850px\" \/><\/p>\n<p class=\"western\" align=\"justify\"><span style=\"font-family: Arial,sans-serif;\">Las inscripciones para los cursos y talleres contin\u00faan abiertas en todos los CFS de la regi\u00f3n guarique\u00f1a y en todo el territorio nacional, siempre con las puertas abiertas para todas y todos los venezolanos y con una visi\u00f3n clara en la formaci\u00f3n para el trabajo inculcada por el maestro Luis Beltr\u00e1n Prieto Figueroa y respaldada por Nicol\u00e1s Maduro Moros; presidente de la Rep\u00fablica Bolivariana de Venezuela. <\/span><\/p>\n<p class=\"western\" align=\"justify\"><span style=\"font-family: Arial,sans-serif;\">LT.<\/span><\/p>\n","protected":false},"excerpt":{"rendered":"<p>**Mujeres y hombres, panaderos de oficio, certificaron sus conocimientos previamente evaluados por maestros en la materia y ahora est\u00e1n acreditados por el Inces<\/p>\n","protected":false},"author":15,"featured_media":24317,"comment_status":"closed","ping_status":"closed","sticky":false,"template":"","format":"standard","meta":{"footnotes":""},"categories":[2],"tags":[],"class_list":["post-24315","post","type-post","status-publish","format-standard","has-post-thumbnail","hentry","category-blog"],"_links":{"self":[{"href":"https:\/\/inces.gob.ve\/index.php\/wp-json\/wp\/v2\/posts\/24315","targetHints":{"allow":["GET"]}}],"collection":[{"href":"https:\/\/inces.gob.ve\/index.php\/wp-json\/wp\/v2\/posts"}],"about":[{"href":"https:\/\/inces.gob.ve\/index.php\/wp-json\/wp\/v2\/types\/post"}],"author":[{"embeddable":true,"href":"https:\/\/inces.gob.ve\/index.php\/wp-json\/wp\/v2\/users\/15"}],"replies":[{"embeddable":true,"href":"https:\/\/inces.gob.ve\/index.php\/wp-json\/wp\/v2\/comments?post=24315"}],"version-history":[{"count":2,"href":"https:\/\/inces.gob.ve\/index.php\/wp-json\/wp\/v2\/posts\/24315\/revisions"}],"predecessor-version":[{"id":24320,"href":"https:\/\/inces.gob.ve\/index.php\/wp-json\/wp\/v2\/posts\/24315\/revisions\/24320"}],"wp:featuredmedia":[{"embeddable":true,"href":"https:\/\/inces.gob.ve\/index.php\/wp-json\/wp\/v2\/media\/24317"}],"wp:attachment":[{"href":"https:\/\/inces.gob.ve\/index.php\/wp-json\/wp\/v2\/media?parent=24315"}],"wp:term":[{"taxonomy":"category","embeddable":true,"href":"https:\/\/inces.gob.ve\/index.php\/wp-json\/wp\/v2\/categories?post=24315"},{"taxonomy":"post_tag","embeddable":true,"href":"https:\/\/inces.gob.ve\/index.php\/wp-json\/wp\/v2\/tags?post=24315"}],"curies":[{"name":"wp","href":"https:\/\/api.w.org\/{rel}","templated":true}]}}