{"id":24340,"date":"2019-02-06T11:40:31","date_gmt":"2019-02-06T17:40:31","guid":{"rendered":"http:\/\/www.inces.gob.ve\/?p=24340"},"modified":"2020-05-28T20:29:37","modified_gmt":"2020-05-29T00:29:37","slug":"en-apure-listos-para-el-arranque-de-proyectos-productivos-en-todo-el-estado","status":"publish","type":"post","link":"https:\/\/inces.gob.ve\/index.php\/2019\/02\/06\/en-apure-listos-para-el-arranque-de-proyectos-productivos-en-todo-el-estado\/","title":{"rendered":"En Apure listos para el arranque de proyectos productivos en todo el estado"},"content":{"rendered":"<p class=\"western\" align=\"justify\"><span style=\"font-family: Arial,sans-serif;\"><span style=\"font-size: medium;\"><i><b>** Se aspira garantizar lo planteado en el Plan de la Patria <\/b><\/i><\/span><\/span><\/p>\n<p class=\"western\" align=\"justify\"><!--more--><\/p>\n<p class=\"western\" align=\"justify\"><span style=\"font-family: Arial,sans-serif;\"><span style=\"font-size: medium;\"><b>CIMAN RAMOS | Apure<\/b><\/span><\/span><\/p>\n<p class=\"western\" align=\"justify\">\n<p class=\"western\" align=\"justify\"><span style=\"font-family: Arial,sans-serif;\"><span style=\"font-size: medium;\">En la sede del Inces Apure, el gerente regional, Daviel Rodr\u00edguez, sostuvo una reuni\u00f3n con el equipo de trabajo de Formaci\u00f3n Profesional y maestros t\u00e9cnicos productivos (MTP) para dar inicio, en todo el estado, a los proyectos productivos. <\/span><\/span><\/p>\n<p class=\"western\" align=\"justify\">\n<p class=\"western\" align=\"justify\"><span style=\"font-family: Arial,sans-serif;\"><span style=\"font-size: medium;\">La informaci\u00f3n fue suministrada por Rodr\u00edguez, quien expres\u00f3; \u201cHoy nos encontramos aqu\u00ed en la sede regional siguiendo los lineamientos y tomando como base las l\u00edneas planteadas por el presidente de la Rep\u00fablica Bolivariana de Venezuela, Nicol\u00e1s Maduro y por el camarada presidente del Inces, Wuilkelman Angel, ante la actual coyuntura pol\u00edtica que vive el pa\u00eds y con el fin de garantizar el cabal cumplimiento del plan de la patria 2019-2025. <\/span><\/span><\/p>\n<p class=\"western\" align=\"justify\">\n<span style=\"font-family: Arial,sans-serif;\"><span style=\"font-size: medium;\">Rodr\u00edguez puntualiz\u00f3 que esta jornada de trabajo con el equipo de Formaci\u00f3n Profesional busca garantizar el arranque, en todo el estado, de los proyectos productivos ya dise\u00f1ados por los maestros t\u00e9cnicos productivos, \u201cdebo destacar que son planes adecuados a la realidad de la regi\u00f3n llanera y ser\u00e1n implementados en los centros de formaci\u00f3n socialista (CFS) para impulsar la producci\u00f3n y generaci\u00f3n de ingresos propios. En tal sentido, la poblaci\u00f3n beneficiada ser\u00e1 la del punto y c\u00edrculo de los CFS\u201d. <\/span><\/span><\/p>\n<p class=\"western\" align=\"justify\">\n<p class=\"western\" align=\"justify\"><span style=\"font-family: Arial,sans-serif;\"><span style=\"font-size: medium;\">Rodr\u00edguez finaliz\u00f3 destacando cada uno de los proyectos que ser\u00e1n ejecutados en la regi\u00f3n y que tienen que ver con la construcci\u00f3n de ata\u00fades, confecci\u00f3n de uniformes escolares, servicio y mantenimiento en herrer\u00eda, electricidad, refrigeraci\u00f3n, cultivo de aj\u00edes, elaboraci\u00f3n de panes artesanales y procesamiento de productos derivados de la ca\u00f1a de az\u00facar.<\/span><\/span><\/p>\n<p class=\"western\" align=\"justify\">\n<p class=\"western\" align=\"justify\">\u201c<span style=\"font-family: Arial,sans-serif;\"><span style=\"font-size: medium;\">Es un gran reto que tenemos para este a\u00f1o, pero tenemos la fe de que vamos a cumplir. El compromiso es de todo el equipo de trabajo y estaremos atentos a que no se escape ni un detalle en toda la ejecuci\u00f3n y la distribuci\u00f3n de los proyectos\u201d, finaliz\u00f3 Rodr\u00edguez.<\/span><\/span><\/p>\n<p class=\"western\" align=\"justify\">Lt.<\/p>\n","protected":false},"excerpt":{"rendered":"<p>** Se aspira garantizar lo planteado en el Plan de la Patria<\/p>\n","protected":false},"author":15,"featured_media":24341,"comment_status":"closed","ping_status":"closed","sticky":false,"template":"","format":"standard","meta":{"footnotes":""},"categories":[2],"tags":[],"class_list":["post-24340","post","type-post","status-publish","format-standard","has-post-thumbnail","hentry","category-blog"],"_links":{"self":[{"href":"https:\/\/inces.gob.ve\/index.php\/wp-json\/wp\/v2\/posts\/24340","targetHints":{"allow":["GET"]}}],"collection":[{"href":"https:\/\/inces.gob.ve\/index.php\/wp-json\/wp\/v2\/posts"}],"about":[{"href":"https:\/\/inces.gob.ve\/index.php\/wp-json\/wp\/v2\/types\/post"}],"author":[{"embeddable":true,"href":"https:\/\/inces.gob.ve\/index.php\/wp-json\/wp\/v2\/users\/15"}],"replies":[{"embeddable":true,"href":"https:\/\/inces.gob.ve\/index.php\/wp-json\/wp\/v2\/comments?post=24340"}],"version-history":[{"count":2,"href":"https:\/\/inces.gob.ve\/index.php\/wp-json\/wp\/v2\/posts\/24340\/revisions"}],"predecessor-version":[{"id":32145,"href":"https:\/\/inces.gob.ve\/index.php\/wp-json\/wp\/v2\/posts\/24340\/revisions\/32145"}],"wp:featuredmedia":[{"embeddable":true,"href":"https:\/\/inces.gob.ve\/index.php\/wp-json\/wp\/v2\/media\/24341"}],"wp:attachment":[{"href":"https:\/\/inces.gob.ve\/index.php\/wp-json\/wp\/v2\/media?parent=24340"}],"wp:term":[{"taxonomy":"category","embeddable":true,"href":"https:\/\/inces.gob.ve\/index.php\/wp-json\/wp\/v2\/categories?post=24340"},{"taxonomy":"post_tag","embeddable":true,"href":"https:\/\/inces.gob.ve\/index.php\/wp-json\/wp\/v2\/tags?post=24340"}],"curies":[{"name":"wp","href":"https:\/\/api.w.org\/{rel}","templated":true}]}}