{"id":24444,"date":"2019-02-08T14:03:45","date_gmt":"2019-02-08T20:03:45","guid":{"rendered":"http:\/\/www.inces.gob.ve\/?p=24444"},"modified":"2020-05-28T20:29:36","modified_gmt":"2020-05-29T00:29:36","slug":"inces-trujillo-en-desfile-aniversario-del-4-de-febrero","status":"publish","type":"post","link":"https:\/\/inces.gob.ve\/index.php\/2019\/02\/08\/inces-trujillo-en-desfile-aniversario-del-4-de-febrero\/","title":{"rendered":"Inces Trujillo en  desfile aniversario del 4 de febrero"},"content":{"rendered":"<p style=\"text-align: justify;\" align=\"justify\"><span style=\"font-family: arial,helvetica,sans-serif;\">**<strong><i> <\/i><i>Tal <\/i><i>y <\/i><i>como est<\/i><i>aba<\/i><i> previsto, el <\/i><i>Inces <\/i><i>de Trujillo particip<\/i><i>\u00f3<\/i><i> en el desfile conmemorativo <\/i><i>del<\/i><i> 27 aniversario del 4 de Febrero de 1992 y <\/i><i>D<\/i><i>\u00eda de la <\/i><i>Dignidad N<\/i><i>acional, rumbo a los doscientos a\u00f1os del Congreso de Angostura. <\/i><i>L<\/i><i>a <\/i><i>gobernaci\u00f3n del estado Trujillo realiz\u00f3 un desfile c\u00edvico &#8211; militar en la <\/i><i>A<\/i><i>venida Bolivariana de la ciudad de Valera.<\/i><\/strong><!--more--><\/span><\/p>\n<p style=\"text-align: justify;\" align=\"justify\"><span style=\"font-family: arial,helvetica,sans-serif;\"><b><strong>MAR\u00cdA CABRERA <\/strong><strong>|<\/strong><strong> Trujillo<\/strong><\/b><\/span><\/p>\n<p style=\"text-align: justify;\" align=\"justify\"><span style=\"font-family: arial,helvetica,sans-serif;\"><strong>La actividad que estaba pautada para las nueve de la ma\u00f1ana, comenz\u00f3 a las 12 del medio d\u00eda con la llegada del <\/strong><strong>g<\/strong><strong>obernador Henry Rangel Silva, quien <\/strong><strong>arrib\u00f3 <\/strong><strong>en medio de <\/strong><strong>mucha <\/strong><strong>expectativa, acompa\u00f1ado del <\/strong><strong>m<\/strong><strong>ayor <\/strong><strong>g<\/strong><strong>eneral, Jes\u00fas Rafael Su\u00e1rez Chourio, <\/strong><strong>c<\/strong><strong>omandante <\/strong><strong>g<\/strong><strong>eneral del Ejercito Bolivariano. <\/strong><strong>El mandatario estadal <\/strong><strong>dirigi\u00f3 palabras a todos los presentes, agradeciendo por \u201cmantener vivo el recuerdo patriota\u201d. <\/strong><\/span><\/p>\n<p style=\"text-align: justify;\" align=\"justify\"><span style=\"font-family: arial,helvetica,sans-serif;\"><img loading=\"lazy\" decoding=\"async\" class=\"aligncenter wp-image-24447 size-full\" src=\"http:\/\/www.inces.gob.ve\/wp-content\/uploads\/2019\/02\/1aniversario-del-4-de-febrero.jpg\" alt=\"\" width=\"850\" height=\"638\" srcset=\"https:\/\/inces.gob.ve\/wp-content\/uploads\/2019\/02\/1aniversario-del-4-de-febrero.jpg 850w, https:\/\/inces.gob.ve\/wp-content\/uploads\/2019\/02\/1aniversario-del-4-de-febrero-300x225.jpg 300w, https:\/\/inces.gob.ve\/wp-content\/uploads\/2019\/02\/1aniversario-del-4-de-febrero-768x576.jpg 768w, https:\/\/inces.gob.ve\/wp-content\/uploads\/2019\/02\/1aniversario-del-4-de-febrero-136x102.jpg 136w\" sizes=\"auto, (max-width: 850px) 100vw, 850px\" \/><\/span><\/p>\n<p style=\"text-align: justify;\" align=\"justify\"><span style=\"font-family: arial,helvetica,sans-serif;\"><strong>La delegaci\u00f3n del Inces Trujillo estuvo encabezada por Ang\u00e9lica Mor\u00f3n, <\/strong><strong>g<\/strong><strong>erente <\/strong><strong>r<\/strong><strong>egional, acompa\u00f1ad<\/strong><strong>a <\/strong><strong>de los estudiantes del <\/strong><strong><b>Programa Nacional de Aprendizaje, <\/b><\/strong><strong>de la <\/strong><strong><b>Unidad de Educaci\u00f3n B\u00e1sica <\/b><\/strong><strong>y algunos de los miembros de<\/strong><strong>l<\/strong><strong> equipo de gesti\u00f3n.<\/strong><\/span><\/p>\n<p style=\"text-align: justify;\" align=\"justify\"><span style=\"font-family: arial,helvetica,sans-serif;\"><img loading=\"lazy\" decoding=\"async\" class=\"aligncenter wp-image-24446 size-full\" src=\"http:\/\/www.inces.gob.ve\/wp-content\/uploads\/2019\/02\/2aniversario-del-4-de-febrero.jpg\" alt=\"\" width=\"850\" height=\"638\" srcset=\"https:\/\/inces.gob.ve\/wp-content\/uploads\/2019\/02\/2aniversario-del-4-de-febrero.jpg 850w, https:\/\/inces.gob.ve\/wp-content\/uploads\/2019\/02\/2aniversario-del-4-de-febrero-300x225.jpg 300w, https:\/\/inces.gob.ve\/wp-content\/uploads\/2019\/02\/2aniversario-del-4-de-febrero-768x576.jpg 768w, https:\/\/inces.gob.ve\/wp-content\/uploads\/2019\/02\/2aniversario-del-4-de-febrero-136x102.jpg 136w\" sizes=\"auto, (max-width: 850px) 100vw, 850px\" \/><\/span><\/p>\n<p style=\"text-align: justify;\" align=\"justify\"><span style=\"font-family: arial,helvetica,sans-serif;\">lt.<\/span><\/p>\n","protected":false},"excerpt":{"rendered":"<p>** Tal y como estaba previsto, el Inces de Trujillo particip\u00f3 en el desfile conmemorativo del 27 aniversario del 4 de Febrero de 1992 y D\u00eda de la Dignidad Nacional, rumbo a los doscientos a\u00f1os del Congreso de Angostura. La gobernaci\u00f3n del estado Trujillo realiz\u00f3 un desfile c\u00edvico &#8211; militar en la Avenida Bolivariana de [&hellip;]<\/p>\n","protected":false},"author":15,"featured_media":24445,"comment_status":"closed","ping_status":"closed","sticky":false,"template":"","format":"standard","meta":{"footnotes":""},"categories":[2],"tags":[],"class_list":["post-24444","post","type-post","status-publish","format-standard","has-post-thumbnail","hentry","category-blog"],"_links":{"self":[{"href":"https:\/\/inces.gob.ve\/index.php\/wp-json\/wp\/v2\/posts\/24444","targetHints":{"allow":["GET"]}}],"collection":[{"href":"https:\/\/inces.gob.ve\/index.php\/wp-json\/wp\/v2\/posts"}],"about":[{"href":"https:\/\/inces.gob.ve\/index.php\/wp-json\/wp\/v2\/types\/post"}],"author":[{"embeddable":true,"href":"https:\/\/inces.gob.ve\/index.php\/wp-json\/wp\/v2\/users\/15"}],"replies":[{"embeddable":true,"href":"https:\/\/inces.gob.ve\/index.php\/wp-json\/wp\/v2\/comments?post=24444"}],"version-history":[{"count":2,"href":"https:\/\/inces.gob.ve\/index.php\/wp-json\/wp\/v2\/posts\/24444\/revisions"}],"predecessor-version":[{"id":24449,"href":"https:\/\/inces.gob.ve\/index.php\/wp-json\/wp\/v2\/posts\/24444\/revisions\/24449"}],"wp:featuredmedia":[{"embeddable":true,"href":"https:\/\/inces.gob.ve\/index.php\/wp-json\/wp\/v2\/media\/24445"}],"wp:attachment":[{"href":"https:\/\/inces.gob.ve\/index.php\/wp-json\/wp\/v2\/media?parent=24444"}],"wp:term":[{"taxonomy":"category","embeddable":true,"href":"https:\/\/inces.gob.ve\/index.php\/wp-json\/wp\/v2\/categories?post=24444"},{"taxonomy":"post_tag","embeddable":true,"href":"https:\/\/inces.gob.ve\/index.php\/wp-json\/wp\/v2\/tags?post=24444"}],"curies":[{"name":"wp","href":"https:\/\/api.w.org\/{rel}","templated":true}]}}