{"id":24474,"date":"2019-02-11T12:36:31","date_gmt":"2019-02-11T18:36:31","guid":{"rendered":"http:\/\/www.inces.gob.ve\/?p=24474"},"modified":"2020-05-28T20:29:36","modified_gmt":"2020-05-29T00:29:36","slug":"inces-reviso-plan-trimestral-con-equipo-de-trabajo","status":"publish","type":"post","link":"https:\/\/inces.gob.ve\/index.php\/2019\/02\/11\/inces-reviso-plan-trimestral-con-equipo-de-trabajo\/","title":{"rendered":"Inces revis\u00f3 plan trimestral con equipo de trabajo"},"content":{"rendered":"<p style=\"text-align: justify;\" align=\"justify\"><span style=\"font-family: arial,helvetica,sans-serif;\"><i><b>** Primera etapa<\/b><\/i><\/span><\/p>\n<p style=\"text-align: justify;\" align=\"justify\"><span style=\"font-family: arial,helvetica,sans-serif;\"><!--more--><\/span><\/p>\n<p style=\"text-align: justify;\" align=\"justify\"><span style=\"font-family: arial,helvetica,sans-serif;\"><b>MAR\u00cdA CABRERA | Trujillo<\/b><\/span><\/p>\n<p style=\"text-align: justify;\" align=\"justify\"><span style=\"font-family: arial,helvetica,sans-serif;\">Como parte de las pol\u00edticas de revisi\u00f3n y arranque durante este primer trimestre del a\u00f1o 2019, la Gerencia Regional de Inces Trujillo efectu\u00f3 una reuni\u00f3n con los jefes de Centro, coordinadores de Programas y jefes de Divisi\u00f3n para conocer c\u00f3mo marcha el plan de trabajo del primer trimestre.<\/span><\/p>\n<p style=\"text-align: justify;\" align=\"justify\"><span style=\"font-family: arial,helvetica,sans-serif;\">Ang\u00e9lica Mor\u00f3n, como cabeza y responsable del trabajo que el Inces Trujillo realiza en la entidad, escuch\u00f3 detenidamente a cada uno de los coordinadores de Programas y centros de formaci\u00f3n socialista, quienes acudieron a la cita para dar a conocer a detalle el estatus de la puesta en marcha y ejecuci\u00f3n del plan trimestral 2019.<\/span><\/p>\n<p style=\"text-align: justify;\" align=\"justify\"><span style=\"font-family: arial,helvetica,sans-serif;\">Textil, Turismo, Industria, Agr\u00edcola, Nuevo Modelo de Gesti\u00f3n, Certificaci\u00f3n y Recursos Humanos fueron solo partes de los asistentes a la concurrida actividad. Una vez all\u00ed, se tocaron otros punto de inter\u00e9s, pero que requieren ser del conocimiento p\u00fablico.<\/span><\/p>\n<p style=\"text-align: justify;\" align=\"justify\"><span style=\"font-family: arial,helvetica,sans-serif;\"><img loading=\"lazy\" decoding=\"async\" class=\"aligncenter wp-image-24478 size-full\" src=\"http:\/\/www.inces.gob.ve\/wp-content\/uploads\/2019\/02\/1-plan-trimestralDSCI0828.jpg\" alt=\"\" width=\"850\" height=\"638\" srcset=\"https:\/\/inces.gob.ve\/wp-content\/uploads\/2019\/02\/1-plan-trimestralDSCI0828.jpg 850w, https:\/\/inces.gob.ve\/wp-content\/uploads\/2019\/02\/1-plan-trimestralDSCI0828-300x225.jpg 300w, https:\/\/inces.gob.ve\/wp-content\/uploads\/2019\/02\/1-plan-trimestralDSCI0828-768x576.jpg 768w, https:\/\/inces.gob.ve\/wp-content\/uploads\/2019\/02\/1-plan-trimestralDSCI0828-136x102.jpg 136w\" sizes=\"auto, (max-width: 850px) 100vw, 850px\" \/><\/span><\/p>\n<p style=\"text-align: justify;\" align=\"justify\"><span style=\"font-family: arial,helvetica,sans-serif;\">Cada uno de los presentes expuso sus metas logradas e inform\u00f3 sobre la marcha de los cursos por programa, lo cual registra un total de 266 formaciones para un total de 3.617 participantes en cinco \u00e1mbitos en lo que va de a\u00f1o.<\/span><\/p>\n","protected":false},"excerpt":{"rendered":"<p>** Primera etapa<\/p>\n","protected":false},"author":15,"featured_media":24477,"comment_status":"closed","ping_status":"closed","sticky":false,"template":"","format":"standard","meta":{"footnotes":""},"categories":[2],"tags":[],"class_list":["post-24474","post","type-post","status-publish","format-standard","has-post-thumbnail","hentry","category-blog"],"_links":{"self":[{"href":"https:\/\/inces.gob.ve\/index.php\/wp-json\/wp\/v2\/posts\/24474","targetHints":{"allow":["GET"]}}],"collection":[{"href":"https:\/\/inces.gob.ve\/index.php\/wp-json\/wp\/v2\/posts"}],"about":[{"href":"https:\/\/inces.gob.ve\/index.php\/wp-json\/wp\/v2\/types\/post"}],"author":[{"embeddable":true,"href":"https:\/\/inces.gob.ve\/index.php\/wp-json\/wp\/v2\/users\/15"}],"replies":[{"embeddable":true,"href":"https:\/\/inces.gob.ve\/index.php\/wp-json\/wp\/v2\/comments?post=24474"}],"version-history":[{"count":3,"href":"https:\/\/inces.gob.ve\/index.php\/wp-json\/wp\/v2\/posts\/24474\/revisions"}],"predecessor-version":[{"id":24481,"href":"https:\/\/inces.gob.ve\/index.php\/wp-json\/wp\/v2\/posts\/24474\/revisions\/24481"}],"wp:featuredmedia":[{"embeddable":true,"href":"https:\/\/inces.gob.ve\/index.php\/wp-json\/wp\/v2\/media\/24477"}],"wp:attachment":[{"href":"https:\/\/inces.gob.ve\/index.php\/wp-json\/wp\/v2\/media?parent=24474"}],"wp:term":[{"taxonomy":"category","embeddable":true,"href":"https:\/\/inces.gob.ve\/index.php\/wp-json\/wp\/v2\/categories?post=24474"},{"taxonomy":"post_tag","embeddable":true,"href":"https:\/\/inces.gob.ve\/index.php\/wp-json\/wp\/v2\/tags?post=24474"}],"curies":[{"name":"wp","href":"https:\/\/api.w.org\/{rel}","templated":true}]}}