{"id":24521,"date":"2019-02-12T12:14:25","date_gmt":"2019-02-12T18:14:25","guid":{"rendered":"http:\/\/www.inces.gob.ve\/?p=24521"},"modified":"2020-05-28T20:29:36","modified_gmt":"2020-05-29T00:29:36","slug":"inces-tachira-apoya-la-paz-y-la-soberania-nacional","status":"publish","type":"post","link":"https:\/\/inces.gob.ve\/index.php\/2019\/02\/12\/inces-tachira-apoya-la-paz-y-la-soberania-nacional\/","title":{"rendered":"Inces T\u00e1chira apoya la paz y la soberan\u00eda nacional"},"content":{"rendered":"<p class=\"western\" align=\"justify\"><span style=\"font-family: Arial,sans-serif;\"><i><b>** 200 a\u00f1os luchando por nuestro futuro <\/b><\/i><\/span><\/p>\n<p class=\"western\" align=\"justify\"><!--more-->\n<\/p>\n<p class=\"western\" align=\"justify\"><span style=\"font-family: Arial,sans-serif;\"><b>INCES | T\u00e1chira<\/b><\/span><\/p>\n<p class=\"western\" align=\"justify\"><span style=\"font-family: Arial,sans-serif;\">Geovanni Gonz\u00e1lez, gerente regional del Inces T\u00e1chira y el equipo de trabajo de la instituci\u00f3n formativa acompa\u00f1aron al protector del estado andino, Freddy Bernal y a toda la directiva del Partido Socialista Unido de Venezuela a la movilizaci\u00f3n por la defensa de la soberan\u00eda en el municipio Pedro Mar\u00eda Ure\u00f1a, del estado T\u00e1chira.<\/span><\/p>\n<p class=\"western\" align=\"justify\">\n<p class=\"western\" align=\"justify\"><span style=\"font-family: Arial,sans-serif;\">Desde la cruz de la Misi\u00f3n de Ure\u00f1a se dio inicio a la movilizaci\u00f3n por la defensa y soberan\u00eda del territorio nacional, hasta la plaza Sim\u00f3n Bol\u00edvar. La actividad cont\u00f3 con la participaci\u00f3n del vicepresidente social y ministro del Poder Popular para la Educaci\u00f3n, Arist\u00f3bulo Ist\u00fariz; el presidente de la Asamblea Nacional Constituyente, Diosdado Cabello; el protector del estado T\u00e1chira, Freddy Bernal y otros funcionarios de la c\u00fapula nacional.<\/span><\/p>\n<p class=\"western\" align=\"justify\"><span style=\"font-family: Arial,sans-serif;\"><img loading=\"lazy\" decoding=\"async\" class=\"aligncenter wp-image-24524 size-full\" src=\"http:\/\/www.inces.gob.ve\/wp-content\/uploads\/2019\/02\/4-paz-y-la-soberan\u00eda-nacional-.jpeg\" alt=\"\" width=\"850\" height=\"638\" srcset=\"https:\/\/inces.gob.ve\/wp-content\/uploads\/2019\/02\/4-paz-y-la-soberan\u00eda-nacional-.jpeg 850w, https:\/\/inces.gob.ve\/wp-content\/uploads\/2019\/02\/4-paz-y-la-soberan\u00eda-nacional--300x225.jpeg 300w, https:\/\/inces.gob.ve\/wp-content\/uploads\/2019\/02\/4-paz-y-la-soberan\u00eda-nacional--768x576.jpeg 768w, https:\/\/inces.gob.ve\/wp-content\/uploads\/2019\/02\/4-paz-y-la-soberan\u00eda-nacional--136x102.jpeg 136w\" sizes=\"auto, (max-width: 850px) 100vw, 850px\" \/><\/span><\/p>\n<p class=\"western\" align=\"justify\">\n<p class=\"western\" align=\"justify\"><span style=\"font-family: Arial,sans-serif;\">Por su parte, el gerente regional del Inces expres\u00f3 su satisfacci\u00f3n por la gran movilizaci\u00f3n del pueblo tachirense en apoyo al llamado que realiz\u00f3 el gobierno nacional en pro de defender la soberan\u00eda, la paz y el suelo venezolano. \u201cCon nuestro compromiso revolucionario y como patriota, defenderemos nuestra soberan\u00eda junto a nuestro protector Freddy Bernal, porque m\u00e1s que nunca estamos unidos por la paz de Venezuela\u201d<\/span><\/p>\n<p align=\"justify\">\n<p class=\"western\" align=\"justify\"><img loading=\"lazy\" decoding=\"async\" class=\"aligncenter wp-image-24526 size-full\" src=\"http:\/\/www.inces.gob.ve\/wp-content\/uploads\/2019\/02\/1-paz-y-la-soberan\u00eda-nacional-.jpeg\" alt=\"\" width=\"850\" height=\"638\" srcset=\"https:\/\/inces.gob.ve\/wp-content\/uploads\/2019\/02\/1-paz-y-la-soberan\u00eda-nacional-.jpeg 850w, https:\/\/inces.gob.ve\/wp-content\/uploads\/2019\/02\/1-paz-y-la-soberan\u00eda-nacional--300x225.jpeg 300w, https:\/\/inces.gob.ve\/wp-content\/uploads\/2019\/02\/1-paz-y-la-soberan\u00eda-nacional--768x576.jpeg 768w, https:\/\/inces.gob.ve\/wp-content\/uploads\/2019\/02\/1-paz-y-la-soberan\u00eda-nacional--136x102.jpeg 136w\" sizes=\"auto, (max-width: 850px) 100vw, 850px\" \/>\n<\/p>\n<p class=\"western\" align=\"justify\"><span style=\"font-family: Arial,sans-serif;\">Asimismo, Gonz\u00e1lez recalc\u00f3 que desde el Inces T\u00e1chira \u201cestamos comprometidos con apoyar cualquier llamado que haga el Gobierno Nacional exigiendo respeto hacia Venezuela y diciendo basta a la guerra medi\u00e1tica internacional. Aqu\u00ed hay pueblo para defender el honor, la dignidad y el decoro de una patria que tiene m\u00e1s de 200 a\u00f1os luchando por su futuro, aqu\u00ed elegimos por mayor\u00eda de votos a un presidente y se llama Nicol\u00e1s Maduro\u201d.<\/span><\/p>\n<p class=\"western\" align=\"justify\"><img loading=\"lazy\" decoding=\"async\" class=\"aligncenter wp-image-24523 size-full\" src=\"http:\/\/www.inces.gob.ve\/wp-content\/uploads\/2019\/02\/6-paz-y-la-soberan\u00eda-nacional-.jpeg\" alt=\"\" width=\"850\" height=\"638\" srcset=\"https:\/\/inces.gob.ve\/wp-content\/uploads\/2019\/02\/6-paz-y-la-soberan\u00eda-nacional-.jpeg 850w, https:\/\/inces.gob.ve\/wp-content\/uploads\/2019\/02\/6-paz-y-la-soberan\u00eda-nacional--300x225.jpeg 300w, https:\/\/inces.gob.ve\/wp-content\/uploads\/2019\/02\/6-paz-y-la-soberan\u00eda-nacional--768x576.jpeg 768w, https:\/\/inces.gob.ve\/wp-content\/uploads\/2019\/02\/6-paz-y-la-soberan\u00eda-nacional--136x102.jpeg 136w\" sizes=\"auto, (max-width: 850px) 100vw, 850px\" \/>\n<\/p>\n<p class=\"western\" align=\"justify\"><span style=\"font-family: Arial,sans-serif;\">Para finalizar, Gonz\u00e1lez hizo un llamado al pueblo tachirense a seguir sum\u00e1ndose a la lucha revolucionaria \u201cya que todos juntos, con compromiso patrio, hoy m\u00e1s que nunca defenderemos nuestra patria soberana. \u00a1Viva la Paz y Viva Venezuela\u201d<\/span><\/p>\n<p align=\"justify\"><img loading=\"lazy\" decoding=\"async\" class=\"aligncenter wp-image-24522 size-full\" src=\"http:\/\/www.inces.gob.ve\/wp-content\/uploads\/2019\/02\/7-paz-y-la-soberan\u00eda-nacional-.jpeg\" alt=\"\" width=\"850\" height=\"638\" srcset=\"https:\/\/inces.gob.ve\/wp-content\/uploads\/2019\/02\/7-paz-y-la-soberan\u00eda-nacional-.jpeg 850w, https:\/\/inces.gob.ve\/wp-content\/uploads\/2019\/02\/7-paz-y-la-soberan\u00eda-nacional--300x225.jpeg 300w, https:\/\/inces.gob.ve\/wp-content\/uploads\/2019\/02\/7-paz-y-la-soberan\u00eda-nacional--768x576.jpeg 768w, https:\/\/inces.gob.ve\/wp-content\/uploads\/2019\/02\/7-paz-y-la-soberan\u00eda-nacional--136x102.jpeg 136w\" sizes=\"auto, (max-width: 850px) 100vw, 850px\" \/><\/p>\n<p align=\"justify\">LT.<\/p>\n<p class=\"western\" align=\"justify\">\n<p class=\"western\" align=\"justify\">\n","protected":false},"excerpt":{"rendered":"<p>** 200 a\u00f1os luchando por nuestro futuro<\/p>\n","protected":false},"author":15,"featured_media":24525,"comment_status":"closed","ping_status":"closed","sticky":false,"template":"","format":"standard","meta":{"footnotes":""},"categories":[2],"tags":[],"class_list":["post-24521","post","type-post","status-publish","format-standard","has-post-thumbnail","hentry","category-blog"],"_links":{"self":[{"href":"https:\/\/inces.gob.ve\/index.php\/wp-json\/wp\/v2\/posts\/24521","targetHints":{"allow":["GET"]}}],"collection":[{"href":"https:\/\/inces.gob.ve\/index.php\/wp-json\/wp\/v2\/posts"}],"about":[{"href":"https:\/\/inces.gob.ve\/index.php\/wp-json\/wp\/v2\/types\/post"}],"author":[{"embeddable":true,"href":"https:\/\/inces.gob.ve\/index.php\/wp-json\/wp\/v2\/users\/15"}],"replies":[{"embeddable":true,"href":"https:\/\/inces.gob.ve\/index.php\/wp-json\/wp\/v2\/comments?post=24521"}],"version-history":[{"count":1,"href":"https:\/\/inces.gob.ve\/index.php\/wp-json\/wp\/v2\/posts\/24521\/revisions"}],"predecessor-version":[{"id":24527,"href":"https:\/\/inces.gob.ve\/index.php\/wp-json\/wp\/v2\/posts\/24521\/revisions\/24527"}],"wp:featuredmedia":[{"embeddable":true,"href":"https:\/\/inces.gob.ve\/index.php\/wp-json\/wp\/v2\/media\/24525"}],"wp:attachment":[{"href":"https:\/\/inces.gob.ve\/index.php\/wp-json\/wp\/v2\/media?parent=24521"}],"wp:term":[{"taxonomy":"category","embeddable":true,"href":"https:\/\/inces.gob.ve\/index.php\/wp-json\/wp\/v2\/categories?post=24521"},{"taxonomy":"post_tag","embeddable":true,"href":"https:\/\/inces.gob.ve\/index.php\/wp-json\/wp\/v2\/tags?post=24521"}],"curies":[{"name":"wp","href":"https:\/\/api.w.org\/{rel}","templated":true}]}}