{"id":24544,"date":"2019-02-13T07:30:32","date_gmt":"2019-02-13T13:30:32","guid":{"rendered":"http:\/\/www.inces.gob.ve\/?p=24544"},"modified":"2020-05-28T20:29:36","modified_gmt":"2020-05-29T00:29:36","slug":"pueblo-organizado-se-forma-para-emprender-con-saberes-productivos","status":"publish","type":"post","link":"https:\/\/inces.gob.ve\/index.php\/2019\/02\/13\/pueblo-organizado-se-forma-para-emprender-con-saberes-productivos\/","title":{"rendered":"Pueblo organizado se forma para emprender con saberes productivos"},"content":{"rendered":"<p class=\"western\" align=\"justify\"><span style=\"font-family: Arial,sans-serif;\"><span style=\"font-size: medium;\"><i><b>** Adultos mayores est\u00e1n inmersos en los procesos formativos Inces para un aprendizaje integral que les permita su inserci\u00f3n al nuevo modelo econ\u00f3mico productivo que impulsa la Revoluci\u00f3n<\/b><\/i><\/span><\/span><\/p>\n<p class=\"western\" align=\"justify\"><!--more--><\/p>\n<p class=\"western\" align=\"justify\"><span style=\"font-family: Arial,sans-serif;\"><span style=\"font-size: medium;\"><b>DAYANA ALBARR\u00c1N | Aragua <\/b><\/span><\/span><\/p>\n<p class=\"western\" align=\"justify\"><span style=\"font-family: Arial,sans-serif;\"><span style=\"font-size: medium;\">A trav\u00e9s del centro de formaci\u00f3n socialista (CFS) Cagua, ubicado en el municipio Sucre del estado Aragua, se forma al pueblo en saberes para el emprendimiento comunal. Esto con el fin de incentivar en ellos la producci\u00f3n de bienes y servicios que sean ofrecidos a las comunidades a precios accesibles, satisfaciendo las necesidades de las mismas y contrarrestando la guerra econ\u00f3mica de la cual han sido v\u00edctimas.<\/span><\/span><\/p>\n<p class=\"western\" align=\"justify\"><span style=\"font-family: Arial,sans-serif;\"><span style=\"font-size: medium;\">En alianza con la Escuela T\u00e9cnica Industrial (ETI) de La Victoria, municipio Ribas, 24 sujetos en formaci\u00f3n reciben de manos del maestro t\u00e9cnico productivo (MTP) Nels\u00f3n Moreno las t\u00e9cnicas b\u00e1sicas para la Reparaci\u00f3n y Mantenimiento de PC\u00b4S. Curso que con m\u00e1s de 156 horas de desarrollo, que ha permitido a las y los participantes contribuir con la adecuaci\u00f3n de los equipos inform\u00e1ticos de la ETI, trayendo con esto no solo beneficio para ellos como aprendices del curso, si no tambi\u00e9n para toda la comunidad estudiantil y habitantes de la zona. En este participan trabajadores de la ETI La Victoria y habitantes del Consejo Comunal 5 de Julio, Poligonal 3 de La Victoria.<\/span><\/span><\/p>\n<p><img loading=\"lazy\" decoding=\"async\" class=\"wp-image-24545 size-full\" src=\"http:\/\/www.inces.gob.ve\/wp-content\/uploads\/2019\/02\/3-saberes-productivos.jpg\" alt=\"\" width=\"850\" height=\"638\" srcset=\"https:\/\/inces.gob.ve\/wp-content\/uploads\/2019\/02\/3-saberes-productivos.jpg 850w, https:\/\/inces.gob.ve\/wp-content\/uploads\/2019\/02\/3-saberes-productivos-300x225.jpg 300w, https:\/\/inces.gob.ve\/wp-content\/uploads\/2019\/02\/3-saberes-productivos-768x576.jpg 768w, https:\/\/inces.gob.ve\/wp-content\/uploads\/2019\/02\/3-saberes-productivos-136x102.jpg 136w\" sizes=\"auto, (max-width: 850px) 100vw, 850px\" \/><\/p>\n<p class=\"western\" align=\"justify\"><span style=\"font-family: Arial,sans-serif;\"><span style=\"font-size: medium;\">En la comunidad La Pica ubicada en Palo Negro, municipio Libertador, tambi\u00e9n del estado Aragua, actualmente con la participaci\u00f3n de m\u00e1s de 20 mujeres emprendedoras, se desarrolla el curso de Confecci\u00f3n de Patrones B\u00e1sicos, dictado por la MTP Judith Palacios. Las participantes manifestaron su satisfacci\u00f3n por las habilidades obtenidas, en funci\u00f3n de la remuneraci\u00f3n econ\u00f3mica alternativa que desde ya ir\u00e1n desarrollando en beneficio de sus familias y comunidad.<\/span><\/span><\/p>\n<p class=\"western\" align=\"justify\">\u201c<span style=\"font-family: Arial,sans-serif;\"><span style=\"font-size: medium;\">Desde el inicio de la formaci\u00f3n estas mujeres est\u00e1n muy motivadas con lo aprendido. De aqu\u00ed en adelante lo que viene es emprendimiento y desarrollo comunal, porque la intenci\u00f3n es acceder a los cr\u00e9ditos que, a trav\u00e9s de Unamujer, el Consejo Comunal gestionar\u00e1 para la consolidaci\u00f3n de unidades de producci\u00f3n social o familiar\u201d. As\u00ed lo manifest\u00f3 Judith Palacios, MTP, al respecto de la formaci\u00f3n impartida.<\/span><\/span><\/p>\n<p><img loading=\"lazy\" decoding=\"async\" class=\"wp-image-24546 size-full\" src=\"http:\/\/www.inces.gob.ve\/wp-content\/uploads\/2019\/02\/2-saberes-productivos.jpg\" alt=\"\" width=\"850\" height=\"844\" srcset=\"https:\/\/inces.gob.ve\/wp-content\/uploads\/2019\/02\/2-saberes-productivos.jpg 850w, https:\/\/inces.gob.ve\/wp-content\/uploads\/2019\/02\/2-saberes-productivos-150x150.jpg 150w, https:\/\/inces.gob.ve\/wp-content\/uploads\/2019\/02\/2-saberes-productivos-300x298.jpg 300w, https:\/\/inces.gob.ve\/wp-content\/uploads\/2019\/02\/2-saberes-productivos-768x763.jpg 768w\" sizes=\"auto, (max-width: 850px) 100vw, 850px\" \/><\/p>\n<p class=\"western\" align=\"justify\">\u201c<span style=\"font-family: Arial,sans-serif;\"><span style=\"font-size: medium;\">Debemos continuar despertando la creatividad en planes estrat\u00e9gicos alternativos de producci\u00f3n\u201d. As\u00ed lo dijo Nelson Moreno, maestro t\u00e9cnico productivo. Moreno explic\u00f3 que la principal motivaci\u00f3n de las y los participantes es la b\u00fasqueda e innovaci\u00f3n de nuevas formas de hacer las cosas. La autogesti\u00f3n y la utilizaci\u00f3n de medios alternativos es la primera tarea para el logro de los objetivos.<\/span><\/span><\/p>\n","protected":false},"excerpt":{"rendered":"<p>** Adultos mayores est\u00e1n inmersos en los procesos formativos Inces para un aprendizaje integral que les permita su inserci\u00f3n al nuevo modelo econ\u00f3mico productivo que impulsa la Revoluci\u00f3n<\/p>\n","protected":false},"author":15,"featured_media":24547,"comment_status":"closed","ping_status":"closed","sticky":false,"template":"","format":"standard","meta":{"footnotes":""},"categories":[2],"tags":[],"class_list":["post-24544","post","type-post","status-publish","format-standard","has-post-thumbnail","hentry","category-blog"],"_links":{"self":[{"href":"https:\/\/inces.gob.ve\/index.php\/wp-json\/wp\/v2\/posts\/24544","targetHints":{"allow":["GET"]}}],"collection":[{"href":"https:\/\/inces.gob.ve\/index.php\/wp-json\/wp\/v2\/posts"}],"about":[{"href":"https:\/\/inces.gob.ve\/index.php\/wp-json\/wp\/v2\/types\/post"}],"author":[{"embeddable":true,"href":"https:\/\/inces.gob.ve\/index.php\/wp-json\/wp\/v2\/users\/15"}],"replies":[{"embeddable":true,"href":"https:\/\/inces.gob.ve\/index.php\/wp-json\/wp\/v2\/comments?post=24544"}],"version-history":[{"count":2,"href":"https:\/\/inces.gob.ve\/index.php\/wp-json\/wp\/v2\/posts\/24544\/revisions"}],"predecessor-version":[{"id":24549,"href":"https:\/\/inces.gob.ve\/index.php\/wp-json\/wp\/v2\/posts\/24544\/revisions\/24549"}],"wp:featuredmedia":[{"embeddable":true,"href":"https:\/\/inces.gob.ve\/index.php\/wp-json\/wp\/v2\/media\/24547"}],"wp:attachment":[{"href":"https:\/\/inces.gob.ve\/index.php\/wp-json\/wp\/v2\/media?parent=24544"}],"wp:term":[{"taxonomy":"category","embeddable":true,"href":"https:\/\/inces.gob.ve\/index.php\/wp-json\/wp\/v2\/categories?post=24544"},{"taxonomy":"post_tag","embeddable":true,"href":"https:\/\/inces.gob.ve\/index.php\/wp-json\/wp\/v2\/tags?post=24544"}],"curies":[{"name":"wp","href":"https:\/\/api.w.org\/{rel}","templated":true}]}}