{"id":24562,"date":"2019-02-13T07:55:56","date_gmt":"2019-02-13T13:55:56","guid":{"rendered":"http:\/\/www.inces.gob.ve\/?p=24562"},"modified":"2020-05-28T20:29:36","modified_gmt":"2020-05-29T00:29:36","slug":"motor-turismo-del-inces-tachira-inicia-las-formaciones-2019","status":"publish","type":"post","link":"https:\/\/inces.gob.ve\/index.php\/2019\/02\/13\/motor-turismo-del-inces-tachira-inicia-las-formaciones-2019\/","title":{"rendered":"Motor turismo del Inces T\u00e1chira inicia las formaciones 2019"},"content":{"rendered":"<p class=\"western\" align=\"justify\"><span style=\"font-family: Arial,sans-serif;\"><i><b>** Atendiendo los municipios del estado <\/b><\/i><\/span><\/p>\n<p class=\"western\" align=\"justify\"><!--more--><\/p>\n<p class=\"western\" align=\"justify\"><span style=\"font-family: Arial,sans-serif;\"><b>INCES | T\u00e1chira<\/b><\/span><\/p>\n<p class=\"western\" align=\"justify\"><span style=\"font-family: Arial,sans-serif;\">El centro de formaci\u00f3n socialista (CFS) Negro Primero, bajo la coordinaci\u00f3n de Tatiana Monsalve, da inicio a las formaciones productivas del a\u00f1o 2019, con ocho (8) cursos, en diferentes municipios del estado, articulando con instituciones educativas, entidades de trabajos, alcald\u00edas, entre otros entes gubernamentales.<\/span><\/p>\n<p class=\"western\" align=\"justify\"><span style=\"font-family: Arial,sans-serif;\">Monsalve manifest\u00f3 que cumpliendo con los lineamientos emanados por el presidente del Inces, Wuikelman Angel Paredes, el CFS ha venido articulando con las diferentes entidades de trabajo, lo cual permite la formaci\u00f3n y capacitaci\u00f3n de los trabajadores de las empresas p\u00fablicas y privadas, forjando conocimientos en diversas \u00e1reas socio-productivas que contribuyan al crecimiento del pa\u00eds.<\/span><\/p>\n<p class=\"western\" align=\"justify\"><span style=\"font-family: Arial,sans-serif;\"><img loading=\"lazy\" decoding=\"async\" class=\"aligncenter wp-image-24563 size-full\" src=\"http:\/\/www.inces.gob.ve\/wp-content\/uploads\/2019\/02\/4Motor-turismo-del-Inces.jpeg\" alt=\"\" width=\"800\" height=\"769\" srcset=\"https:\/\/inces.gob.ve\/wp-content\/uploads\/2019\/02\/4Motor-turismo-del-Inces.jpeg 800w, https:\/\/inces.gob.ve\/wp-content\/uploads\/2019\/02\/4Motor-turismo-del-Inces-300x288.jpeg 300w, https:\/\/inces.gob.ve\/wp-content\/uploads\/2019\/02\/4Motor-turismo-del-Inces-768x738.jpeg 768w\" sizes=\"auto, (max-width: 800px) 100vw, 800px\" \/><\/span><\/p>\n<p class=\"western\" align=\"justify\"><span style=\"font-family: Arial,sans-serif;\">De igual manera, la coordinadora recalc\u00f3 el inicio de las formaciones en los municipios Michelena, Garc\u00eda de Hevia, Independencia, Gu\u00e1simos y C\u00e1rdenas, en el cual se trabaja con consejos comunales, bases de misiones, UBCH, planteles educativos y comunidades organizadas; con las formaciones en: panificaci\u00f3n dom\u00e9stica, banquetes, confecci\u00f3n de lencer\u00eda, entre otros oficios.<\/span><\/p>\n<p class=\"western\" align=\"justify\"><span style=\"font-family: Arial,sans-serif;\">Asimismo, expres\u00f3 que las formaciones que se abrieron est\u00e1n dirigidas a que todos los participantes ejecuten proyectos productivos y conformen empresas de producci\u00f3n social y producci\u00f3n familiar, en el que se busque la autosustentabilidad de la juventud tachirense.<\/span><\/p>\n<p class=\"western\" align=\"justify\"><img loading=\"lazy\" decoding=\"async\" class=\"aligncenter wp-image-24564 size-full\" src=\"http:\/\/www.inces.gob.ve\/wp-content\/uploads\/2019\/02\/2Motor-turismo-del-Inces.jpeg\" alt=\"\" width=\"800\" height=\"858\" srcset=\"https:\/\/inces.gob.ve\/wp-content\/uploads\/2019\/02\/2Motor-turismo-del-Inces.jpeg 800w, https:\/\/inces.gob.ve\/wp-content\/uploads\/2019\/02\/2Motor-turismo-del-Inces-280x300.jpeg 280w, https:\/\/inces.gob.ve\/wp-content\/uploads\/2019\/02\/2Motor-turismo-del-Inces-768x824.jpeg 768w, https:\/\/inces.gob.ve\/wp-content\/uploads\/2019\/02\/2Motor-turismo-del-Inces-716x768.jpeg 716w\" sizes=\"auto, (max-width: 800px) 100vw, 800px\" \/><\/p>\n<p class=\"western\" align=\"justify\"><span style=\"font-family: Arial,sans-serif;\">Tatiana Monsalve extiende la invitaci\u00f3n a todo la colectividad tachirense a incorporarse a los siete (7) centros de formaci\u00f3n socialista del Inces, en donde gustosamente ser\u00e1n atendidos para la formaci\u00f3n, certificaci\u00f3n y acreditaci\u00f3n de los conocimientos del pueblo venezolano. <\/span><\/p>\n<p class=\"western\" align=\"justify\"><span style=\"font-family: Arial,sans-serif;\">LT.<\/span><\/p>\n","protected":false},"excerpt":{"rendered":"<p>** Atendiendo los municipios del estado<\/p>\n","protected":false},"author":15,"featured_media":24567,"comment_status":"closed","ping_status":"closed","sticky":false,"template":"","format":"standard","meta":{"footnotes":""},"categories":[2],"tags":[],"class_list":["post-24562","post","type-post","status-publish","format-standard","has-post-thumbnail","hentry","category-blog"],"_links":{"self":[{"href":"https:\/\/inces.gob.ve\/index.php\/wp-json\/wp\/v2\/posts\/24562","targetHints":{"allow":["GET"]}}],"collection":[{"href":"https:\/\/inces.gob.ve\/index.php\/wp-json\/wp\/v2\/posts"}],"about":[{"href":"https:\/\/inces.gob.ve\/index.php\/wp-json\/wp\/v2\/types\/post"}],"author":[{"embeddable":true,"href":"https:\/\/inces.gob.ve\/index.php\/wp-json\/wp\/v2\/users\/15"}],"replies":[{"embeddable":true,"href":"https:\/\/inces.gob.ve\/index.php\/wp-json\/wp\/v2\/comments?post=24562"}],"version-history":[{"count":2,"href":"https:\/\/inces.gob.ve\/index.php\/wp-json\/wp\/v2\/posts\/24562\/revisions"}],"predecessor-version":[{"id":24568,"href":"https:\/\/inces.gob.ve\/index.php\/wp-json\/wp\/v2\/posts\/24562\/revisions\/24568"}],"wp:featuredmedia":[{"embeddable":true,"href":"https:\/\/inces.gob.ve\/index.php\/wp-json\/wp\/v2\/media\/24567"}],"wp:attachment":[{"href":"https:\/\/inces.gob.ve\/index.php\/wp-json\/wp\/v2\/media?parent=24562"}],"wp:term":[{"taxonomy":"category","embeddable":true,"href":"https:\/\/inces.gob.ve\/index.php\/wp-json\/wp\/v2\/categories?post=24562"},{"taxonomy":"post_tag","embeddable":true,"href":"https:\/\/inces.gob.ve\/index.php\/wp-json\/wp\/v2\/tags?post=24562"}],"curies":[{"name":"wp","href":"https:\/\/api.w.org\/{rel}","templated":true}]}}